{"id":6214,"date":"2020-11-04T18:26:39","date_gmt":"2020-11-04T15:26:39","guid":{"rendered":"http:\/\/mersinekonomipolitikagazetesi.com\/?p=6214"},"modified":"2020-11-04T18:26:39","modified_gmt":"2020-11-04T15:26:39","slug":"yasli-nufus-son-bes-yilda-yuzde-219-artti-mersin-de-yaslaniyor","status":"publish","type":"post","link":"https:\/\/mersinekonomipolitikagazetesi.com\/?p=6214","title":{"rendered":"Ya\u015fl\u0131 n\u00fcfus son be\u015f y\u0131lda y\u00fczde 21,9 artt\u0131!  MERS\u0130N DE YA\u015eLANIYOR"},"content":{"rendered":"<div><span style=\"font-size: 12px;\">T\u00dc\u0130K\u00a0 taraf\u0131ndan, &#8216;\u0130statistiklerle Ya\u015fl\u0131lar&#8217; 2019 b\u00fclteni de\u011ferlendirildi. Ya\u015fl\u0131 n\u00fcfus olarak kabul edilen 65 ve daha yukar\u0131 ya\u015ftaki n\u00fcfusun, 2014 y\u0131l\u0131nda 6 milyon 192 bin 962 ki\u015fi iken, son be\u015f y\u0131lda y\u00fczde 21,9 artarak 2019 y\u0131l\u0131nda 7 milyon 550 bin 727 ki\u015fi oldu\u011fu bildirildi. Mersin ise ya\u015fl\u0131 n\u00fcfus oran\u0131nda y\u00fczde 9,3 ile 51. s\u0131rada yer ald\u0131.<\/span><\/div>\n<div><span style=\"font-size: 12px;\">Ya\u015fl\u0131 n\u00fcfusun toplam n\u00fcfus i\u00e7indeki oran\u0131 ise 2014 y\u0131l\u0131nda y\u00fczde 8 iken, 2019 y\u0131l\u0131nda y\u00fczde 9,1&#8217;e y\u00fckseldi\u011fi, ya\u015fl\u0131 n\u00fcfusun 2019 y\u0131l\u0131nda y\u00fczde 44,2&#8217;sini erkek n\u00fcfusun, y\u00fczde 55,8&#8217;ini kad\u0131n n\u00fcfusun olu\u015fturdu\u011fu belirtildi. N\u00fcfus projeksiyonlar\u0131na g\u00f6re ya\u015fl\u0131 n\u00fcfus oran\u0131n\u0131n 2023 y\u0131l\u0131nda y\u00fczde 10,2, 2030 y\u0131l\u0131nda y\u00fczde 12,9, 2040 y\u0131l\u0131nda y\u00fczde 16,3, 2060 y\u0131l\u0131nda y\u00fczde 22,6 ve 2080 y\u0131l\u0131nda y\u00fczde 25,6 olaca\u011f\u0131 \u00f6ng\u00f6r\u00fcl\u00fcyor.<\/span><\/div>\n<div>\u00a0<\/div>\n<div><span style=\"font-size: 12px;\">T\u00fcrkiye n\u00fcfusunun ya\u015f yap\u0131s\u0131 de\u011fi\u015fti<\/span><\/div>\n<div>\u00a0<\/div>\n<div><span style=\"font-size: 12px;\">Ya\u015fl\u0131 n\u00fcfusun toplam n\u00fcfus i\u00e7indeki oran\u0131n\u0131n y\u00fczde 10&#8217;u ge\u00e7mesi n\u00fcfusun ya\u015flanmas\u0131n\u0131n bir g\u00f6stergesidir. T\u00fcrkiye&#8217;de ya\u015fl\u0131 n\u00fcfus, di\u011fer ya\u015f gruplar\u0131ndaki n\u00fcfusa g\u00f6re daha y\u00fcksek bir h\u0131z ile art\u0131\u015f g\u00f6sterdi\u011fi belirtildi.<\/span><\/div>\n<div><span style=\"font-size: 12px;\">K\u00fcresel ya\u015flanma s\u00fcreci olarak adland\u0131r\u0131lan &#8220;demografik d\u00f6n\u00fc\u015f\u00fcm&#8221; s\u00fcrecinde olan T\u00fcrkiye&#8217;de, do\u011furganl\u0131k ve \u00f6l\u00fcml\u00fcl\u00fck h\u0131zlar\u0131ndaki azalma ile birlikte sa\u011fl\u0131k alan\u0131nda kaydedilen geli\u015fmeler, ya\u015fam standard\u0131n\u0131n, refah d\u00fczeyinin ve do\u011fu\u015fta beklenen ya\u015fam s\u00fcresinin artmas\u0131 ile n\u00fcfusun ya\u015f yap\u0131s\u0131n\u0131n \u015fekil de\u011fi\u015ftirdi\u011fi bildirildi. \u00c7ocuk ve gen\u00e7lerin n\u00fcfus i\u00e7indeki oran\u0131 azal\u0131rken ya\u015fl\u0131lar\u0131n toplam n\u00fcfus i\u00e7indeki oran\u0131n\u0131n art\u0131\u015f g\u00f6sterdi\u011fi belirtildi. T\u00fcrkiye, oransal olarak ya\u015fl\u0131 n\u00fcfus yap\u0131s\u0131na sahip \u00fclkelere g\u00f6re hala gen\u00e7 bir n\u00fcfus yap\u0131s\u0131na sahip olsa da, ya\u015fl\u0131 n\u00fcfusun say\u0131sal olarak olduk\u00e7a fazla oldu\u011fu bildirildi.<\/span><\/div>\n<div>\u00a0<\/div>\n<div><span style=\"font-size: 12px;\">T\u00fcrkiye n\u00fcfusunun ortanca ya\u015f\u0131 y\u00fckseldi<\/span><\/div>\n<div>\u00a0<\/div>\n<div><span style=\"font-size: 12px;\">Ortanca ya\u015f, yeni do\u011fan bebekten en ya\u015fl\u0131ya kadar n\u00fcfusu olu\u015fturan ki\u015filerin ya\u015flar\u0131 k\u00fc\u00e7\u00fckten b\u00fcy\u00fc\u011fe do\u011fru s\u0131raland\u0131\u011f\u0131nda ortada kalan ki\u015finin ya\u015f\u0131d\u0131r. N\u00fcfusun ya\u015flanmas\u0131 ile ilgili bilgi veren g\u00f6stergelerden biri olan ortanca ya\u015f, 2014 y\u0131l\u0131nda 30,7 iken 2019 y\u0131l\u0131nda 32,4 oldu. Ortanca ya\u015f 2019 y\u0131l\u0131nda erkeklerde 31,7, kad\u0131nlarda 33,1 olarak ger\u00e7ekle\u015fti\u011fi ifade edildi.<\/span><\/div>\n<div><span style=\"font-size: 12px;\">N\u00fcfus projeksiyonlar\u0131na g\u00f6re, ortanca ya\u015f\u0131n 2023 y\u0131l\u0131nda 33,5, 2030 y\u0131l\u0131nda 35,6, 2040 y\u0131l\u0131nda 38,5, 2060 y\u0131l\u0131nda 42,3 ve 2080 y\u0131l\u0131nda 45,0 olaca\u011f\u0131 \u00f6ng\u00f6r\u00fcld\u00fc.<\/span><\/div>\n<div><span style=\"font-size: 12px;\">N\u00fcfus tahminlerine g\u00f6re 2019 y\u0131l\u0131 i\u00e7in d\u00fcnya n\u00fcfusunun 7 milyar 604 milyon 656 bin 633 ki\u015fi, ya\u015fl\u0131 n\u00fcfusun ise 703 milyon 711 bin 487 ki\u015fi oldu\u011fu tahmin edildi. Bu tahminlere g\u00f6re d\u00fcnya n\u00fcfusunun y\u00fczde 9,3&#8217;\u00fcn\u00fc ya\u015fl\u0131 n\u00fcfusun olu\u015fturdu\u011fu bildirildi. En y\u00fcksek ya\u015fl\u0131 n\u00fcfus oran\u0131na sahip ilk \u00fc\u00e7 \u00fclke s\u0131ras\u0131yla y\u00fczde 34,1 ile Monako, y\u00fczde 28,8 ile Japonya ve y\u00fczde 22,7 ile Almanya oldu\u011fu T\u00fcrkiye, 167 \u00fclke aras\u0131nda 66. s\u0131rada yer ald\u0131\u011f\u0131 belirtildi.<\/span><\/div>\n<div>\u00a0<\/div>\n<div><span style=\"font-size: 12px;\">Ya\u015fl\u0131 n\u00fcfus oran\u0131n\u0131n en y\u00fcksek oldu\u011fu il Sinop oldu<\/span><\/div>\n<div>\u00a0<\/div>\n<div><span style=\"font-size: 12px;\">Ya\u015fl\u0131 n\u00fcfus oran\u0131n\u0131n en y\u00fcksek oldu\u011fu ilin, 2019 y\u0131l\u0131nda y\u00fczde 18,8 ile Sinop oldu\u011fu, bu ili y\u00fczde 17,7 ile Kastamonu&#8217;nun, y\u00fczde 16,2 ile Artvin ve \u00c7ank\u0131r\u0131&#8217;n\u0131n izledi\u011fi belirtildi. Ya\u015fl\u0131 n\u00fcfus oran\u0131n\u0131n en d\u00fc\u015f\u00fck oldu\u011fu illerin ise y\u00fczde 3,3 ile \u015e\u0131rnak&#8217;\u0131n oldu\u011fu, bu illeri y\u00fczde 3,4 ile Hakkari, y\u00fczde 3,9 ile \u015eanl\u0131urfa&#8217;n\u0131n izledi\u011fi bildirildi.<\/span><\/div>\n<div><span style=\"font-size: 12px;\">Ya\u015fl\u0131 n\u00fcfus oran\u0131n\u0131n 2019 y\u0131l\u0131nda Adana&#8217;da y\u00fczde 8,3 ile 60. s\u0131rada, Mersin&#8217;in ise y\u00fczde 9,3 ile 51. s\u0131rada yer ald\u0131\u011f\u0131 belirtildi.<\/span><\/div>\n<div>\u00a0<\/div>\n<div><span style=\"font-size: 12px;\">Ya\u015fl\u0131 n\u00fcfusun i\u015fg\u00fcc\u00fcne kat\u0131lma oran\u0131 y\u00fczde 12,5 oldu<\/span><\/div>\n<div>\u00a0<\/div>\n<div><span style=\"font-size: 12px;\">Hanehalk\u0131 i\u015fg\u00fcc\u00fc ara\u015ft\u0131rmas\u0131 sonu\u00e7lar\u0131na g\u00f6re, i\u015fg\u00fcc\u00fcne kat\u0131lma oran\u0131n\u0131n 2014 y\u0131l\u0131nda 15 ve daha yukar\u0131 ya\u015ftaki n\u00fcfus i\u00e7in y\u00fczde 50,5 iken 2018 y\u0131l\u0131nda y\u00fczde 53,2&#8217;ye y\u00fckseldi\u011fi; bu oran ya\u015fl\u0131 n\u00fcfus i\u00e7in 2014 y\u0131l\u0131nda y\u00fczde 11,5 iken 2018 y\u0131l\u0131nda y\u00fczde 12,5 oldu\u011fu bildirildi. \u0130\u015fg\u00fcc\u00fcne kat\u0131lma oran\u0131 cinsiyete g\u00f6re incelendi\u011finde, ya\u015fl\u0131 erkek n\u00fcfusta 2018 y\u0131l\u0131nda y\u00fczde 20,9 iken ya\u015fl\u0131 kad\u0131n n\u00fcfusta y\u00fczde 5,9 oldu\u011fu, ya\u015fl\u0131 n\u00fcfustaki i\u015fsizlik oran\u0131n\u0131n 2014 y\u0131l\u0131nda y\u00fczde 2,1 iken 2018 y\u0131l\u0131nda y\u00fczde 2,7 oldu\u011fu belirtildi.<\/span><\/div>\n<div><span style=\"font-size: 12px;\">Hane halk\u0131 i\u015fg\u00fcc\u00fc ara\u015ft\u0131rmas\u0131 sonu\u00e7lar\u0131na g\u00f6re, istihdam edilen ya\u015fl\u0131 n\u00fcfusun sekt\u00f6rel da\u011f\u0131l\u0131m\u0131 incelendi\u011finde, 2018 y\u0131l\u0131nda ya\u015fl\u0131 n\u00fcfusun y\u00fczde 65,5&#8217;inin tar\u0131m, y\u00fczde 27,3&#8217;\u00fcn\u00fcn hizmetler, y\u00fczde 4,7&#8217;sinin sanayi,y\u00fczde 2,5&#8217;inin ise in\u015faat sekt\u00f6r\u00fcnde yer ald\u0131\u011f\u0131 bildirildi.<\/span><\/div>\n<div><span style=\"font-size: 12px;\">Ya\u015fl\u0131lar en fazla dola\u015f\u0131m sistemi hastal\u0131klar\u0131ndan hayat\u0131n\u0131 kaybetti.<\/span><\/div>\n<div><span style=\"font-size: 12px;\">\u00d6l\u00fcm nedeni istatistiklerine g\u00f6re, 2018 y\u0131l\u0131nda \u00f6len ya\u015fl\u0131lar\u0131n y\u00fczde 43,8&#8217;inin dola\u015f\u0131m sistemi hastal\u0131klar\u0131 nedeniyle hayat\u0131n\u0131 kaybetti\u011fi, bu hastal\u0131\u011f\u0131 ikinci s\u0131rada y\u00fczde 16,5 ile iyi huylu ve k\u00f6t\u00fc huylu t\u00fcm\u00f6rler, \u00fc\u00e7\u00fcnc\u00fc s\u0131rada ise y\u00fczde 14,8 ile solunum sistemi hastal\u0131klar\u0131n\u0131n takip etti\u011fi belirtildi.<\/span><\/div>\n<div><span style=\"font-size: 12px;\">\u00d6l\u00fcm nedenleri cinsiyete g\u00f6re incelendi\u011finde, cinsiyetler aras\u0131 en \u00f6nemli fark\u0131n iyi huylu ve k\u00f6t\u00fc huylu t\u00fcm\u00f6rlerde oldu\u011fu g\u00f6r\u00fcld\u00fc. \u0130yi ve k\u00f6t\u00fc huylu t\u00fcm\u00f6rler nedeniyle hayat\u0131n\u0131 kaybeden ya\u015fl\u0131 erkeklerin oran\u0131 ya\u015fl\u0131 kad\u0131nlar\u0131n oran\u0131n\u0131n yakla\u015f\u0131k iki kat\u0131 oldu\u011fu, iyi ve k\u00f6t\u00fc huylu t\u00fcm\u00f6rler nedeniyle hayat\u0131n\u0131 kaybeden ya\u015fl\u0131 erkeklerin oran\u0131 y\u00fczde 21,3 iken ya\u015fl\u0131 kad\u0131nlar\u0131n oran\u0131n\u0131n y\u00fczde 11,6 oldu\u011fu bildirildi.<\/span><\/div>\n<div>\u00a0<\/div>\n<div><span style=\"font-size: 12px;\">\u0130nternet kullanan ya\u015fl\u0131 bireylerin oran\u0131 4 kat artt\u0131<\/span><\/div>\n<div>\u00a0<\/div>\n<div><span style=\"font-size: 12px;\">Hanehalk\u0131 bili\u015fim teknolojileri kullan\u0131m ara\u015ft\u0131rmas\u0131 sonu\u00e7lar\u0131na g\u00f6re, \u0130nternet kullanan 65-74 ya\u015f grubundaki ya\u015fl\u0131 bireylerin oran\u0131 2014 y\u0131l\u0131nda y\u00fczde 5,0 iken bu oran\u0131n 2019 y\u0131l\u0131nda y\u00fczde 19,8&#8217;e y\u00fckseldi\u011fi belirtildi. \u0130nternet kullanan ya\u015fl\u0131 bireyler cinsiyete g\u00f6re incelendi\u011finde, erkeklerin kad\u0131nlardan daha fazla \u0130nternet kulland\u0131\u011f\u0131, internet kullanan ya\u015fl\u0131 erkeklerin oran\u0131n\u0131n 2019 y\u0131l\u0131nda y\u00fczde 25,3 iken ya\u015fl\u0131 kad\u0131nlar\u0131n oran\u0131n\u0131n y\u00fczde 15,0 oldu\u011fu bildirildi.<\/span><\/div>\n","protected":false},"excerpt":{"rendered":"<p>T\u00dc\u0130K\u00a0 taraf\u0131ndan, &#8216;\u0130statistiklerle Ya\u015fl\u0131lar&#8217; 2019 b\u00fclteni de\u011ferlendirildi. Ya\u015fl\u0131 n\u00fcfus olarak kabul edilen 65 ve daha yukar\u0131 ya\u015ftaki n\u00fcfusun, 2014 y\u0131l\u0131nda 6 milyon 192 bin 962 ki\u015fi iken, son be\u015f y\u0131lda &hellip; <a href=\"https:\/\/mersinekonomipolitikagazetesi.com\/?p=6214\" class=\"more-link\">Devam\u0131n\u0131 Oku&#8230;<\/a><\/p>\n","protected":false},"author":1,"featured_media":0,"comment_status":"open","ping_status":"open","sticky":false,"template":"","format":"standard","meta":[],"categories":[],"tags":[],"_links":{"self":[{"href":"https:\/\/mersinekonomipolitikagazetesi.com\/index.php?rest_route=\/wp\/v2\/posts\/6214"}],"collection":[{"href":"https:\/\/mersinekonomipolitikagazetesi.com\/index.php?rest_route=\/wp\/v2\/posts"}],"about":[{"href":"https:\/\/mersinekonomipolitikagazetesi.com\/index.php?rest_route=\/wp\/v2\/types\/post"}],"author":[{"embeddable":true,"href":"https:\/\/mersinekonomipolitikagazetesi.com\/index.php?rest_route=\/wp\/v2\/users\/1"}],"replies":[{"embeddable":true,"href":"https:\/\/mersinekonomipolitikagazetesi.com\/index.php?rest_route=%2Fwp%2Fv2%2Fcomments&post=6214"}],"version-history":[{"count":0,"href":"https:\/\/mersinekonomipolitikagazetesi.com\/index.php?rest_route=\/wp\/v2\/posts\/6214\/revisions"}],"wp:attachment":[{"href":"https:\/\/mersinekonomipolitikagazetesi.com\/index.php?rest_route=%2Fwp%2Fv2%2Fmedia&parent=6214"}],"wp:term":[{"taxonomy":"category","embeddable":true,"href":"https:\/\/mersinekonomipolitikagazetesi.com\/index.php?rest_route=%2Fwp%2Fv2%2Fcategories&post=6214"},{"taxonomy":"post_tag","embeddable":true,"href":"https:\/\/mersinekonomipolitikagazetesi.com\/index.php?rest_route=%2Fwp%2Fv2%2Ftags&post=6214"}],"curies":[{"name":"wp","href":"https:\/\/api.w.org\/{rel}","templated":true}]}}