{"id":6217,"date":"2020-11-04T18:26:39","date_gmt":"2020-11-04T15:26:39","guid":{"rendered":"http:\/\/mersinekonomipolitikagazetesi.com\/?p=6217"},"modified":"2020-11-04T18:26:39","modified_gmt":"2020-11-04T15:26:39","slug":"huzurevleri-de-korona-viruse-karsi-dezenfekte-ediliyor","status":"publish","type":"post","link":"https:\/\/mersinekonomipolitikagazetesi.com\/?p=6217","title":{"rendered":"Huzurevleri de korona vir\u00fcse kar\u015f\u0131 dezenfekte ediliyor"},"content":{"rendered":"<div><span style=\"font-size: 12px;\">\u00a0Mersin B\u00fcy\u00fck\u015fehir Belediyesi, Korona vir\u00fcse (COVID-19) kar\u015f\u0131 ba\u015flatt\u0131\u011f\u0131 dezenfekte i\u015flemleri kapsam\u0131nda, vir\u00fcse kar\u015f\u0131 risk grubunda bulunan ya\u015fl\u0131lar\u0131n misafir edildi\u011fi huzurevlerini de periyodik olarak dezenfekte etmeye ba\u015flad\u0131.\u00a0<\/span><\/div>\n<div><span style=\"font-size: 12px;\">\u00a0 Mersin B\u00fcy\u00fck\u015fehir Belediyesinden yap\u0131lan a\u00e7\u0131klamaya g\u00f6re, korona vir\u00fcse kar\u015f\u0131 halk sa\u011fl\u0131\u011f\u0131n\u0131 korumak ad\u0131na ba\u015flat\u0131lan dezenfeksiyon i\u015flemleri devam ediyor. T\u00fcrkiye\u2019de korona vir\u00fcs\u00fcn pozitif \u00e7\u0131kt\u0131\u011f\u0131 vakalar\u0131n g\u00f6r\u00fclmesiyle birlikte toplu olarak kullan\u0131lan yerler, B\u00fcy\u00fck\u015fehir ekipleri taraf\u0131ndan s\u0131k\u0131 dezenfeksiyon \u00e7al\u0131\u015fmalar\u0131yla hem sterilize ediliyor hem de denetleniyor.\u00a0<\/span><\/div>\n<div><span style=\"font-size: 12px;\">\u00a0 Dezenfekte \u00e7al\u0131\u015fmalar\u0131na periyodik olarak devam eden B\u00fcy\u00fck\u015fehir Belediyesi Mezarl\u0131k Dairesi Ba\u015fkanl\u0131\u011f\u0131 ekipleri, vir\u00fcse kar\u015f\u0131 risk grubunda bulunan ya\u015fl\u0131lar\u0131n misafir edildi\u011fi huzurevlerini sterilizasyon \u00e7al\u0131\u015fmalar\u0131 kapsam\u0131nda dezenfekte ediyor. Huzurevi sakinlerinin temas etti\u011fi her noktay\u0131 titizlikle temizleyen ekipler, \u00e7al\u0131\u015fmalar\u0131na rutin olarak devam ediyor.\u00a0<\/span><\/div>\n<div><span style=\"font-size: 12px;\">\u00a0 \u00d6te yandan, toplu ta\u015f\u0131ma ara\u00e7lar\u0131, ibadethane, okul, muhtarl\u0131k, huzurevi, dernek gibi \u00e7ok say\u0131da yurtta\u015f\u0131n bulundu\u011fu mekanlar, ekipler taraf\u0131ndan s\u0131k\u0131 dezenfeksiyon \u00e7al\u0131\u015fmalar\u0131yla sterilize edilirken, il\u00e7elerden gelen dezenfeksiyon talepleri de h\u0131zla kar\u015f\u0131lan\u0131yor. \u00dc\u00e7er ki\u015fiden olu\u015fan iki ekibin biri Akdeniz ve Toroslar, di\u011feri Yeni\u015fehir ve Mezitli b\u00f6lgesinden gelen talepleri yerine getiriyor.\u00a0<\/span><\/div>\n","protected":false},"excerpt":{"rendered":"<p>\u00a0Mersin B\u00fcy\u00fck\u015fehir Belediyesi, Korona vir\u00fcse (COVID-19) kar\u015f\u0131 ba\u015flatt\u0131\u011f\u0131 dezenfekte i\u015flemleri kapsam\u0131nda, vir\u00fcse kar\u015f\u0131 risk grubunda bulunan ya\u015fl\u0131lar\u0131n misafir edildi\u011fi huzurevlerini de periyodik olarak dezenfekte etmeye ba\u015flad\u0131.\u00a0 \u00a0 Mersin B\u00fcy\u00fck\u015fehir Belediyesinden &hellip; <a href=\"https:\/\/mersinekonomipolitikagazetesi.com\/?p=6217\" class=\"more-link\">Devam\u0131n\u0131 Oku&#8230;<\/a><\/p>\n","protected":false},"author":1,"featured_media":0,"comment_status":"open","ping_status":"open","sticky":false,"template":"","format":"standard","meta":[],"categories":[],"tags":[],"_links":{"self":[{"href":"https:\/\/mersinekonomipolitikagazetesi.com\/index.php?rest_route=\/wp\/v2\/posts\/6217"}],"collection":[{"href":"https:\/\/mersinekonomipolitikagazetesi.com\/index.php?rest_route=\/wp\/v2\/posts"}],"about":[{"href":"https:\/\/mersinekonomipolitikagazetesi.com\/index.php?rest_route=\/wp\/v2\/types\/post"}],"author":[{"embeddable":true,"href":"https:\/\/mersinekonomipolitikagazetesi.com\/index.php?rest_route=\/wp\/v2\/users\/1"}],"replies":[{"embeddable":true,"href":"https:\/\/mersinekonomipolitikagazetesi.com\/index.php?rest_route=%2Fwp%2Fv2%2Fcomments&post=6217"}],"version-history":[{"count":0,"href":"https:\/\/mersinekonomipolitikagazetesi.com\/index.php?rest_route=\/wp\/v2\/posts\/6217\/revisions"}],"wp:attachment":[{"href":"https:\/\/mersinekonomipolitikagazetesi.com\/index.php?rest_route=%2Fwp%2Fv2%2Fmedia&parent=6217"}],"wp:term":[{"taxonomy":"category","embeddable":true,"href":"https:\/\/mersinekonomipolitikagazetesi.com\/index.php?rest_route=%2Fwp%2Fv2%2Fcategories&post=6217"},{"taxonomy":"post_tag","embeddable":true,"href":"https:\/\/mersinekonomipolitikagazetesi.com\/index.php?rest_route=%2Fwp%2Fv2%2Ftags&post=6217"}],"curies":[{"name":"wp","href":"https:\/\/api.w.org\/{rel}","templated":true}]}}