{"id":6218,"date":"2020-11-04T18:26:39","date_gmt":"2020-11-04T15:26:39","guid":{"rendered":"http:\/\/mersinekonomipolitikagazetesi.com\/?p=6218"},"modified":"2020-11-04T18:26:39","modified_gmt":"2020-11-04T15:26:39","slug":"buyuksehir-belediyesi-haberlesme-hatti-olusturdu","status":"publish","type":"post","link":"https:\/\/mersinekonomipolitikagazetesi.com\/?p=6218","title":{"rendered":"B\u00fcy\u00fck\u015fehir Belediyesi haberle\u015fme hatt\u0131 olu\u015fturdu"},"content":{"rendered":"<div><span style=\"font-size: 12px;\">Mersin B\u00fcy\u00fck\u015fehir Belediyesi Engelliler ve Sa\u011fl\u0131k Hizmetleri Dairesi Ba\u015fkanl\u0131\u011f\u0131 taraf\u0131ndan il d\u00fczeyinde korona vir\u00fcsle topyekun m\u00fccadele etmek amac\u0131yla kurulan kriz merkezine vatanda\u015flar\u0131n da ula\u015fabilmeleri i\u00e7in haberle\u015fme hatt\u0131 olu\u015fturdu. Vatanda\u015flar, ne yapmalar\u0131 gerekti\u011fi konusundaki her t\u00fcr bilgiye 0 324 533 37 21 telefon numaras\u0131ndan ula\u015fabilecek.\u00a0<\/span><\/div>\n<div><span style=\"font-size: 12px;\">\u00a0 Kamu kurum ve kurulu\u015flar\u0131n\u0131n ila\u00e7lama talebinin yan\u0131 s\u0131ra Mersinli vatanda\u015flar da korona vir\u00fcsle m\u00fccadele edebilmek ad\u0131na ne yapmalar\u0131 gerekti\u011fi konusundaki her t\u00fcr bilgiye, B\u00fcy\u00fck\u015fehir Belediyesinin olu\u015fturdu\u011fu ileti\u015fim hatt\u0131ndan ula\u015fabilecek. Kriz merkezinin numaras\u0131 7\/24 hizmet verecek.\u00a0<\/span><\/div>\n<div><span style=\"font-size: 12px;\">\u00a0<\/span><\/div>\n<div><span style=\"font-size: 12px;\">\u00a0 \u0130l\u00e7e belediyeleriyle koordineli \u015fekilde korona vir\u00fcse kar\u015f\u0131 \u00e7al\u0131\u015fmalar y\u00fcr\u00fct\u00fcl\u00fcyor\u00a0<\/span><\/div>\n<div><span style=\"font-size: 12px;\">\u00a0 Kamu kurum ve kurulu\u015flar\u0131, Mersin B\u00fcy\u00fck\u015fehir Belediyesinin korona vir\u00fcsle m\u00fccadele etmek i\u00e7in kurdu\u011fu kriz merkezi ile haberle\u015febilmek, dezenfekte ve ila\u00e7lama taleplerini iletebilmek i\u00e7in s\u00f6z konusu numaray\u0131 arayabiliyor. T\u00fcm d\u00fcnyay\u0131 etkisi alt\u0131na alan ve \u00e7ok say\u0131da ki\u015finin \u00f6l\u00fcm\u00fcne neden olan korona vir\u00fcs salg\u0131n\u0131yla ilgili B\u00fcy\u00fck\u015fehir Belediyesi ve il\u00e7e belediyelerinin tamam\u0131, sorumluluk alanlar\u0131 i\u00e7inde yer alan b\u00f6lgelerde \u00f6nemli tedbirler alarak, dezenfekte \u00e7al\u0131\u015fmalar\u0131n\u0131 y\u00fcr\u00fct\u00fcyor.\u00a0<\/span><\/div>\n<div><span style=\"font-size: 12px;\">\u00a0 \u0130l\u00e7e belediyeleri ile birlikte \u00e7al\u0131\u015fmalar y\u00fcr\u00fcten B\u00fcy\u00fck\u015fehir Belediyesi Kriz Merkezi, her g\u00fcn\u00fcn sonunda il\u00e7e belediyeleri ile de haberle\u015fiyor. Hem il\u00e7e belediyeleri hem de B\u00fcy\u00fck\u015fehir Belediyesi kar\u015f\u0131l\u0131kl\u0131 olarak hangi \u00e7al\u0131\u015fmalar\u0131 yapt\u0131klar\u0131n\u0131 birbirlerine bildirirken, bu sayede talep gelen yerlere eri\u015fim konusunda aksakl\u0131k ya\u015fanmas\u0131n\u0131n \u00f6n\u00fcne ge\u00e7ilmi\u015f oluyor.\u00a0<\/span><\/div>\n<div><span style=\"font-size: 12px;\">\u00a0<\/span><\/div>\n<div><span style=\"font-size: 12px;\">\u00a0 Vatanda\u015flar da kriz merkezinden bilgi alabiliyor\u00a0<\/span><\/div>\n<div><span style=\"font-size: 12px;\">\u00a0 Bu numaradan ayr\u0131ca vatanda\u015flar da yararlanabiliyor. Vatanda\u015flar s\u00f6z konusu numaray\u0131 arad\u0131klar\u0131nda korona vir\u00fcs ile m\u00fccadele edebilmek ad\u0131na ne yapmalar\u0131 gerekti\u011fi konusundaki her t\u00fcr bilgiyi alabiliyor. Vatanda\u015flar, temizliklerini nas\u0131l yapmalar\u0131 gerekti\u011fi, evleri ve i\u015f yerlerini nas\u0131l havaland\u0131rmalar\u0131 gerekti\u011fi gibi konularda bilgilendiriliyor.\u00a0<\/span><\/div>\n","protected":false},"excerpt":{"rendered":"<p>Mersin B\u00fcy\u00fck\u015fehir Belediyesi Engelliler ve Sa\u011fl\u0131k Hizmetleri Dairesi Ba\u015fkanl\u0131\u011f\u0131 taraf\u0131ndan il d\u00fczeyinde korona vir\u00fcsle topyekun m\u00fccadele etmek amac\u0131yla kurulan kriz merkezine vatanda\u015flar\u0131n da ula\u015fabilmeleri i\u00e7in haberle\u015fme hatt\u0131 olu\u015fturdu. Vatanda\u015flar, ne &hellip; <a href=\"https:\/\/mersinekonomipolitikagazetesi.com\/?p=6218\" class=\"more-link\">Devam\u0131n\u0131 Oku&#8230;<\/a><\/p>\n","protected":false},"author":1,"featured_media":0,"comment_status":"open","ping_status":"open","sticky":false,"template":"","format":"standard","meta":[],"categories":[],"tags":[],"_links":{"self":[{"href":"https:\/\/mersinekonomipolitikagazetesi.com\/index.php?rest_route=\/wp\/v2\/posts\/6218"}],"collection":[{"href":"https:\/\/mersinekonomipolitikagazetesi.com\/index.php?rest_route=\/wp\/v2\/posts"}],"about":[{"href":"https:\/\/mersinekonomipolitikagazetesi.com\/index.php?rest_route=\/wp\/v2\/types\/post"}],"author":[{"embeddable":true,"href":"https:\/\/mersinekonomipolitikagazetesi.com\/index.php?rest_route=\/wp\/v2\/users\/1"}],"replies":[{"embeddable":true,"href":"https:\/\/mersinekonomipolitikagazetesi.com\/index.php?rest_route=%2Fwp%2Fv2%2Fcomments&post=6218"}],"version-history":[{"count":0,"href":"https:\/\/mersinekonomipolitikagazetesi.com\/index.php?rest_route=\/wp\/v2\/posts\/6218\/revisions"}],"wp:attachment":[{"href":"https:\/\/mersinekonomipolitikagazetesi.com\/index.php?rest_route=%2Fwp%2Fv2%2Fmedia&parent=6218"}],"wp:term":[{"taxonomy":"category","embeddable":true,"href":"https:\/\/mersinekonomipolitikagazetesi.com\/index.php?rest_route=%2Fwp%2Fv2%2Fcategories&post=6218"},{"taxonomy":"post_tag","embeddable":true,"href":"https:\/\/mersinekonomipolitikagazetesi.com\/index.php?rest_route=%2Fwp%2Fv2%2Ftags&post=6218"}],"curies":[{"name":"wp","href":"https:\/\/api.w.org\/{rel}","templated":true}]}}