{"id":6222,"date":"2020-11-04T18:26:39","date_gmt":"2020-11-04T15:26:39","guid":{"rendered":"http:\/\/mersinekonomipolitikagazetesi.com\/?p=6222"},"modified":"2020-11-04T18:26:39","modified_gmt":"2020-11-04T15:26:39","slug":"toroslar-zabitasindan-pazar-yerlerinde-siki-denetim","status":"publish","type":"post","link":"https:\/\/mersinekonomipolitikagazetesi.com\/?p=6222","title":{"rendered":"Toroslar zab\u0131tas\u0131ndan pazar yerlerinde s\u0131k\u0131 denetim"},"content":{"rendered":"<div><span style=\"font-size: 12px;\">\u00a0Mersin&#8217;in merkez il\u00e7e Toroslar Belediyesi, t\u00fcm d\u00fcnyay\u0131 etkisi alt\u0131na alan ve T\u00fcrkiye&#8217;de tespit edilen korona vir\u00fcs vakalar\u0131n\u0131n art\u0131\u015f\u0131 nedeniyle il\u00e7ede kurulan semt pazarlar\u0131nda hijyen ve \u00fcr\u00fcn etiketi denetimlerini s\u0131kla\u015ft\u0131rd\u0131.\u00a0<\/span><\/div>\n<div><span style=\"font-size: 12px;\">\u00a0 Vatanda\u015flar\u0131n daha g\u00fcvenli ve kaliteli hizmet almas\u0131 amac\u0131yla ger\u00e7ekle\u015ftirilen denetimlerde pazar esnaf\u0131n\u0131n hijyen kurallar\u0131na uyup uymad\u0131klar\u0131 ve g\u0131da sat\u0131\u015f ko\u015fullar\u0131 da kontrol edildi. Ekipler, temizlik ve hijyen kurallar\u0131na uymayan pazar esnaf\u0131na uyar\u0131larda bulundu.Temizlik kurallar\u0131na her zamankinden daha fazla uyulmas\u0131 gerekti\u011fini belirten Toroslar Belediye Ba\u015fkan\u0131 Ats\u0131z Af\u015f\u0131n Y\u0131lmaz, &#8220;Halk sa\u011fl\u0131\u011f\u0131n\u0131 korumak a\u00e7\u0131s\u0131ndan pazar denetimleri de b\u00fcy\u00fck \u00f6nem ta\u015f\u0131yor. Vatanda\u015flar\u0131m\u0131z\u0131n g\u00f6n\u00fcl rahatl\u0131\u011f\u0131 ile al\u0131\u015fveri\u015f yapmalar\u0131n\u0131 sa\u011flamak amac\u0131yla il\u00e7e genelinde denetimlerimiz ve ortak kullan\u0131m alanlar\u0131nda ger\u00e7ekle\u015ftirdi\u011fimiz dezenfekte \u00e7al\u0131\u015fmalar\u0131m\u0131z aral\u0131ks\u0131z devam edecektir. Halk sa\u011fl\u0131\u011f\u0131n\u0131n korunmas\u0131nda en \u00f6nemli unsurlardan biri de kalabal\u0131k yerlerden uzak kal\u0131nmas\u0131d\u0131r. Vatanda\u015flar\u0131m\u0131z\u0131n zorunlu olmad\u0131k\u00e7a \u00e7ok kalabal\u0131k yerlere girmemesini istiyoruz&#8221; diye konu\u015ftu.<\/span><\/div>\n","protected":false},"excerpt":{"rendered":"<p>\u00a0Mersin&#8217;in merkez il\u00e7e Toroslar Belediyesi, t\u00fcm d\u00fcnyay\u0131 etkisi alt\u0131na alan ve T\u00fcrkiye&#8217;de tespit edilen korona vir\u00fcs vakalar\u0131n\u0131n art\u0131\u015f\u0131 nedeniyle il\u00e7ede kurulan semt pazarlar\u0131nda hijyen ve \u00fcr\u00fcn etiketi denetimlerini s\u0131kla\u015ft\u0131rd\u0131.\u00a0 \u00a0 &hellip; <a href=\"https:\/\/mersinekonomipolitikagazetesi.com\/?p=6222\" class=\"more-link\">Devam\u0131n\u0131 Oku&#8230;<\/a><\/p>\n","protected":false},"author":1,"featured_media":0,"comment_status":"open","ping_status":"open","sticky":false,"template":"","format":"standard","meta":[],"categories":[],"tags":[],"_links":{"self":[{"href":"https:\/\/mersinekonomipolitikagazetesi.com\/index.php?rest_route=\/wp\/v2\/posts\/6222"}],"collection":[{"href":"https:\/\/mersinekonomipolitikagazetesi.com\/index.php?rest_route=\/wp\/v2\/posts"}],"about":[{"href":"https:\/\/mersinekonomipolitikagazetesi.com\/index.php?rest_route=\/wp\/v2\/types\/post"}],"author":[{"embeddable":true,"href":"https:\/\/mersinekonomipolitikagazetesi.com\/index.php?rest_route=\/wp\/v2\/users\/1"}],"replies":[{"embeddable":true,"href":"https:\/\/mersinekonomipolitikagazetesi.com\/index.php?rest_route=%2Fwp%2Fv2%2Fcomments&post=6222"}],"version-history":[{"count":0,"href":"https:\/\/mersinekonomipolitikagazetesi.com\/index.php?rest_route=\/wp\/v2\/posts\/6222\/revisions"}],"wp:attachment":[{"href":"https:\/\/mersinekonomipolitikagazetesi.com\/index.php?rest_route=%2Fwp%2Fv2%2Fmedia&parent=6222"}],"wp:term":[{"taxonomy":"category","embeddable":true,"href":"https:\/\/mersinekonomipolitikagazetesi.com\/index.php?rest_route=%2Fwp%2Fv2%2Fcategories&post=6222"},{"taxonomy":"post_tag","embeddable":true,"href":"https:\/\/mersinekonomipolitikagazetesi.com\/index.php?rest_route=%2Fwp%2Fv2%2Ftags&post=6222"}],"curies":[{"name":"wp","href":"https:\/\/api.w.org\/{rel}","templated":true}]}}