{"id":6223,"date":"2020-11-04T18:26:39","date_gmt":"2020-11-04T15:26:39","guid":{"rendered":"http:\/\/mersinekonomipolitikagazetesi.com\/?p=6223"},"modified":"2020-11-04T18:26:39","modified_gmt":"2020-11-04T15:26:39","slug":"akibten-tedbir-paketine-destek","status":"publish","type":"post","link":"https:\/\/mersinekonomipolitikagazetesi.com\/?p=6223","title":{"rendered":"AK\u0130B&#8217;ten tedbir paketine destek"},"content":{"rendered":"<div><span style=\"font-size: 12px;\">Akdeniz \u0130hracat\u00e7\u0131 Birlikleri (AK\u0130B) Koordinat\u00f6r Ba\u015fkan\u0131 Hayri U\u011fur, korona vir\u00fcsle m\u00fccadele kapsam\u0131nda Cumhurba\u015fkan\u0131 Recep Tayyip Erdo\u011fan taraf\u0131ndan a\u00e7\u0131klanan Ekonomik \u0130stikrar Kalkan\u0131 Paketi\u2019nin \u00fcretimin ve ihracat\u0131n devam\u0131, istihdam\u0131n korunmas\u0131 ve i\u015fletmelerin rekabette geri kalmamas\u0131 a\u00e7\u0131s\u0131ndan \u00f6nemli ve yerinde oldu\u011funu belirtti. Hayri U\u011fur, \u201cTedbir paketi \u00fcretim, ticaret ve istihdam\u0131n yara almadan devam\u0131n\u0131 sa\u011flayacakt\u0131r\u201c dedi.\u00a0 \u00a0<\/span><\/div>\n<div><span style=\"font-size: 12px;\">\u00a0 Ba\u015fkan U\u011fur, koronavir\u00fcs kaynakl\u0131 krizin etkileri daha da derinle\u015fmeden a\u00e7\u0131klanan ekonomik tedbir ve desteklerin \u00fclke olarak s\u0131k\u0131nt\u0131lar\u0131 atlatmay\u0131 kolayla\u015ft\u0131raca\u011f\u0131n\u0131, normalle\u015fmenin ard\u0131ndan T\u00fcrk ihracat\u00e7\u0131lar\u0131n k\u00fcresel rekabette elini g\u00fc\u00e7lendirece\u011fini vurgulad\u0131.\u00a0<\/span><\/div>\n<div><span style=\"font-size: 12px;\">\u00a0 Toplam b\u00fcy\u00fckl\u00fc\u011f\u00fc 100 milyar liray\u0131 bulan destek paketinin ekonomik etkisinin \u00e7ok daha b\u00fcy\u00fck olaca\u011f\u0131n\u0131 de\u011ferlendiren U\u011fur, \u015funlar\u0131 s\u00f6yledi:\u00a0<\/span><\/div>\n<div><span style=\"font-size: 12px;\">\u00a0 \u201cEkonomik \u0130stikrar Kalkan\u0131 Paketi i\u00e7inde yer alan ihracattaki ge\u00e7ici yava\u015flama s\u00fcrecinde kapasite kullan\u0131m oranlar\u0131n\u0131n korunmas\u0131 amac\u0131yla ihracat\u00e7\u0131ya stok finansman\u0131 deste\u011fi verilmesi, SGK primlerinin nisan, may\u0131s ve haziran \u00f6demelerinin 6&#8217;\u015far ay ertelenmesi, firmalar\u0131n bankalara olan kredi anapara ve faiz \u00f6demelerini asgari 3 ay \u00f6telemesi ve gerekti\u011finde bunlara ilave finansman deste\u011fi sa\u011flanmas\u0131, Kredi Garanti Fonu limitinin 25 milyar liradan 50 milyar liraya \u00e7\u0131kar\u0131lmas\u0131, k\u0131sa \u00e7al\u0131\u015fma \u00f6dene\u011finin devreye al\u0131nmas\u0131, istihdam\u0131n devaml\u0131l\u0131\u011f\u0131 i\u00e7in 2 ayl\u0131k telafi \u00e7al\u0131\u015fma s\u00fcresinin 4 aya \u00e7\u0131kart\u0131lmas\u0131 T\u00fcrk ihracat\u00e7\u0131s\u0131n\u0131 \u00f6n\u00fcm\u00fczdeki d\u00f6nemde rahatlatacak \u00f6nemli hamlelerdir.\u201d\u00a0<\/span><\/div>\n<div><span style=\"font-size: 12px;\">\u00a0 Tedbirlerin korona vir\u00fcs\u00fcn etkilerine kar\u015f\u0131 \u00fclke ekonomisi i\u00e7in koruyucu olaca\u011f\u0131n\u0131, insan hayat\u0131n\u0131, istihdam\u0131 ve \u00fcretimi \u00f6ncelemesinin salg\u0131n sonras\u0131 T\u00fcrkiye\u2019nin pozitif ayr\u0131\u015fma hedefini g\u00fc\u00e7lendirece\u011fini dile getiren Ba\u015fkan U\u011fur, \u201cBizi bu salg\u0131n hastal\u0131ktan koruyacak en b\u00fcy\u00fck g\u00fc\u00e7 toplumsal dayan\u0131\u015fmam\u0131z, devletimizin ald\u0131\u011f\u0131 tedbirleri eksiksiz yerine getirmemiz olacakt\u0131r. Finans kurulu\u015flar\u0131n\u0131n da bu ge\u00e7i\u015f s\u00fcrecinde \u00fczerine d\u00fc\u015fen sorumlu\u011fu yerine getirmesini, kredi geri \u00e7a\u011f\u0131rma, mevcut kredi limitini kulland\u0131rmama, teminat \u015fartlar\u0131n\u0131 zorla\u015ft\u0131rma gibi uygulamalardan ka\u00e7\u0131nmas\u0131n\u0131 bekliyoruz. Bu zorlu s\u00fcre\u00e7te T\u00fcrk ihracat\u00e7\u0131lar\u0131 olarak bizlere d\u00fc\u015fen t\u00fcm \u015fartlar\u0131m\u0131z\u0131 ortaya koyarak \u00e7al\u0131\u015fanlar\u0131m\u0131za sahip \u00e7\u0131kmak, \u00fcretime ve ticaretimize devam etmektir. \u00dclkemizin gelece\u011fi, halk\u0131m\u0131z\u0131n sa\u011fl\u0131\u011f\u0131 bak\u0131m\u0131ndan al\u0131nan t\u00fcm kararlar\u0131 Akdeniz \u0130hracat\u00e7\u0131 Birlikleri olarak memnuniyetle kar\u015f\u0131l\u0131yoruz\u201d diye konu\u015ftu.\u00a0<\/span><\/div>\n","protected":false},"excerpt":{"rendered":"<p>Akdeniz \u0130hracat\u00e7\u0131 Birlikleri (AK\u0130B) Koordinat\u00f6r Ba\u015fkan\u0131 Hayri U\u011fur, korona vir\u00fcsle m\u00fccadele kapsam\u0131nda Cumhurba\u015fkan\u0131 Recep Tayyip Erdo\u011fan taraf\u0131ndan a\u00e7\u0131klanan Ekonomik \u0130stikrar Kalkan\u0131 Paketi\u2019nin \u00fcretimin ve ihracat\u0131n devam\u0131, istihdam\u0131n korunmas\u0131 ve i\u015fletmelerin &hellip; <a href=\"https:\/\/mersinekonomipolitikagazetesi.com\/?p=6223\" class=\"more-link\">Devam\u0131n\u0131 Oku&#8230;<\/a><\/p>\n","protected":false},"author":1,"featured_media":0,"comment_status":"open","ping_status":"open","sticky":false,"template":"","format":"standard","meta":[],"categories":[],"tags":[],"_links":{"self":[{"href":"https:\/\/mersinekonomipolitikagazetesi.com\/index.php?rest_route=\/wp\/v2\/posts\/6223"}],"collection":[{"href":"https:\/\/mersinekonomipolitikagazetesi.com\/index.php?rest_route=\/wp\/v2\/posts"}],"about":[{"href":"https:\/\/mersinekonomipolitikagazetesi.com\/index.php?rest_route=\/wp\/v2\/types\/post"}],"author":[{"embeddable":true,"href":"https:\/\/mersinekonomipolitikagazetesi.com\/index.php?rest_route=\/wp\/v2\/users\/1"}],"replies":[{"embeddable":true,"href":"https:\/\/mersinekonomipolitikagazetesi.com\/index.php?rest_route=%2Fwp%2Fv2%2Fcomments&post=6223"}],"version-history":[{"count":0,"href":"https:\/\/mersinekonomipolitikagazetesi.com\/index.php?rest_route=\/wp\/v2\/posts\/6223\/revisions"}],"wp:attachment":[{"href":"https:\/\/mersinekonomipolitikagazetesi.com\/index.php?rest_route=%2Fwp%2Fv2%2Fmedia&parent=6223"}],"wp:term":[{"taxonomy":"category","embeddable":true,"href":"https:\/\/mersinekonomipolitikagazetesi.com\/index.php?rest_route=%2Fwp%2Fv2%2Fcategories&post=6223"},{"taxonomy":"post_tag","embeddable":true,"href":"https:\/\/mersinekonomipolitikagazetesi.com\/index.php?rest_route=%2Fwp%2Fv2%2Ftags&post=6223"}],"curies":[{"name":"wp","href":"https:\/\/api.w.org\/{rel}","templated":true}]}}