{"id":6230,"date":"2020-11-04T18:26:40","date_gmt":"2020-11-04T15:26:40","guid":{"rendered":"http:\/\/mersinekonomipolitikagazetesi.com\/?p=6230"},"modified":"2020-11-04T18:26:40","modified_gmt":"2020-11-04T15:26:40","slug":"esnafi-corona-vurdu","status":"publish","type":"post","link":"https:\/\/mersinekonomipolitikagazetesi.com\/?p=6230","title":{"rendered":"ESNAFI CORONA VURDU..!"},"content":{"rendered":"<div><span style=\"font-size: 12px;\">\u00c7ar\u015f\u0131 esnaf\u0131 normal \u015fartlarda i\u015f olmamas\u0131n\u0131n yan\u0131 s\u0131ra, \u015fimdi de corona vir\u00fcs\u00fc nedeniyle zor durumda kald\u0131. M\u00fc\u015fteri bulamayan esnaf, \u201cKiram\u0131z\u0131 nas\u0131l \u00f6deyece\u011fiz bilmiyoruz!\u201d diye konu\u015ftu.<\/span><\/div>\n<div>\u00a0<\/div>\n<div><span style=\"font-size: 12px;\">T\u00fcrkiye\u2019de corona vir\u00fcs\u00fcn\u00fcn bulunmas\u0131n\u0131n ard\u0131ndan Mersinliler de tedbir olarak evden \u00e7\u0131kmama karar\u0131 ile s\u00fcreci ge\u00e7iriyor. Mersin \u00e7ar\u015f\u0131 esnaf\u0131 ise durum ile ilgili i\u015f durumunun \u00f6nceden de k\u00f6t\u00fc oldu\u011funu, fakat \u015fu anda hi\u00e7 i\u015f yapamad\u0131klar\u0131n\u0131 belirtti.<\/span><\/div>\n<div>\u00a0<\/div>\n<div><span style=\"font-size: 12px;\">Esnaf, \u201cSokaklar neredeyse bombo\u015f. Ya\u015fan\u0131lan salg\u0131n nedeniyle kimse \u00e7ar\u015f\u0131ya gelmiyor. S\u00fcre\u00e7 ile birlikte sat\u0131\u015flar\u0131m\u0131z yok denecek kadar az seviyelere geriledi. Kiram\u0131z\u0131 nas\u0131l \u00e7\u0131kartaca\u011f\u0131z bilmiyoruz!\u201d diye konu\u015ftu.<\/span><\/div>\n<div><span style=\"font-size: 12px;\">\u00a0<\/span><\/div>\n<div><span style=\"font-size: 12px;\">\u201cDestek bekliyoruz\u201d<\/span><\/div>\n<div>\u00a0<\/div>\n<div><span style=\"font-size: 12px;\">Ev ve i\u015f yerlerinden de sipari\u015f say\u0131lar\u0131n\u0131n d\u00fc\u015ft\u00fc\u011f\u00fcn\u00fc belirten esnaf, \u201cPek \u00e7ok i\u015f yerleri de san\u0131r\u0131m kapatt\u0131 ve sipari\u015f vermiyorlar. Bu zor g\u00fcnlerde belediyelerden ve \u015fehri y\u00f6netenlerden destek bekliyoruz.\u201d ifadelerini kulland\u0131.<\/span><\/div>\n","protected":false},"excerpt":{"rendered":"<p>\u00c7ar\u015f\u0131 esnaf\u0131 normal \u015fartlarda i\u015f olmamas\u0131n\u0131n yan\u0131 s\u0131ra, \u015fimdi de corona vir\u00fcs\u00fc nedeniyle zor durumda kald\u0131. M\u00fc\u015fteri bulamayan esnaf, \u201cKiram\u0131z\u0131 nas\u0131l \u00f6deyece\u011fiz bilmiyoruz!\u201d diye konu\u015ftu. \u00a0 T\u00fcrkiye\u2019de corona vir\u00fcs\u00fcn\u00fcn bulunmas\u0131n\u0131n &hellip; <a href=\"https:\/\/mersinekonomipolitikagazetesi.com\/?p=6230\" class=\"more-link\">Devam\u0131n\u0131 Oku&#8230;<\/a><\/p>\n","protected":false},"author":1,"featured_media":0,"comment_status":"open","ping_status":"open","sticky":false,"template":"","format":"standard","meta":[],"categories":[],"tags":[],"_links":{"self":[{"href":"https:\/\/mersinekonomipolitikagazetesi.com\/index.php?rest_route=\/wp\/v2\/posts\/6230"}],"collection":[{"href":"https:\/\/mersinekonomipolitikagazetesi.com\/index.php?rest_route=\/wp\/v2\/posts"}],"about":[{"href":"https:\/\/mersinekonomipolitikagazetesi.com\/index.php?rest_route=\/wp\/v2\/types\/post"}],"author":[{"embeddable":true,"href":"https:\/\/mersinekonomipolitikagazetesi.com\/index.php?rest_route=\/wp\/v2\/users\/1"}],"replies":[{"embeddable":true,"href":"https:\/\/mersinekonomipolitikagazetesi.com\/index.php?rest_route=%2Fwp%2Fv2%2Fcomments&post=6230"}],"version-history":[{"count":0,"href":"https:\/\/mersinekonomipolitikagazetesi.com\/index.php?rest_route=\/wp\/v2\/posts\/6230\/revisions"}],"wp:attachment":[{"href":"https:\/\/mersinekonomipolitikagazetesi.com\/index.php?rest_route=%2Fwp%2Fv2%2Fmedia&parent=6230"}],"wp:term":[{"taxonomy":"category","embeddable":true,"href":"https:\/\/mersinekonomipolitikagazetesi.com\/index.php?rest_route=%2Fwp%2Fv2%2Fcategories&post=6230"},{"taxonomy":"post_tag","embeddable":true,"href":"https:\/\/mersinekonomipolitikagazetesi.com\/index.php?rest_route=%2Fwp%2Fv2%2Ftags&post=6230"}],"curies":[{"name":"wp","href":"https:\/\/api.w.org\/{rel}","templated":true}]}}