{"id":6237,"date":"2020-11-04T18:26:40","date_gmt":"2020-11-04T15:26:40","guid":{"rendered":"http:\/\/mersinekonomipolitikagazetesi.com\/?p=6237"},"modified":"2020-11-04T18:26:40","modified_gmt":"2020-11-04T15:26:40","slug":"hastane-maske-talep-etti-gonulluler-dikmeye-basladi","status":"publish","type":"post","link":"https:\/\/mersinekonomipolitikagazetesi.com\/?p=6237","title":{"rendered":"Hastane maske talep etti g\u00f6n\u00fcll\u00fcler dikmeye ba\u015flad\u0131"},"content":{"rendered":"<p>Mersin&#8217;in Erdemli il\u00e7esinde g\u00f6n\u00fcll\u00fc usta \u00f6\u011freticiler, Erdemli Devlet Hastanesinin talebi \u00fczerine g\u00fcnde 5 bin adet \u00fcretim hedefiyle &#8216;maske&#8217; dikimine ba\u015flad\u0131.\u00a0<br \/>\nKorona vir\u00fcs \u00f6nlemleri i\u00e7inde maske kullan\u0131m\u0131 \u00f6nde gelen tedbirlerden. Hastane y\u00f6netimi de hastalar ve hasta yak\u0131nlar\u0131n\u0131n maske ihtiyac\u0131n\u0131 kar\u015f\u0131lamak i\u00e7in harekete ge\u00e7ip halk e\u011fitim merkeziyle i\u015fbirli\u011fi yapt\u0131. Bu kapsamda Erdemli Halk E\u011fitim Merkezi toplam 15 g\u00f6n\u00fcll\u00fcden olu\u015fan iki ayr\u0131 at\u00f6lye a\u00e7\u0131p maske dikimine ba\u015flad\u0131.\u00a0<br \/>\nErdemli \u0130l\u00e7e Milli E\u011fitim M\u00fcd\u00fcr\u00fc Yusuf A\u00e7\u0131ky\u00f6r\u00fck, &#8220;Bu il\u00e7emiz halk e\u011fitim merkezimizle birlikte Erdemli Devlet Hastanesi&#8217;nin y\u00fcr\u00fctt\u00fc\u011f\u00fc bir \u00e7al\u0131\u015fma. Son zamanlarda g\u00fcndemde olan maske \u00fcretimini ger\u00e7ekle\u015ftiriyorlar. Halk e\u011fitim merkezimize ba\u011fl\u0131 olarak g\u00f6rev yapan usta \u00f6\u011freticilerimiz g\u00f6n\u00fcll\u00fc olarak, maske dikimini ger\u00e7ekle\u015ftiriyorlar. Hastanemiz kuma\u015f\u0131n\u0131 sa\u011fl\u0131yor, usta \u00f6\u011freticilerimiz de dikimlerini ger\u00e7ekle\u015ftiriyorlar. G\u00fcnde 5 bin tane maske \u00fcretimi yap\u0131l\u0131yor&#8221; dedi.\u00a0<\/p>\n<p>&#8220;Maske \u00fcretimine destek olaca\u011f\u0131z&#8221;\u00a0<\/p>\n<p>Erdemli Halk E\u011fitimi Merkezi M\u00fcd\u00fcr\u00fc Ahmet Ate\u015f de, &#8220;Hastanemizle i\u015fbirli\u011fi ile 1 g\u00fcn gibi k\u0131sa bir s\u00fcrede 15 usta \u00f6\u011freticimiz g\u00f6n\u00fcll\u00fcl\u00fck esas\u0131na g\u00f6re organize oldu. Maske \u00fcretme noktas\u0131nda hedefe kitlendik. Erdemli&#8217;de ve \u00fclkemizde maske ihtiyac\u0131n\u0131 kar\u015f\u0131lamak ad\u0131na destek olamaya devam edece\u011fiz&#8221; diye konu\u015ftu.<br \/>\n\u00a0<br \/>\nUsta \u00f6\u011freticiler ad\u0131na konu\u015fan Fatma Karakaya Ersoy da, &#8220;Bir telefonla bize i\u015fe arkada\u015flar\u0131m\u0131zla birlikte organize oldum. Az ki\u015fiden olu\u015fan 2 at\u00f6lyeyi haz\u0131rlad\u0131k. Seri \u015fekilde dikime ba\u015flad\u0131k. \u00dclkemiz b\u00f6yle s\u0131k\u0131nt\u0131l\u0131 bir d\u00f6nemi atlat\u0131r, biz de bunlar\u0131 dikmek zorunda kalmay\u0131z&#8221; dedi.\u00a0<\/p>\n<p>&#8220;Toplum yarar\u0131na yap\u0131yoruz&#8221;<br \/>\n\u00a0<br \/>\nUsta \u00f6\u011fretici Habibe Y\u0131ld\u0131z ise g\u00f6n\u00fcll\u00fcl\u00fck esas\u0131na g\u00f6re maske dikimi i\u00e7in at\u00f6lyeye geldi\u011fini ortama temizleyip, hijyeni sa\u011flad\u0131ktan sonra maske dikimine ba\u015flad\u0131klar\u0131n\u0131 belirtti.\u00a0<br \/>\n\u00c7al\u0131\u015fman\u0131n az ki\u015fiyle \u00f6nlem alarak yap\u0131ld\u0131\u011f\u0131n\u0131 anlatan Y\u0131ld\u0131z, &#8220;Art\u0131k maske de bulunmuyor. \u015eu kadar maske \u00fcretilecek dendi biz hedefe kitlendik. Onu ger\u00e7ekle\u015ftirmek i\u00e7in canla ba\u015fla \u00e7al\u0131\u015f\u0131yoruz. Toplum ad\u0131na da faydal\u0131 bir \u015fey yapt\u0131\u011f\u0131m\u0131z i\u00e7in tabi ki en b\u00fcy\u00fck motivemiz bu&#8221; \u015feklinde konu\u015ftu. \u00a0<\/p>\n","protected":false},"excerpt":{"rendered":"<p>Mersin&#8217;in Erdemli il\u00e7esinde g\u00f6n\u00fcll\u00fc usta \u00f6\u011freticiler, Erdemli Devlet Hastanesinin talebi \u00fczerine g\u00fcnde 5 bin adet \u00fcretim hedefiyle &#8216;maske&#8217; dikimine ba\u015flad\u0131.\u00a0 Korona vir\u00fcs \u00f6nlemleri i\u00e7inde maske kullan\u0131m\u0131 \u00f6nde gelen tedbirlerden. Hastane &hellip; <a href=\"https:\/\/mersinekonomipolitikagazetesi.com\/?p=6237\" class=\"more-link\">Devam\u0131n\u0131 Oku&#8230;<\/a><\/p>\n","protected":false},"author":1,"featured_media":0,"comment_status":"open","ping_status":"open","sticky":false,"template":"","format":"standard","meta":[],"categories":[],"tags":[],"_links":{"self":[{"href":"https:\/\/mersinekonomipolitikagazetesi.com\/index.php?rest_route=\/wp\/v2\/posts\/6237"}],"collection":[{"href":"https:\/\/mersinekonomipolitikagazetesi.com\/index.php?rest_route=\/wp\/v2\/posts"}],"about":[{"href":"https:\/\/mersinekonomipolitikagazetesi.com\/index.php?rest_route=\/wp\/v2\/types\/post"}],"author":[{"embeddable":true,"href":"https:\/\/mersinekonomipolitikagazetesi.com\/index.php?rest_route=\/wp\/v2\/users\/1"}],"replies":[{"embeddable":true,"href":"https:\/\/mersinekonomipolitikagazetesi.com\/index.php?rest_route=%2Fwp%2Fv2%2Fcomments&post=6237"}],"version-history":[{"count":0,"href":"https:\/\/mersinekonomipolitikagazetesi.com\/index.php?rest_route=\/wp\/v2\/posts\/6237\/revisions"}],"wp:attachment":[{"href":"https:\/\/mersinekonomipolitikagazetesi.com\/index.php?rest_route=%2Fwp%2Fv2%2Fmedia&parent=6237"}],"wp:term":[{"taxonomy":"category","embeddable":true,"href":"https:\/\/mersinekonomipolitikagazetesi.com\/index.php?rest_route=%2Fwp%2Fv2%2Fcategories&post=6237"},{"taxonomy":"post_tag","embeddable":true,"href":"https:\/\/mersinekonomipolitikagazetesi.com\/index.php?rest_route=%2Fwp%2Fv2%2Ftags&post=6237"}],"curies":[{"name":"wp","href":"https:\/\/api.w.org\/{rel}","templated":true}]}}