{"id":6238,"date":"2020-11-04T18:26:40","date_gmt":"2020-11-04T15:26:40","guid":{"rendered":"http:\/\/mersinekonomipolitikagazetesi.com\/?p=6238"},"modified":"2020-11-04T18:26:40","modified_gmt":"2020-11-04T15:26:40","slug":"meu-tip-fakultesinde-maske-uretimi-basladi","status":"publish","type":"post","link":"https:\/\/mersinekonomipolitikagazetesi.com\/?p=6238","title":{"rendered":"ME\u00dc T\u0131p Fak\u00fcltesi&#8217;nde maske \u00fcretimi ba\u015flad\u0131"},"content":{"rendered":"<p>Mersin \u00dcniversitesi (ME\u00dc) T\u0131p Fak\u00fcltesi Hastanesi, kendi b\u00fcnyesinde olu\u015fturdu\u011fu bir birimle maske \u00fcretmeye ba\u015flad\u0131. \u0130lerleyen d\u00f6nemde hem kendilerine hemde ba\u015fka bir yere ihtiya\u00e7 oldu\u011funda g\u00fcnde 500 adet maske \u00fcreten hastane, koronavir\u00fcs kapsam\u0131nda da hastaneyi haz\u0131rlad\u0131. Ba\u015fhekim Meltem Nass Duce, &#8220;\u015eu anda ihtiyac\u0131m\u0131z yok ama \u00f6n\u00fcm\u00fczdeki g\u00fcnlerde laz\u0131m olabilir diye maske \u00fcretmeye ba\u015flad\u0131k. Hastane olarak da haz\u0131r\u0131z. \u015eu ana kadar yapt\u0131\u011f\u0131m\u0131z b\u00fct\u00fcn testlerin sonucu negatif geldi&#8221; dedi.\u00a0<br \/>\nD\u00fcnyay\u0131 etkisi alt\u0131na alan koronavir\u00fcs\u00fc (Kovid-19) dolay\u0131s\u0131yla t\u00fcm \u00fclkelerde tedbirler en \u00fcst seviyeye \u00e7\u0131kar\u0131l\u0131rken, Mersin&#8217;de hem sa\u011fl\u0131k birimleri hemde di\u011fer kurumlar \u00fcst d\u00fczey \u00f6nlemler al\u0131yor. ME\u00dc T\u0131p Fak\u00fcltesi Hastanesi&#8217;de vir\u00fcse kar\u015f\u0131 2 b\u00f6l\u00fcm olu\u015ftururken, \u015f\u00fcpheli hastalar\u0131n kontrollerini ve tedavilerini bu b\u00f6lgelerde y\u00fcr\u00fct\u00fcyor. Hastane ayr\u0131ca ilerleyen g\u00fcnlerde ihtiya\u00e7 olabilir d\u00fc\u015f\u00fcncesiyle maske \u00fcretimine de ba\u015flad\u0131. 3 g\u00fcn \u00f6nce ba\u015flat\u0131lan \u00e7al\u0131\u015fmalarda 3 terzi, uzman doktorlar\u0131n tavsiyeleri do\u011frultusunda g\u00fcnde 500 maske \u00fcretimi yap\u0131yor.\u00a0<\/p>\n<p>&#8220;\u015eu anda ihtiyac\u0131m\u0131z yok ama biz tedbir ama\u00e7l\u0131 \u00fcretime ba\u015flad\u0131k&#8221;<br \/>\n\u00a0<br \/>\nKonuyla ilgili konu\u015fan Hastane Ba\u015fhekimi Prof. Dr. Meltem Nass Duce, hastanelerin art\u0131k maske konusunda kendi \u00fcretimlerine ba\u015flad\u0131\u011f\u0131n\u0131 s\u00f6yledi. 3 g\u00fcn \u00f6nce maske \u00fcretmeye ba\u015flad\u0131klar\u0131n\u0131 kaydeden Duce, &#8220;\u00dcretiyoruz ama \u015fu anda ihtiyac\u0131m\u0131z oldu\u011fu i\u00e7in de\u011fil. Elimizde hem maske hemde eldiven var ama \u00f6n\u00fcm\u00fczdeki g\u00fcnlerde vaka artar yada ba\u015fka bir yerden ihtiya\u00e7 olursa onlar i\u00e7in \u00fcretim yap\u0131yoruz. Bizim \u00fcretti\u011fimiz maskeler koruma anlam\u0131nda da iyi. \u00c7\u00fcnk\u00fc enfeksiyon b\u00f6l\u00fcm\u00fcndeki hocalar\u0131n tavsiyeleriyle bunlar\u0131 yap\u0131yoruz. \u015eu anda d\u0131\u015far\u0131dan ald\u0131klar\u0131m\u0131zdan daha g\u00fcvenli maskeler \u00fcretiyoruz. G\u00fcnl\u00fck ortalama 500 maske \u00fcretiyoruz. Bunu bu s\u00fcre\u00e7 devam etti\u011fi s\u00fcrece devam ettirece\u011fiz&#8221; diye konu\u015ftu.\u00a0<\/p>\n<p>&#8220;B\u00fct\u00fcn testler negatif geldi&#8221;<br \/>\n\u00a0<br \/>\nVir\u00fcs ilk \u00e7\u0131kt\u0131\u011f\u0131 g\u00fcnden itibaren hastanede tedbirler almaya ba\u015flad\u0131klar\u0131n\u0131n alt\u0131n\u0131 \u00e7izen Duce, &#8220;\u015euanda hastanemize hastalar yo\u011funluk olu\u015fturacak \u015fekilde gelmiyor. Buda bizi iyi y\u00f6nde etkiliyor. Bizde yatan hastalar\u0131m\u0131z\u0131n \u00e7o\u011funu taburcu ettik, bir tane kald\u0131. \u015e\u00fcpheli olarak geliyorlar, testleri yap\u0131l\u0131yor, ikinci testleri yap\u0131lmas\u0131 gerekenlerin ikinci testleri yap\u0131l\u0131yor. Zaten \u015fu ana kadar yapt\u0131\u011f\u0131m\u0131z b\u00fct\u00fcn testler negatif geldi. Zaten bu hastal\u0131kla ilgili de\u011fil sadece genel durumu iyi olanlara \u00f6nerimiz evlerinde dinlenmeleridir. Biz hastanemizde bu vir\u00fcse kar\u015f\u0131 2 b\u00f6l\u00fcm olu\u015fturduk. \u00c7\u00fcnk\u00fc e\u011fer bu hastal\u0131k \u00e7\u0131karsa o hastalar\u0131m\u0131z\u0131 kesinlikle hastanede dola\u015ft\u0131rmak, di\u011fer ki\u015filerle temasa ge\u00e7mesini istemiyoruz. Olu\u015fturdu\u011fumuz b\u00f6l\u00fcmlerin ayr\u0131 giri\u015fleri var. Orada bir \u00e7ocuk, bir yeti\u015fkin i\u00e7in yerler var. Her g\u00fcn 5 farkl\u0131 bilim dal\u0131ndan hekim g\u00f6revlendiriyoruz. Gelen hastalar\u0131m\u0131z\u0131 doktorlar\u0131m\u0131z muayene ediyor, yatmas\u0131 gerekmeyen hastalar\u0131 evlerine yolluyoruz, yatmas\u0131 gerekenleri de yat\u0131r\u0131yoruz. \u00c7ok a\u011f\u0131r gelen olursa da yo\u011fun bak\u0131mda olu\u015fturdu\u011fumuz izole alanlar\u0131na al\u0131yoruz. Gelen olursa biz haz\u0131rl\u0131kl\u0131y\u0131z ve bekliyoruz&#8221; \u015feklinde konu\u015ftu.\u00a0<\/p>\n","protected":false},"excerpt":{"rendered":"<p>Mersin \u00dcniversitesi (ME\u00dc) T\u0131p Fak\u00fcltesi Hastanesi, kendi b\u00fcnyesinde olu\u015fturdu\u011fu bir birimle maske \u00fcretmeye ba\u015flad\u0131. \u0130lerleyen d\u00f6nemde hem kendilerine hemde ba\u015fka bir yere ihtiya\u00e7 oldu\u011funda g\u00fcnde 500 adet maske \u00fcreten hastane, &hellip; <a href=\"https:\/\/mersinekonomipolitikagazetesi.com\/?p=6238\" class=\"more-link\">Devam\u0131n\u0131 Oku&#8230;<\/a><\/p>\n","protected":false},"author":1,"featured_media":0,"comment_status":"open","ping_status":"open","sticky":false,"template":"","format":"standard","meta":[],"categories":[],"tags":[],"_links":{"self":[{"href":"https:\/\/mersinekonomipolitikagazetesi.com\/index.php?rest_route=\/wp\/v2\/posts\/6238"}],"collection":[{"href":"https:\/\/mersinekonomipolitikagazetesi.com\/index.php?rest_route=\/wp\/v2\/posts"}],"about":[{"href":"https:\/\/mersinekonomipolitikagazetesi.com\/index.php?rest_route=\/wp\/v2\/types\/post"}],"author":[{"embeddable":true,"href":"https:\/\/mersinekonomipolitikagazetesi.com\/index.php?rest_route=\/wp\/v2\/users\/1"}],"replies":[{"embeddable":true,"href":"https:\/\/mersinekonomipolitikagazetesi.com\/index.php?rest_route=%2Fwp%2Fv2%2Fcomments&post=6238"}],"version-history":[{"count":0,"href":"https:\/\/mersinekonomipolitikagazetesi.com\/index.php?rest_route=\/wp\/v2\/posts\/6238\/revisions"}],"wp:attachment":[{"href":"https:\/\/mersinekonomipolitikagazetesi.com\/index.php?rest_route=%2Fwp%2Fv2%2Fmedia&parent=6238"}],"wp:term":[{"taxonomy":"category","embeddable":true,"href":"https:\/\/mersinekonomipolitikagazetesi.com\/index.php?rest_route=%2Fwp%2Fv2%2Fcategories&post=6238"},{"taxonomy":"post_tag","embeddable":true,"href":"https:\/\/mersinekonomipolitikagazetesi.com\/index.php?rest_route=%2Fwp%2Fv2%2Ftags&post=6238"}],"curies":[{"name":"wp","href":"https:\/\/api.w.org\/{rel}","templated":true}]}}