{"id":6239,"date":"2020-11-04T18:26:40","date_gmt":"2020-11-04T15:26:40","guid":{"rendered":"http:\/\/mersinekonomipolitikagazetesi.com\/?p=6239"},"modified":"2020-11-04T18:26:40","modified_gmt":"2020-11-04T15:26:40","slug":"secer-calismasi-zorunlu-olan-personelin-disinda-evde-calisma-sistemi-hayata-geciriliyor","status":"publish","type":"post","link":"https:\/\/mersinekonomipolitikagazetesi.com\/?p=6239","title":{"rendered":"Se\u00e7er: \u201c\u00c7al\u0131\u015fmas\u0131 zorunlu olan personelin  d\u0131\u015f\u0131nda, evde \u00e7al\u0131\u015fma sistemi hayata ge\u00e7iriliyor\u201d"},"content":{"rendered":"<p>Mersin B\u00fcy\u00fck\u015fehir Belediye Ba\u015fkan\u0131 Vahap Se\u00e7er, korona vir\u00fcs \u00f6nlemleri kapsam\u0131nda B\u00fcy\u00fck\u015fehir Belediyesi ve MESK\u0130 personelini asgari d\u00fczeye indirmek i\u00e7in \u00e7al\u0131\u015fma yapt\u0131klar\u0131n\u0131 belirterek, \u201c\u00c7al\u0131\u015fmas\u0131 zorunlu olan personelin d\u0131\u015f\u0131nda, evde \u00e7al\u0131\u015fma sistemi hayata ge\u00e7iriliyor. MESK\u0130\u2019de ar\u0131za ve abone \u015fikayetlerini alan birimler vardiyal\u0131 olarak \u00e7al\u0131\u015facak\u201d dedi.\u00a0<br \/>\nB\u00fcy\u00fck\u015fehir Belediye Ba\u015fkan\u0131 Se\u00e7er, bir a\u00e7\u0131klama yaparak, korona vir\u00fcs ile m\u00fccadele kapsam\u0131nda hayata ge\u00e7irdikleri hizmetler ve al\u0131nan \u00f6nlemlerle ilgili bilgi verdi. Se\u00e7er, ald\u0131klar\u0131 \u00f6nemli kararlar\u0131n duyurusunu da yapt\u0131.\u00a0<br \/>\n\u00c7al\u0131\u015fmas\u0131 zorunlu olan personelin d\u0131\u015f\u0131nda evde \u00e7al\u0131\u015fma sistemini hayata ge\u00e7ireceklerini ifade eden Se\u00e7er, \u201cB\u00fcy\u00fck\u015fehir ve MESK\u0130 personelimizi asgari d\u00fczeye indirmek i\u00e7in baz\u0131 \u00e7al\u0131\u015fmalar yapt\u0131k. E\u011fer uygun i\u015f sahalar\u0131nda yo\u011funlu\u011fu azalt\u0131rsak, bu konuda \u00f6nemli tedbirler alaca\u011f\u0131m\u0131z\u0131 d\u00fc\u015f\u00fcnd\u00fck. \u00c7al\u0131\u015fmas\u0131 zorunlu olan personelin d\u0131\u015f\u0131nda, evde \u00e7al\u0131\u015fma sistemi hayata ge\u00e7iriliyor. Bunun \u00e7al\u0131\u015fmalar\u0131n\u0131 devam ettiriyoruz. MESK\u0130\u2019de ar\u0131za ve abone \u015fikayetlerini alan birimler vardiyal\u0131 olarak \u00e7al\u0131\u015facak. \u00c7al\u0131\u015fanlara Cumhurba\u015fkanl\u0131\u011f\u0131 genelgesi do\u011frultusunda da izin kulland\u0131rabilece\u011fiz\u201d diye konu\u015ftu.\u00a0<\/p>\n<p>Maraton 23-25 Ekim tarihlerinde yap\u0131lacak<br \/>\n\u00a0<br \/>\n22 Mart 2020 Pazar g\u00fcn\u00fc yap\u0131lmas\u0131 planlanan, ancak T\u00fcrkiye\u2019yi etkileyen korona vir\u00fcs tehdidi dolay\u0131s\u0131yla ertelenen 5. Uluslararas\u0131 Mersin Maratonu\u2019nun tarihinin netle\u015fti\u011fini ifade eden Ba\u015fkan Se\u00e7er, Maraton\u2019un 23-25 Ekim\u2019de ger\u00e7ekle\u015ftirilece\u011fini duyurdu. Se\u00e7er, \u201cSanat, spor, festival, k\u00fclt\u00fcr ve etkinlikleri erteledik. Bizim bu hafta sonu 22 Mart\u2019ta Uluslararas\u0131 Maratonumuz vard\u0131. Bizim i\u00e7in \u00f6nemli bir etkinlikti, ancak bunu 23-25 Ekim tarihlerine ertelemek durumunda kald\u0131k\u201d ifadelerini kulland\u0131.\u00a0<\/p>\n<p>Se\u00e7er, t\u00fcm d\u00fcnyan\u0131n m\u00fccadele etti\u011fi COV\u0130D-19 vir\u00fcs\u00fcne kar\u015f\u0131 B\u00fcy\u00fck\u015fehir Belediyesi olarak \u00f6nlem ald\u0131klar\u0131n\u0131 ifade ederek, \u201cHem idareye hem de vatanda\u015flar\u0131m\u0131za \u00f6nemli g\u00f6revler d\u00fc\u015f\u00fcyor. Biz de bu sorun ortaya \u00e7\u0131kt\u0131\u011f\u0131 tarihten itibaren bir dizi \u00f6nlem ald\u0131k ve almaya da devam ediyoruz. Bunu sizlerle beraber yapmak ve ba\u015farmak zorunday\u0131z\u201d \u015feklinde konu\u015ftu.<br \/>\n\u00a0<br \/>\nKorona vir\u00fcs g\u00fcndeme geldi\u011fi ilk g\u00fcnden itibaren B\u00fcy\u00fck\u015fehir Belediyesi olarak h\u0131zla bir\u00e7ok \u00f6nlem ald\u0131klar\u0131n\u0131 kaydeden Se\u00e7er, \u201cBiz bu konu ilk g\u00fcndeme geldi\u011finde, \u015fubat ay\u0131n\u0131n ba\u015f\u0131ndan bu yana bir dizi \u00e7al\u0131\u015fman\u0131n alt\u0131na imza att\u0131k. \u0130lk etapta belediyemizin Salg\u0131n Plan\u0131 6 \u015eubat&#8217;ta \u0130l Sa\u011fl\u0131k M\u00fcd\u00fcrl\u00fc\u011f\u00fcm\u00fcze g\u00f6nderildi. Daha sonra yine \u015fubat ay\u0131n\u0131n ilk haftas\u0131nda Mersin \u00dcniversitesi hocalar\u0131 belediyemizin sa\u011fl\u0131k \u00e7al\u0131\u015fanlar\u0131na, belediyemizin sa\u011fl\u0131k \u00e7al\u0131\u015fanlar\u0131 da personelimize e\u011fitimler verdi. \u00d6zellikle mezarl\u0131k, veterinerlik ve temizlik personelimiz uygulamal\u0131 e\u011fitimden ge\u00e7ti. \u00c7\u00fcnk\u00fc bu birimlerimiz son derece \u00f6nemli ve hijyenin olmas\u0131 gerekti\u011fi birimler\u201d diye konu\u015ftu.\u00a0<br \/>\nSe\u00e7er, korona vir\u00fcsle etkin m\u00fccadele edebilmek ad\u0131na kriz merkezi kurduklar\u0131n\u0131, il\u00e7e belediyeleri ile planl\u0131 ve koordineli bir \u015fekilde \u00e7al\u0131\u015ft\u0131klar\u0131n\u0131 vurgulayarak, \u015funlar\u0131 s\u00f6yledi:\u00a0<br \/>\n\u201cBiz kriz merkezini yap\u0131lan hizmetlerin m\u00fckerrer ve m\u00fcnferit olmamas\u0131, daha planl\u0131 yap\u0131lmas\u0131 i\u00e7in olu\u015fturduk. Burada bir sonraki g\u00fcn\u00fcn planlamas\u0131 yap\u0131l\u0131yor. Her g\u00fcn saat 16.00&#8217;da yap\u0131lan \u00e7al\u0131\u015fmalar raporlan\u0131yor ve dan\u0131\u015fman hekim ile sa\u011fl\u0131k \u00e7al\u0131\u015fanlar\u0131m\u0131z bu konuda 24 saat faaliyetlerini s\u00fcrd\u00fcr\u00fcyorlar. Merkezde salg\u0131n\u0131n kayg\u0131 bozuklu\u011funa y\u00f6nelik olarak gelebilecek olas\u0131 taleplere kar\u015f\u0131 psikolog ve sosyal hizmet uzmanlar\u0131ndan olu\u015fan meslek gruplar\u0131na da yer veriyoruz.\u201d\u00a0<\/p>\n<p>\u201cVatanda\u015flar\u0131m\u0131z\u0131n kalabal\u0131k ve yo\u011fun oldu\u011fu b\u00f6lgeler \u00f6ncelikli olarak dezenfekte ediliyor\u201d<br \/>\n\u00a0<br \/>\nVatanda\u015flar\u0131n s\u0131kl\u0131kla u\u011frad\u0131\u011f\u0131 alanlarda yapt\u0131klar\u0131 dezenfekte \u00e7al\u0131\u015fmalar\u0131 da anlatan Se\u00e7er, \u00f6zellikle okullar\u0131n tatil edilmesi ile birlikte olu\u015fabilecek yolcu yo\u011funlu\u011funa kar\u015f\u0131 otogar\u0131n ila\u00e7land\u0131\u011f\u0131n\u0131 ve dezenfekte edildi\u011fini s\u00f6yledi. Se\u00e7er, \u201cToplu ta\u015f\u0131ma ara\u00e7lar\u0131, ibadethaneler, okullar, muhtarl\u0131k binalar\u0131, huzurevi, dernekler gibi \u00e7ok say\u0131da yurtta\u015f\u0131n bulundu\u011fu mekanlar ekiplerimiz taraf\u0131ndan s\u0131k\u0131 dezenfekte \u00e7al\u0131\u015fmalar\u0131 ile steril hale getiriliyor. \u0130l\u00e7elerden gelen dezenfeksiyon talepleri de kar\u015f\u0131lan\u0131yor. 5 ayr\u0131 ekibimiz var. Her g\u00fcn, binlerce vatanda\u015f\u0131n kulland\u0131\u011f\u0131 ATM\u2019ler ve banka \u015fubeleri de dezenfekte ediliyor. \u00d6zellikle vatanda\u015flar\u0131m\u0131z\u0131n kalabal\u0131k ve yo\u011fun oldu\u011fu b\u00f6lgeler daha \u00f6ncelikli olarak bu i\u015flemlere tabi tutuluyor\u201d dedi.\u00a0<br \/>\nB\u00fcy\u00fck\u015fehir ve MESK\u0130\u2019nin t\u00fcm hizmet birimlerinde de dezenfekte i\u015flemi yap\u0131ld\u0131\u011f\u0131n\u0131 belirten Se\u00e7er, \u201cSa\u011fl\u0131k Bakanl\u0131\u011f\u0131m\u0131z\u0131n Covid rehberi do\u011frultusunda temizlik talimatnamesi olu\u015fturuldu. Bu do\u011frultuda sabah, \u00f6\u011fle ve ak\u015fam mesai bitiminden \u00f6nce t\u00fcm kap\u0131lar, zemin, elektrik d\u00fc\u011fmeleri siliniyor, temizleniyor. Hem\u015fireler kat kat dola\u015f\u0131yor ve bunlar\u0131 kontrol ediyorlar. Personel, hen\u00fcz mesaiye ba\u015flamadan hizmet birimlerimizde sa\u011fl\u0131k ekiplerimiz taraf\u0131ndan muayeneye tabi tutuluyor. Yine ekiplerimiz vatanda\u015flar\u0131m\u0131z\u0131n da ate\u015flerini \u00f6l\u00e7\u00fcyor, sorun g\u00f6rmeleri halinde gerekli bilgilendirmeleri yap\u0131yorlar\u201d diye konu\u015ftu.\u00a0<\/p>\n<p>MESK\u0130\u2019nin su borcundan dolay\u0131 mesken ve i\u015fyerlerinde su kesintisi yapmayaca\u011f\u0131n\u0131 bir kez daha hat\u0131rlatan Se\u00e7er, konu\u015fmas\u0131n\u0131 \u015fu s\u00f6zlerle s\u00fcrd\u00fcrd\u00fc:\u00a0<br \/>\n\u201cMESK\u0130, mobil uygulamay\u0131 devreye ald\u0131. Vatanda\u015flar telefon, tablet ve bilgisayarlar\u0131 \u00fczerinden su faturalar\u0131n\u0131 \u00f6deyebilecekler ve kartl\u0131 saya\u00e7lar\u0131na su y\u00fckleyebilecekler. Bulunduklar\u0131 mahalle ve il genelindeki planl\u0131 ve ar\u0131zalardan kaynakl\u0131 su kesintileri bilgilerine ula\u015fabilecekler. Ge\u00e7mi\u015f \u00f6demelerini g\u00f6r\u00fcnt\u00fcleyebilecekler. Yine Engelliler ve Sa\u011fl\u0131k Hizmetleri Dairesi Ba\u015fkanl\u0131\u011f\u0131na ba\u011fl\u0131 Alzheimer ve Demans Merkezi Hasta ve Hasta Yak\u0131nlar\u0131 Bulu\u015fma Merkezi hizmetlerine tedbir ama\u00e7l\u0131 ara verdik. Ancak ya\u015fl\u0131lar\u0131n evde takip ve kontrollere devam ediyoruz. Yine Ya\u015fl\u0131 Destek Birimi taraf\u0131ndan kimsesiz \u00e7iftler ve yaln\u0131z ya\u015fayan yakla\u015f\u0131k olarak 500 ya\u015fl\u0131 vatanda\u015f\u0131m\u0131z her g\u00fcn aranarak ate\u015f, halsizlik, \u00f6ks\u00fcr\u00fck gibi rahats\u0131zl\u0131klar\u0131 olup olmad\u0131\u011f\u0131 gibi sorunlar\u0131 takip ediliyor. Vir\u00fcsten korunma yollar\u0131 ile ilgili bilgi veriliyor.\u201d\u00a0<\/p>\n<p>Se\u00e7er, B\u00fcy\u00fck\u015fehir Belediyesinin t\u00fcm ileti\u015fim mecralar\u0131n\u0131 kullanarak vatanda\u015flar\u0131 vir\u00fcs konusunda uyard\u0131klar\u0131n\u0131 ve bilgilendirdiklerini ifade ederek, \u201cMecbur kalmad\u0131k\u00e7a evden \u00e7\u0131kmamam\u0131z, kalabal\u0131k ortamlarda bulunmamam\u0131z ve insanlarla yak\u0131n temastan m\u00fcmk\u00fcn oldu\u011funca ka\u00e7\u0131nmam\u0131z gerekiyor\u201d diyerek vatanda\u015flara evde kalmalar\u0131 konusunda \u00e7a\u011fr\u0131da bulundu.\u00a0<br \/>\nSe\u00e7er, \u201cElimizi s\u0131k s\u0131k y\u0131kayal\u0131m. Kolonya ya da di\u011fer dezenfektanlar kullanarak mutlaka elimizi temiz tutmam\u0131z gerekiyor. Umut ediyorum k\u0131sa bir s\u00fcre i\u00e7erisinde insanl\u0131k bu m\u00fccadeleden galip \u00e7\u0131kacak ve hayat\u0131m\u0131z normalle\u015fecek. T\u00fcm yurtta\u015flar\u0131m\u0131za, hem\u015fehrilerimize sa\u011fl\u0131kl\u0131 g\u00fcnler diliyorum\u201d dedi. \u00a0\u00a0<\/p>\n","protected":false},"excerpt":{"rendered":"<p>Mersin B\u00fcy\u00fck\u015fehir Belediye Ba\u015fkan\u0131 Vahap Se\u00e7er, korona vir\u00fcs \u00f6nlemleri kapsam\u0131nda B\u00fcy\u00fck\u015fehir Belediyesi ve MESK\u0130 personelini asgari d\u00fczeye indirmek i\u00e7in \u00e7al\u0131\u015fma yapt\u0131klar\u0131n\u0131 belirterek, \u201c\u00c7al\u0131\u015fmas\u0131 zorunlu olan personelin d\u0131\u015f\u0131nda, evde \u00e7al\u0131\u015fma sistemi &hellip; <a href=\"https:\/\/mersinekonomipolitikagazetesi.com\/?p=6239\" class=\"more-link\">Devam\u0131n\u0131 Oku&#8230;<\/a><\/p>\n","protected":false},"author":1,"featured_media":0,"comment_status":"open","ping_status":"open","sticky":false,"template":"","format":"standard","meta":[],"categories":[],"tags":[],"_links":{"self":[{"href":"https:\/\/mersinekonomipolitikagazetesi.com\/index.php?rest_route=\/wp\/v2\/posts\/6239"}],"collection":[{"href":"https:\/\/mersinekonomipolitikagazetesi.com\/index.php?rest_route=\/wp\/v2\/posts"}],"about":[{"href":"https:\/\/mersinekonomipolitikagazetesi.com\/index.php?rest_route=\/wp\/v2\/types\/post"}],"author":[{"embeddable":true,"href":"https:\/\/mersinekonomipolitikagazetesi.com\/index.php?rest_route=\/wp\/v2\/users\/1"}],"replies":[{"embeddable":true,"href":"https:\/\/mersinekonomipolitikagazetesi.com\/index.php?rest_route=%2Fwp%2Fv2%2Fcomments&post=6239"}],"version-history":[{"count":0,"href":"https:\/\/mersinekonomipolitikagazetesi.com\/index.php?rest_route=\/wp\/v2\/posts\/6239\/revisions"}],"wp:attachment":[{"href":"https:\/\/mersinekonomipolitikagazetesi.com\/index.php?rest_route=%2Fwp%2Fv2%2Fmedia&parent=6239"}],"wp:term":[{"taxonomy":"category","embeddable":true,"href":"https:\/\/mersinekonomipolitikagazetesi.com\/index.php?rest_route=%2Fwp%2Fv2%2Fcategories&post=6239"},{"taxonomy":"post_tag","embeddable":true,"href":"https:\/\/mersinekonomipolitikagazetesi.com\/index.php?rest_route=%2Fwp%2Fv2%2Ftags&post=6239"}],"curies":[{"name":"wp","href":"https:\/\/api.w.org\/{rel}","templated":true}]}}