{"id":6241,"date":"2020-11-04T18:26:40","date_gmt":"2020-11-04T15:26:40","guid":{"rendered":"http:\/\/mersinekonomipolitikagazetesi.com\/?p=6241"},"modified":"2020-11-04T18:26:40","modified_gmt":"2020-11-04T15:26:40","slug":"ozturan-arazozlerle-cadde-ve-sokaklari-da-ilaclayacagiz","status":"publish","type":"post","link":"https:\/\/mersinekonomipolitikagazetesi.com\/?p=6241","title":{"rendered":"\u00d6zturan: \u201cAraz\u00f6zlerle cadde ve sokaklar\u0131 da ila\u00e7layaca\u011f\u0131z\u201d"},"content":{"rendered":"<div><span style=\"font-size: 12px;\">Akdeniz Belediye Ba\u015fkanvekili Zafer \u015eahin \u00d6zturan, belediye olarak korona vir\u00fcse kar\u015f\u0131 adeta seferberlik halinde olduklar\u0131n\u0131 belirterek, araz\u00f6zlere doldurulacak dezenfektan ila\u00e7la cadde ve sokaklar\u0131n da ila\u00e7lanaca\u011f\u0131n\u0131 belirtti.\u00a0<\/span><\/div>\n<div><span style=\"font-size: 12px;\">\u00a0 Akdeniz Belediyesinin, korona vir\u00fcs salg\u0131n\u0131n\u0131n yay\u0131lmas\u0131n\u0131 \u00f6nlemek amac\u0131yla Mersin Valili\u011fi ve B\u00fcy\u00fck\u015fehir Belediyesi ile koordineli olarak gereken ad\u0131mlar\u0131 izlerken, Sivil Savunma Birimi \u00fczerinden olu\u015fturulan \u2018kriz masas\u0131\u2019 arac\u0131\u011f\u0131yla da s\u00fcreci en iyi \u015fekilde y\u00f6netmeye \u00e7al\u0131\u015ft\u0131\u011f\u0131 bildirildi.\u00a0<\/span><\/div>\n<div><span style=\"font-size: 12px;\">\u00a0<\/span><\/div>\n<div><span style=\"font-size: 12px;\">\u00a0 Araz\u00f6zlerle cadde ve sokaklar\u0131 da ila\u00e7lanacak\u00a0<\/span><\/div>\n<div><span style=\"font-size: 12px;\">\u00a0 Salg\u0131na kar\u015f\u0131 yap\u0131lan \u00e7al\u0131\u015fmalar hakk\u0131nda a\u00e7\u0131klama yapan Akdeniz Belediye Ba\u015fkanvekili \u00d6zturan, 20 personelden olu\u015fan mobil ila\u00e7lama ekibinin, kamu-\u00f6zel ay\u0131r\u0131m\u0131 olmadan t\u00fcm i\u015f yeri ve i\u015fletmeler ile vatanda\u015flar\u0131n ortak kulland\u0131\u011f\u0131 mekanlar\u0131, vir\u00fcse kar\u015f\u0131 dezenfekte etti\u011fini kaydetti. \u00d6zturan, \u201c\u0130la\u00e7lama ekibimiz, okul, cami, Kur\u2019an kurslar\u0131 ve mescitler, sa\u011fl\u0131k ocaklar\u0131, g\u00f6\u00e7 idaresi, dernek, oda ve sivil toplum \u00f6rg\u00fctleri, radyo, televizyon, gazete b\u00fcrolar\u0131 ve matbaalar, k\u00fclt\u00fcr merkezleri, muhtarl\u0131klar ve mahalle evleri, adliye binas\u0131 ve tren gar\u0131, Sa\u011fl\u0131k M\u00fcd\u00fcrl\u00fc\u011f\u00fcne ba\u011fl\u0131 kurumlar, eczaneler, DMO ve TMO, polis noktalar\u0131, liman sahas\u0131, bankalar, PTT \u015fubeleri, m\u00fcft\u00fcl\u00fckler, plaza ve lojistik merkezleri ile toplu ta\u015f\u0131ma ara\u00e7lar\u0131n\u0131 korona vir\u00fcs salg\u0131n\u0131na kar\u015f\u0131 ila\u00e7lay\u0131p dezenfekte etmi\u015ftir. Vir\u00fcse kar\u015f\u0131 ila\u00e7lama m\u00fccadelemiz aral\u0131ks\u0131z devam edecek\u201d dedi.\u00a0<\/span><\/div>\n<div><span style=\"font-size: 12px;\">\u00a0 Araz\u00f6zlere doldurulacak dezenfektan ila\u00e7la cadde ve sokaklar\u0131n da vir\u00fcsten ar\u0131nd\u0131r\u0131laca\u011f\u0131n\u0131 kaydeden \u00d6zturan, hafta sonunda da \u00f6zellikle \u00e7ocuklar\u0131n yo\u011fun olarak kulland\u0131\u011f\u0131 park ve oyun alanlar\u0131 ile spor yapmak amac\u0131yla vatanda\u015flar\u0131n u\u011frad\u0131\u011f\u0131 ye\u015fil alanlarda ila\u00e7lama \u00e7al\u0131\u015fmas\u0131 yapacaklar\u0131n\u0131 ifade etti. \u00d6zturan, Zab\u0131ta M\u00fcd\u00fcrl\u00fc\u011f\u00fcne ba\u011fl\u0131 ekiplerin de \u0130\u00e7i\u015fleri Bakanl\u0131\u011f\u0131n\u0131n yay\u0131nlad\u0131\u011f\u0131 genelgeye uyulup uyulmad\u0131\u011f\u0131 noktas\u0131nda, kapal\u0131 olmas\u0131 gereken i\u015f yerlerine y\u00f6nelik denetimlerini gece-g\u00fcnd\u00fcz s\u00fcrd\u00fcrd\u00fcklerini s\u00f6yledi. \u00d6zturan, semt pazarlar\u0131n\u0131 denetleyen zab\u0131ta ekiplerinin, pazarc\u0131 esnaf\u0131na eldiven ve maske da\u011f\u0131tarak uyar\u0131lar yapt\u0131\u011f\u0131n\u0131 da dile getirdi.\u00a0\u00a0<\/span><\/div>\n<div><span style=\"font-size: 12px;\">\u00a0<\/span><\/div>\n<div><span style=\"font-size: 12px;\">\u00a0 Zorunlu haller d\u0131\u015f\u0131nda \u2018evden \u00e7\u0131kmama\u2019 \u00e7a\u011fr\u0131s\u0131\u00a0<\/span><\/div>\n<div><span style=\"font-size: 12px;\">\u00a0 Vatanda\u015flara, zorunlu olmad\u0131k\u00e7a evden \u00e7\u0131kmama \u00e7a\u011fr\u0131s\u0131 da yapan Ba\u015fkanvekili \u00d6zturan, \u201cMaalesef bu vir\u00fcs\u00fc ilk g\u00fcnlerde ciddiye almayan baz\u0131 \u00fclkelerde bug\u00fcn ya\u015fanan can kay\u0131plar\u0131 ve vaka say\u0131lar\u0131 g\u00f6z \u00f6n\u00fcne al\u0131nd\u0131\u011f\u0131nda; halk olarak bizim yapmam\u0131z gereken; zorunlu olmad\u0131k\u00e7a evlerimizden d\u0131\u015far\u0131 \u00e7\u0131kmamak, kalabal\u0131k ortamlardan kesinlikle uzak durmak ve birebir temas\u0131 en aza indirmektir. \u00c7\u00fcnk\u00fc bu vir\u00fcs \u00f6zellikle temas yoluyla insandan insana bula\u015f\u0131yor. Bu nedenle temas\u0131 ne kadar azalt\u0131rsak, korona vir\u00fcs\u00fc de o kadar kolay ve \u00e7abuk yenebiliriz. Devletimizin belirledi\u011fi kurallara mutlaka uymal\u0131, kendimizi, ailemizi ve toplumu riske atmamal\u0131y\u0131z. Bu zorlu g\u00fcnlerde toplum olarak, temizlik ve hijyen kurallar\u0131na \u00e7ok daha fazla dikkat etmemiz gerekti\u011fini bir kez daha ifade ediyor, t\u00fcm vatanda\u015flar\u0131m\u0131za sevgi ve sayg\u0131lar\u0131m\u0131 sunuyorum\u201d ifadelerini kulland\u0131.\u00a0<\/span><\/div>\n","protected":false},"excerpt":{"rendered":"<p>Akdeniz Belediye Ba\u015fkanvekili Zafer \u015eahin \u00d6zturan, belediye olarak korona vir\u00fcse kar\u015f\u0131 adeta seferberlik halinde olduklar\u0131n\u0131 belirterek, araz\u00f6zlere doldurulacak dezenfektan ila\u00e7la cadde ve sokaklar\u0131n da ila\u00e7lanaca\u011f\u0131n\u0131 belirtti.\u00a0 \u00a0 Akdeniz Belediyesinin, korona &hellip; <a href=\"https:\/\/mersinekonomipolitikagazetesi.com\/?p=6241\" class=\"more-link\">Devam\u0131n\u0131 Oku&#8230;<\/a><\/p>\n","protected":false},"author":1,"featured_media":0,"comment_status":"open","ping_status":"open","sticky":false,"template":"","format":"standard","meta":[],"categories":[],"tags":[],"_links":{"self":[{"href":"https:\/\/mersinekonomipolitikagazetesi.com\/index.php?rest_route=\/wp\/v2\/posts\/6241"}],"collection":[{"href":"https:\/\/mersinekonomipolitikagazetesi.com\/index.php?rest_route=\/wp\/v2\/posts"}],"about":[{"href":"https:\/\/mersinekonomipolitikagazetesi.com\/index.php?rest_route=\/wp\/v2\/types\/post"}],"author":[{"embeddable":true,"href":"https:\/\/mersinekonomipolitikagazetesi.com\/index.php?rest_route=\/wp\/v2\/users\/1"}],"replies":[{"embeddable":true,"href":"https:\/\/mersinekonomipolitikagazetesi.com\/index.php?rest_route=%2Fwp%2Fv2%2Fcomments&post=6241"}],"version-history":[{"count":0,"href":"https:\/\/mersinekonomipolitikagazetesi.com\/index.php?rest_route=\/wp\/v2\/posts\/6241\/revisions"}],"wp:attachment":[{"href":"https:\/\/mersinekonomipolitikagazetesi.com\/index.php?rest_route=%2Fwp%2Fv2%2Fmedia&parent=6241"}],"wp:term":[{"taxonomy":"category","embeddable":true,"href":"https:\/\/mersinekonomipolitikagazetesi.com\/index.php?rest_route=%2Fwp%2Fv2%2Fcategories&post=6241"},{"taxonomy":"post_tag","embeddable":true,"href":"https:\/\/mersinekonomipolitikagazetesi.com\/index.php?rest_route=%2Fwp%2Fv2%2Ftags&post=6241"}],"curies":[{"name":"wp","href":"https:\/\/api.w.org\/{rel}","templated":true}]}}