{"id":6243,"date":"2020-11-04T18:26:40","date_gmt":"2020-11-04T15:26:40","guid":{"rendered":"http:\/\/mersinekonomipolitikagazetesi.com\/?p=6243"},"modified":"2020-11-04T18:26:40","modified_gmt":"2020-11-04T15:26:40","slug":"ekmege-yuzde-25-zam","status":"publish","type":"post","link":"https:\/\/mersinekonomipolitikagazetesi.com\/?p=6243","title":{"rendered":"Ekme\u011fe y\u00fczde  25 zam..!"},"content":{"rendered":"<p>Mersin\u2019de ekme\u011fe zam geldi. Gram\u0131 de\u011fi\u015fmeyen ekmekler 1 liradan 1 lira 25 kuru\u015fa sat\u0131lmaya ba\u015fland\u0131. Vatanda\u015f, \u201cEkme\u011fe yap\u0131lan zamlar yoksulu zor durumda b\u0131rakacak.\u201d ifadelerini kulland\u0131.<\/p>\n<div><span style=\"font-size: 12px;\">Mersinliler corona vir\u00fcs\u00fc ile sa\u011fl\u0131k ve ekonomik endi\u015feler ya\u015farken, bakkal ve baz\u0131 f\u0131r\u0131nlardaki ekmek zamm\u0131 ile kar\u015f\u0131la\u015ft\u0131. Y\u00fczde 25\u2019lik zamm\u0131n neden yap\u0131ld\u0131\u011f\u0131n\u0131 bilmediklerini belirten Mersinliler, \u201cToplumumuz b\u00fcy\u00fck bir hastal\u0131kla sava\u015f\u0131yor. Bakkal ve f\u0131r\u0131nlarda yap\u0131lan zamlar yoksulu zor durumda b\u0131rakacak. Ekmekte b\u00f6yle bir d\u00f6nemde zam yoluna gidilmesi kesinlikle do\u011fru de\u011fil.\u201d diyerek tepki g\u00f6sterdiler.<\/span><\/div>\n<div><span style=\"font-size: 12px;\">\u00a0<\/span><\/div>\n<div><span style=\"font-size: 12px;\">\u201cZam karar\u0131 zaten al\u0131nm\u0131\u015ft\u0131\u201d<\/span><\/div>\n<div><span style=\"font-size: 12px;\">\u00a0<\/span><\/div>\n<div><span style=\"font-size: 12px;\">F\u0131r\u0131nc\u0131lar ve bakkal i\u015fletmecileri ise ger\u00e7ekle\u015ftirilen zamm\u0131n bir y\u0131la yak\u0131nd\u0131r raflarda bekledi\u011fini belirterek, \u201cBu karar uzun zamand\u0131r vard\u0131. Fakat ger\u00e7ekle\u015fmesi i\u00e7in ucuza ekmek satan yerlerin de karara uymas\u0131n\u0131 bekliyorduk. Ekme\u011fi 75 kuru\u015fa veren i\u015fletmeler zamma gidince bizlerde ekme\u011fi 1 lira 25 kuru\u015fa sat\u0131\u015flara ba\u015flad\u0131k.&#8221; \u015feklinde konu\u015ftu.<\/span><\/div>\n","protected":false},"excerpt":{"rendered":"<p>Mersin\u2019de ekme\u011fe zam geldi. Gram\u0131 de\u011fi\u015fmeyen ekmekler 1 liradan 1 lira 25 kuru\u015fa sat\u0131lmaya ba\u015fland\u0131. Vatanda\u015f, \u201cEkme\u011fe yap\u0131lan zamlar yoksulu zor durumda b\u0131rakacak.\u201d ifadelerini kulland\u0131. Mersinliler corona vir\u00fcs\u00fc ile sa\u011fl\u0131k &hellip; <a href=\"https:\/\/mersinekonomipolitikagazetesi.com\/?p=6243\" class=\"more-link\">Devam\u0131n\u0131 Oku&#8230;<\/a><\/p>\n","protected":false},"author":1,"featured_media":0,"comment_status":"open","ping_status":"open","sticky":false,"template":"","format":"standard","meta":[],"categories":[],"tags":[],"_links":{"self":[{"href":"https:\/\/mersinekonomipolitikagazetesi.com\/index.php?rest_route=\/wp\/v2\/posts\/6243"}],"collection":[{"href":"https:\/\/mersinekonomipolitikagazetesi.com\/index.php?rest_route=\/wp\/v2\/posts"}],"about":[{"href":"https:\/\/mersinekonomipolitikagazetesi.com\/index.php?rest_route=\/wp\/v2\/types\/post"}],"author":[{"embeddable":true,"href":"https:\/\/mersinekonomipolitikagazetesi.com\/index.php?rest_route=\/wp\/v2\/users\/1"}],"replies":[{"embeddable":true,"href":"https:\/\/mersinekonomipolitikagazetesi.com\/index.php?rest_route=%2Fwp%2Fv2%2Fcomments&post=6243"}],"version-history":[{"count":0,"href":"https:\/\/mersinekonomipolitikagazetesi.com\/index.php?rest_route=\/wp\/v2\/posts\/6243\/revisions"}],"wp:attachment":[{"href":"https:\/\/mersinekonomipolitikagazetesi.com\/index.php?rest_route=%2Fwp%2Fv2%2Fmedia&parent=6243"}],"wp:term":[{"taxonomy":"category","embeddable":true,"href":"https:\/\/mersinekonomipolitikagazetesi.com\/index.php?rest_route=%2Fwp%2Fv2%2Fcategories&post=6243"},{"taxonomy":"post_tag","embeddable":true,"href":"https:\/\/mersinekonomipolitikagazetesi.com\/index.php?rest_route=%2Fwp%2Fv2%2Ftags&post=6243"}],"curies":[{"name":"wp","href":"https:\/\/api.w.org\/{rel}","templated":true}]}}