{"id":6250,"date":"2020-11-04T18:26:42","date_gmt":"2020-11-04T15:26:42","guid":{"rendered":"http:\/\/mersinekonomipolitikagazetesi.com\/?p=6250"},"modified":"2020-11-04T18:26:42","modified_gmt":"2020-11-04T15:26:42","slug":"mersinin-yuksek-kesimlerinde-buzul-manzarasi","status":"publish","type":"post","link":"https:\/\/mersinekonomipolitikagazetesi.com\/?p=6250","title":{"rendered":"Mersin&#8217;in y\u00fcksek kesimlerinde buzul manzaras\u0131"},"content":{"rendered":"<div><span style=\"font-size: 12px;\">\u00a0Mersin&#8217;in Silifke il\u00e7esinde a\u011fa\u00e7lar \u00fczerinde donan sular\u0131n olu\u015fturdu\u011fu buzul manzaras\u0131 seyre doyumsuz g\u00f6r\u00fcnt\u00fcler olu\u015fturdu. Sibirya&#8217;y\u0131 and\u0131ran g\u00f6r\u00fcnt\u00fcler, bir vatanda\u015f taraf\u0131ndan cep telefonuyla kaydedildi.\u00a0 \u00a0<\/span><\/div>\n<div><span style=\"font-size: 12px;\">\u00a0 \u0130l\u00e7eye ba\u011fl\u0131 Sar\u0131ayd\u0131n Mahallesinden ge\u00e7en Mustafa Yoku\u015f, yol kenar\u0131nda adeta Sibirya&#8217;y\u0131 and\u0131ran buzul manzaras\u0131n\u0131 fark etti. Buzullar i\u00e7inde dola\u015fan Yoku\u015f, manzaraya\u00a0 hayran kal\u0131p \u00e7evreyi cep telefonuyla kaydetti. \u0130l\u00e7enin y\u00fcksek kesimlerinde \u00f6nceki g\u00fcn etkili olan ya\u011fmur sonras\u0131 \u015fiddetli zirai don ya\u015fand\u0131. Elma a\u011fa\u00e7lar\u0131 \u00fczerinde borulardan s\u0131\u00e7rayan sular\u00a0 aniden dondu. Ortaya ise seyrine doyulmaz buzul manzaralar\u0131 \u00e7\u0131kt\u0131.\u00a0<\/span><\/div>\n<div><span style=\"font-size: 12px;\">\u00a0 Buzul manzaras\u0131n\u0131 telefonuyla g\u00f6r\u00fcnt\u00fcleyen Yoku\u015f, &#8220;Tesad\u00fcfen g\u00f6rd\u00fc\u011f\u00fcm\u00fcz manzaradan video \u00e7ekelim dedik. Mart ay\u0131 sonuna gelinmesine ra\u011fmen bir buzul manzaras\u0131 ile kar\u015f\u0131la\u015ft\u0131k. Bug\u00fcn hava g\u00fcne\u015fli, \u00e7i\u00e7ekler a\u00e7m\u0131\u015f ama bir tarafta da buzul manzaras\u0131 var&#8221; dedi.\u00a0<\/span><\/div>\n<div><span style=\"font-size: 12px;\">\u00a0 Mustafa Besili ise &#8220;Mart sonuna do\u011fru olmas\u0131na ra\u011fmen\u00a0 her yeri buz tutmu\u015f, \u00e7ok g\u00fczel bir manzara olmu\u015f. Bir tarafta \u00e7i\u00e7ekler a\u00e7\u0131yor, bir tarafta buz tutuyor&#8221; diye konu\u015ftu.\u00a0<\/span><\/div>\n","protected":false},"excerpt":{"rendered":"<p>\u00a0Mersin&#8217;in Silifke il\u00e7esinde a\u011fa\u00e7lar \u00fczerinde donan sular\u0131n olu\u015fturdu\u011fu buzul manzaras\u0131 seyre doyumsuz g\u00f6r\u00fcnt\u00fcler olu\u015fturdu. Sibirya&#8217;y\u0131 and\u0131ran g\u00f6r\u00fcnt\u00fcler, bir vatanda\u015f taraf\u0131ndan cep telefonuyla kaydedildi.\u00a0 \u00a0 \u00a0 \u0130l\u00e7eye ba\u011fl\u0131 Sar\u0131ayd\u0131n Mahallesinden ge\u00e7en &hellip; <a href=\"https:\/\/mersinekonomipolitikagazetesi.com\/?p=6250\" class=\"more-link\">Devam\u0131n\u0131 Oku&#8230;<\/a><\/p>\n","protected":false},"author":1,"featured_media":0,"comment_status":"open","ping_status":"open","sticky":false,"template":"","format":"standard","meta":[],"categories":[],"tags":[],"_links":{"self":[{"href":"https:\/\/mersinekonomipolitikagazetesi.com\/index.php?rest_route=\/wp\/v2\/posts\/6250"}],"collection":[{"href":"https:\/\/mersinekonomipolitikagazetesi.com\/index.php?rest_route=\/wp\/v2\/posts"}],"about":[{"href":"https:\/\/mersinekonomipolitikagazetesi.com\/index.php?rest_route=\/wp\/v2\/types\/post"}],"author":[{"embeddable":true,"href":"https:\/\/mersinekonomipolitikagazetesi.com\/index.php?rest_route=\/wp\/v2\/users\/1"}],"replies":[{"embeddable":true,"href":"https:\/\/mersinekonomipolitikagazetesi.com\/index.php?rest_route=%2Fwp%2Fv2%2Fcomments&post=6250"}],"version-history":[{"count":0,"href":"https:\/\/mersinekonomipolitikagazetesi.com\/index.php?rest_route=\/wp\/v2\/posts\/6250\/revisions"}],"wp:attachment":[{"href":"https:\/\/mersinekonomipolitikagazetesi.com\/index.php?rest_route=%2Fwp%2Fv2%2Fmedia&parent=6250"}],"wp:term":[{"taxonomy":"category","embeddable":true,"href":"https:\/\/mersinekonomipolitikagazetesi.com\/index.php?rest_route=%2Fwp%2Fv2%2Fcategories&post=6250"},{"taxonomy":"post_tag","embeddable":true,"href":"https:\/\/mersinekonomipolitikagazetesi.com\/index.php?rest_route=%2Fwp%2Fv2%2Ftags&post=6250"}],"curies":[{"name":"wp","href":"https:\/\/api.w.org\/{rel}","templated":true}]}}