{"id":6251,"date":"2020-11-04T18:26:42","date_gmt":"2020-11-04T15:26:42","guid":{"rendered":"http:\/\/mersinekonomipolitikagazetesi.com\/?p=6251"},"modified":"2020-11-04T18:26:42","modified_gmt":"2020-11-04T15:26:42","slug":"mersinde-65-yas-ustu-icin-vefa-sosyal-destek-grubu-olusturuldu","status":"publish","type":"post","link":"https:\/\/mersinekonomipolitikagazetesi.com\/?p=6251","title":{"rendered":"Mersin&#8217;de 65 ya\u015f \u00fcst\u00fc i\u00e7in &#8216;Vefa Sosyal Destek Grubu&#8217; olu\u015fturuldu"},"content":{"rendered":"<div><span style=\"font-size: 12px;\">Mersin Valisi Ali \u0130hsan Su, korona vir\u00fcs tedbirleri kapsam\u0131nda 65 ya\u015f \u00fcst\u00fc ve kronik rahats\u0131zl\u0131klar\u0131 olan vatanda\u015flar i\u00e7in ikametlerinden d\u0131\u015far\u0131ya \u00e7\u0131kmalar\u0131n\u0131n s\u0131n\u0131rland\u0131r\u0131ld\u0131\u011f\u0131n\u0131 hat\u0131rlatarak, bu ki\u015filerin ihtiya\u00e7lar\u0131n\u0131n kar\u015f\u0131lanmas\u0131 i\u00e7in\u00a0 &#8216;Vefa Sosyal Destek Grubu&#8217; olu\u015fturduklar\u0131n\u0131 bildirildi.\u00a0 \u00a0<\/span><\/div>\n<div><span style=\"font-size: 12px;\">\u00a0 Su, konuya ili\u015fkin sosyal medya hesab\u0131ndan yapt\u0131\u011f\u0131 a\u00e7\u0131klamada, \u0130\u00e7i\u015fleri Bakanl\u0131\u011f\u0131nca korona vir\u00fcs tedbirleri kapsam\u0131nda 21 Mart saat 24.00 itibariyle 65 ya\u015f \u00fcst\u00fc ve kronik rahats\u0131zl\u0131\u011f\u0131 olan vatanda\u015flar\u0131n ikametlerinden d\u0131\u015far\u0131 \u00e7\u0131kmalar\u0131n\u0131n s\u0131n\u0131rland\u0131r\u0131ld\u0131\u011f\u0131n\u0131 an\u0131msatarak, &#8220;K\u0131ymetli Mersinliler, korona vir\u00fcs tedbirleri kapsam\u0131nda bu gece (21 Mart Cumartesi) saat 24.00 itibariyle 65 ya\u015f \u00fcst\u00fc ve kronik rahats\u0131zl\u0131\u011f\u0131 olan vatanda\u015flar\u0131m\u0131z\u0131n ikametlerinden d\u0131\u015far\u0131 \u00e7\u0131kmalar\u0131 s\u0131n\u0131rland\u0131r\u0131lm\u0131\u015ft\u0131r. L\u00fctfen hepimizin sa\u011fl\u0131\u011f\u0131 i\u00e7in tedbirlere uyal\u0131m. Bu kapsamda ilimizde gerekli tedbirler al\u0131nm\u0131\u015f olup vefa sosyal destek gruplar\u0131 olu\u015fturulmu\u015ftur. Vatanda\u015flar\u0131m\u0131z\u0131n hizmetindeyiz&#8221; dedi.\u00a0<\/span><\/div>\n","protected":false},"excerpt":{"rendered":"<p>Mersin Valisi Ali \u0130hsan Su, korona vir\u00fcs tedbirleri kapsam\u0131nda 65 ya\u015f \u00fcst\u00fc ve kronik rahats\u0131zl\u0131klar\u0131 olan vatanda\u015flar i\u00e7in ikametlerinden d\u0131\u015far\u0131ya \u00e7\u0131kmalar\u0131n\u0131n s\u0131n\u0131rland\u0131r\u0131ld\u0131\u011f\u0131n\u0131 hat\u0131rlatarak, bu ki\u015filerin ihtiya\u00e7lar\u0131n\u0131n kar\u015f\u0131lanmas\u0131 i\u00e7in\u00a0 &#8216;Vefa Sosyal &hellip; <a href=\"https:\/\/mersinekonomipolitikagazetesi.com\/?p=6251\" class=\"more-link\">Devam\u0131n\u0131 Oku&#8230;<\/a><\/p>\n","protected":false},"author":1,"featured_media":0,"comment_status":"open","ping_status":"open","sticky":false,"template":"","format":"standard","meta":[],"categories":[],"tags":[],"_links":{"self":[{"href":"https:\/\/mersinekonomipolitikagazetesi.com\/index.php?rest_route=\/wp\/v2\/posts\/6251"}],"collection":[{"href":"https:\/\/mersinekonomipolitikagazetesi.com\/index.php?rest_route=\/wp\/v2\/posts"}],"about":[{"href":"https:\/\/mersinekonomipolitikagazetesi.com\/index.php?rest_route=\/wp\/v2\/types\/post"}],"author":[{"embeddable":true,"href":"https:\/\/mersinekonomipolitikagazetesi.com\/index.php?rest_route=\/wp\/v2\/users\/1"}],"replies":[{"embeddable":true,"href":"https:\/\/mersinekonomipolitikagazetesi.com\/index.php?rest_route=%2Fwp%2Fv2%2Fcomments&post=6251"}],"version-history":[{"count":0,"href":"https:\/\/mersinekonomipolitikagazetesi.com\/index.php?rest_route=\/wp\/v2\/posts\/6251\/revisions"}],"wp:attachment":[{"href":"https:\/\/mersinekonomipolitikagazetesi.com\/index.php?rest_route=%2Fwp%2Fv2%2Fmedia&parent=6251"}],"wp:term":[{"taxonomy":"category","embeddable":true,"href":"https:\/\/mersinekonomipolitikagazetesi.com\/index.php?rest_route=%2Fwp%2Fv2%2Fcategories&post=6251"},{"taxonomy":"post_tag","embeddable":true,"href":"https:\/\/mersinekonomipolitikagazetesi.com\/index.php?rest_route=%2Fwp%2Fv2%2Ftags&post=6251"}],"curies":[{"name":"wp","href":"https:\/\/api.w.org\/{rel}","templated":true}]}}