{"id":6253,"date":"2020-11-04T18:26:42","date_gmt":"2020-11-04T15:26:42","guid":{"rendered":"http:\/\/mersinekonomipolitikagazetesi.com\/?p=6253"},"modified":"2020-11-04T18:26:42","modified_gmt":"2020-11-04T15:26:42","slug":"mersin-buyuksehir-belediyesi-evde-kalan-yaslilari-unutmuyor","status":"publish","type":"post","link":"https:\/\/mersinekonomipolitikagazetesi.com\/?p=6253","title":{"rendered":"Mersin B\u00fcy\u00fck\u015fehir Belediyesi evde kalan ya\u015fl\u0131lar\u0131 unutmuyor"},"content":{"rendered":"<div><span style=\"font-size: 12px;\">Mersin B\u00fcy\u00fck\u015fehir Belediyesi, korona vir\u00fcs tedbirleri kapsam\u0131nda kurumlar taraf\u0131ndan yap\u0131lan &#8216;evde kal&#8217; \u00e7a\u011fr\u0131lar\u0131na uyarak evlerinde zaman ge\u00e7iren ya\u015f alm\u0131\u015f kimsesiz vatanda\u015flar\u0131 yaln\u0131z b\u0131rakm\u0131yor.\u00a0 \u00a0<\/span><\/div>\n<div><span style=\"font-size: 12px;\">\u00a0 B\u00fcy\u00fck\u015fehir Belediyesinden yap\u0131lan a\u00e7\u0131klamaya g\u00f6re, Engelliler ve Sa\u011fl\u0131k Hizmetleri Dairesi Ba\u015fkanl\u0131\u011f\u0131 b\u00fcnyesindeki Ya\u015fl\u0131 Destek Hizmetleri ve Evde Sa\u011fl\u0131k, Bak\u0131m ve Destek Hizmeti 500 ya\u015f alm\u0131\u015f, kimsesiz ve bak\u0131ma muhta\u00e7 vatanda\u015fa d\u00fczenli olarak destek sa\u011flarken, kurumlar taraf\u0131ndan yap\u0131lan &#8216;evde kal&#8217; \u00e7a\u011fr\u0131s\u0131na uyarak zamanlar\u0131n\u0131 evlerinde de\u011ferlendirmek durumunda kalan ya\u015fl\u0131lar\u0131, ge\u00e7irdikleri zorlu s\u00fcre\u00e7te de yaln\u0131z b\u0131rakm\u0131yor. Ekipler g\u00fcnl\u00fck olarak ya\u015fl\u0131lar\u0131 arayarak hem korona vir\u00fcs ile ilgili bilgilendirmede bulunuyor hem de durumlar\u0131n\u0131 ve ihtiya\u00e7lar\u0131n\u0131 sorarak &#8216;manevi evlat&#8217; hissini ya\u015fat\u0131yor.\u00a0<\/span><\/div>\n<div><span style=\"font-size: 12px;\">\u00a0 Bu kapsamda, Ya\u015fl\u0131 Destek Hizmetleri b\u00fcnyesinde g\u00f6rev alan personelden \u0130smail G\u00fcne\u015f, ya\u015f alm\u0131\u015f ve kimsesiz vatanda\u015flar\u0131 g\u00fcnl\u00fck olarak arad\u0131klar\u0131n\u0131 s\u00f6yledi. G\u00f6r\u00fc\u015fmelerin detaylar\u0131ndan bahseden G\u00fcne\u015f, \u201c\u00d6nceden arama yapt\u0131\u011f\u0131m\u0131z ya\u015fl\u0131lar\u0131m\u0131za ev ziyaretlerine gidiyorduk. Onlar\u0131n yaln\u0131z hissetmemelerini sa\u011fl\u0131yorduk. Korona vir\u00fcs s\u00fcrecinden sonra her g\u00fcn telefonla arayarak sa\u011fl\u0131k ve s\u0131hhatlerini sorarak korona vir\u00fcs hakk\u0131nda bilgi veriyoruz\u201d dedi.\u00a0<\/span><\/div>\n<div><span style=\"font-size: 12px;\">\u00a0 \u201cG\u00fcnl\u00fck kulland\u0131klar\u0131 ila\u00e7lar\u0131n saatlerini hat\u0131rlat\u0131yoruz\u201d\u00a0<\/span><\/div>\n<div><span style=\"font-size: 12px;\">\u00a0 Ya\u015fl\u0131lara kurumlar taraf\u0131ndan kontrol amac\u0131yla geldiklerini s\u00f6yleyen ki\u015filere kar\u015f\u0131 da dikkatli olmalar\u0131 gerekti\u011fini hat\u0131rlatt\u0131klar\u0131n\u0131 belirten G\u00fcne\u015f, \u201cBu s\u00fcre\u00e7te h\u0131rs\u0131zl\u0131k olaylar\u0131na kar\u015f\u0131 daha duyarl\u0131 olmalar\u0131 gerekti\u011fini, Sa\u011fl\u0131k Bakanl\u0131\u011f\u0131&#8217;ndan veya Mersin B\u00fcy\u00fck\u015fehir Belediyesi\u2019nden arayarak dezenfekte etmek i\u00e7in evlerine gelmek istediklerini s\u00f6yleyenlere itibar etmemeleri gerekti\u011fini s\u00f6yl\u00fcyoruz. Kronik rahats\u0131zl\u0131klar\u0131 olanlar\u0131n g\u00fcnl\u00fck kulland\u0131klar\u0131 ila\u00e7lar\u0131n saatlerini hat\u0131rlat\u0131yoruz. Evde yaln\u0131z kald\u0131klar\u0131 s\u00fcre\u00e7 i\u00e7erisinde s\u0131k\u0131lmamalar\u0131 i\u00e7in onlara destek olmaya \u00e7al\u0131\u015f\u0131yoruz. Ayr\u0131ca vir\u00fcs riskine kar\u015f\u0131 nas\u0131l korunmalar\u0131 gerekti\u011fini alt\u0131n\u0131 \u00e7izerek anlat\u0131yoruz\u201d diye konu\u015ftu.\u00a0<\/span><\/div>\n<div><span style=\"font-size: 12px;\">\u00a0 \u201cAmac\u0131m\u0131z kendilerini yaln\u0131z hissetmemelerini sa\u011flamak\u201d\u00a0<\/span><\/div>\n<div><span style=\"font-size: 12px;\">\u00a0 G\u00fcnl\u00fck aramalar\u0131n ya\u015fl\u0131larda &#8216;manevi evlat&#8217; hissiyat\u0131 olu\u015fturarak mutlu olmalar\u0131n\u0131 sa\u011flad\u0131\u011f\u0131n\u0131 kaydeden G\u00fcne\u015f, \u201cBizim buradaki amac\u0131m\u0131z, evin birer manevi evlad\u0131 olmak ve onlara kendimizi yak\u0131n hissettirmek, kendilerini yaln\u0131z hissetmemelerini sa\u011flamak. Yaln\u0131z olmad\u0131klar\u0131n\u0131, Mersin B\u00fcy\u00fck\u015fehir Belediyesi\u2019nin yanlar\u0131nda olduklar\u0131n\u0131 bilmelerini istiyoruz ve her g\u00fcn arayarak onlarla g\u00fcncel konular hakk\u0131nda da konu\u015fuyoruz\u201d ifadelerini kulland\u0131.\u00a0<\/span><\/div>\n","protected":false},"excerpt":{"rendered":"<p>Mersin B\u00fcy\u00fck\u015fehir Belediyesi, korona vir\u00fcs tedbirleri kapsam\u0131nda kurumlar taraf\u0131ndan yap\u0131lan &#8216;evde kal&#8217; \u00e7a\u011fr\u0131lar\u0131na uyarak evlerinde zaman ge\u00e7iren ya\u015f alm\u0131\u015f kimsesiz vatanda\u015flar\u0131 yaln\u0131z b\u0131rakm\u0131yor.\u00a0 \u00a0 \u00a0 B\u00fcy\u00fck\u015fehir Belediyesinden yap\u0131lan a\u00e7\u0131klamaya g\u00f6re, &hellip; <a href=\"https:\/\/mersinekonomipolitikagazetesi.com\/?p=6253\" class=\"more-link\">Devam\u0131n\u0131 Oku&#8230;<\/a><\/p>\n","protected":false},"author":1,"featured_media":0,"comment_status":"open","ping_status":"open","sticky":false,"template":"","format":"standard","meta":[],"categories":[],"tags":[],"_links":{"self":[{"href":"https:\/\/mersinekonomipolitikagazetesi.com\/index.php?rest_route=\/wp\/v2\/posts\/6253"}],"collection":[{"href":"https:\/\/mersinekonomipolitikagazetesi.com\/index.php?rest_route=\/wp\/v2\/posts"}],"about":[{"href":"https:\/\/mersinekonomipolitikagazetesi.com\/index.php?rest_route=\/wp\/v2\/types\/post"}],"author":[{"embeddable":true,"href":"https:\/\/mersinekonomipolitikagazetesi.com\/index.php?rest_route=\/wp\/v2\/users\/1"}],"replies":[{"embeddable":true,"href":"https:\/\/mersinekonomipolitikagazetesi.com\/index.php?rest_route=%2Fwp%2Fv2%2Fcomments&post=6253"}],"version-history":[{"count":0,"href":"https:\/\/mersinekonomipolitikagazetesi.com\/index.php?rest_route=\/wp\/v2\/posts\/6253\/revisions"}],"wp:attachment":[{"href":"https:\/\/mersinekonomipolitikagazetesi.com\/index.php?rest_route=%2Fwp%2Fv2%2Fmedia&parent=6253"}],"wp:term":[{"taxonomy":"category","embeddable":true,"href":"https:\/\/mersinekonomipolitikagazetesi.com\/index.php?rest_route=%2Fwp%2Fv2%2Fcategories&post=6253"},{"taxonomy":"post_tag","embeddable":true,"href":"https:\/\/mersinekonomipolitikagazetesi.com\/index.php?rest_route=%2Fwp%2Fv2%2Ftags&post=6253"}],"curies":[{"name":"wp","href":"https:\/\/api.w.org\/{rel}","templated":true}]}}