{"id":6255,"date":"2020-11-04T18:26:42","date_gmt":"2020-11-04T15:26:42","guid":{"rendered":"http:\/\/mersinekonomipolitikagazetesi.com\/?p=6255"},"modified":"2020-11-04T18:26:42","modified_gmt":"2020-11-04T15:26:42","slug":"tarsusta-65-yas-ustu-30-bin-vatandasa-ucretsiz-gida-kolisi-dagitilacak","status":"publish","type":"post","link":"https:\/\/mersinekonomipolitikagazetesi.com\/?p=6255","title":{"rendered":"Tarsus&#8217;ta 65 ya\u015f \u00fcst\u00fc 30 bin vatanda\u015fa \u00fccretsiz g\u0131da kolisi da\u011f\u0131t\u0131lacak"},"content":{"rendered":"<div><span style=\"font-size: 12px;\">Tarsus Belediyesi, 65 ya\u015f \u00fcst\u00fc vatanda\u015flar\u0131n evde kalmalar\u0131n\u0131 sa\u011flamak i\u00e7in il\u00e7ede bulunan 30 bin ya\u015fl\u0131 vatanda\u015fa ula\u015ft\u0131r\u0131lmak \u00fczere \u00fccretsiz g\u0131da kolisi haz\u0131rlad\u0131.\u00a0 \u00a0<\/span><\/div>\n<div><span style=\"font-size: 12px;\">\u00a0 Tarsus Belediyesi, korona vir\u00fcse kar\u015f\u0131 ba\u015flatt\u0131\u011f\u0131 m\u00fccadelenin kapsam\u0131n\u0131 geni\u015fletiyor. Belediye Ba\u015fkan\u0131 Haluk Bozdo\u011fan&#8217;\u0131n talimat\u0131yla vir\u00fcse kar\u015f\u0131 risk grubu i\u00e7erinde bulunan 65 ya\u015f ve \u00fczerindeki vatanda\u015flar\u0131n d\u0131\u015far\u0131 \u00e7\u0131kmalar\u0131n\u0131 \u00f6nlemek ve evde kalmalar\u0131n\u0131 sa\u011flamak amac\u0131yla 30 bin adet g\u0131da kolisi haz\u0131rl\u0131\u011f\u0131na ba\u015fland\u0131\u011f\u0131 bildirildi.\u00a0<\/span><\/div>\n<div><span style=\"font-size: 12px;\">\u00a0<\/span><\/div>\n<div><span style=\"font-size: 12px;\">\u00a0 Koliler vatanda\u015flar\u0131n evlerine g\u00f6t\u00fcr\u00fclecek\u00a0<\/span><\/div>\n<div><span style=\"font-size: 12px;\">\u00a0 Tarsus Belediye Ba\u015fkan\u0131 Haluk Bozdo\u011fan, haz\u0131rlanan g\u0131da kolilerinde her t\u00fcrl\u00fc temel g\u0131da maddelerinin yer ald\u0131\u011f\u0131n\u0131, bunun yan\u0131 s\u0131ra maske, dezenfektan ve eldivenin yer alaca\u011f\u0131n\u0131 belirterek, &#8220;Vir\u00fcse kar\u015f\u0131 el birli\u011fi ile m\u00fccadele edersek bu belay\u0131 en az hasarla ba\u015f\u0131m\u0131zdan def ederiz&#8221; dedi. Korana vir\u00fcsle m\u00fccadele kapsam\u0131nda yapt\u0131klar\u0131 \u00e7al\u0131\u015fmalar\u0131 anlatan Bozdo\u011fan, \u201c\u00dclke ve d\u00fcnya olarak ger\u00e7ekten \u00e7ok zor bir s\u00fcre\u00e7ten ge\u00e7iyoruz. Bunun insanlardaki mortalite oran\u0131n\u0131n \u00e7ok y\u00fcksek olmas\u0131 ve bu salg\u0131n\u0131n \u00e7ok ciddi d\u00fczeyde k\u00fcresel pandemi \u015feklinde yay\u0131lmas\u0131 elbette ki, yerel y\u00f6netimler olarak bizim \u00fczerimize \u00e7ok b\u00fcy\u00fck bir y\u00fck getirdi ve bunlar\u0131 yapmak zorundayd\u0131k. En \u00f6nemlisi maske \u00fcretimine hemen ba\u015flad\u0131k. \u015eu an 20 bine yak\u0131n maske \u00fcretimi yap\u0131ld\u0131. Yakla\u015f\u0131k 60 bin litre dezenfektan \u00fcretildi. Tabi bunla kentin b\u00fct\u00fcn b\u00f6lgelerini periyodik olarak, d\u00fczenli olarak temizlik yap\u0131yoruz. Ama bu hastal\u0131ktan kurtulmak i\u00e7in en \u00f6nemli unsur halk\u0131m\u0131z\u0131n evde kalmas\u0131. Halk\u0131m\u0131z\u0131n evde kalmas\u0131 i\u00e7inde b\u00fct\u00fcn \u00e7abay\u0131 g\u00f6steriyoruz. \u00d6zellikle \u00f6l\u00fcm oran\u0131 \u00e7ok y\u00fcksek olan 65 ya\u015f ve \u00fczerinde olan insanlar\u0131m\u0131za evde kalmalar\u0131 i\u00e7in belediye olaraktan erzaklar\u0131n\u0131 biz temin edece\u011fiz ve onlara d\u00fczenli olarak ula\u015ft\u0131raca\u011f\u0131z. Bu yiyecek, i\u00e7ecek ve erzak ile birlikte ve ayn\u0131 zamanda halk\u0131m\u0131za dezenfektan\u0131, eldiveni ve maskeyi de birlikte verece\u011fiz. Yeter ki onlar evde kals\u0131nlar\u201d ifadelerini kulland\u0131.\u00a0<\/span><\/div>\n<div><span style=\"font-size: 12px;\">\u00a0 Vir\u00fcsle m\u00fccadele kapsam\u0131nda Tarsus Belediyesince, 20 bin maske \u00fcretimi yap\u0131l\u0131rken, ayr\u0131ca belediye laboratuvar\u0131nda D\u00fcnya Sa\u011fl\u0131k \u00d6rg\u00fct\u00fc\u2019n\u00fcn form\u00fclasyonuna uygun olarak 60 bin litre dezenfektan \u00fcretilip, sa\u011fl\u0131k ocaklar\u0131na, eczanelere, otob\u00fcs duraklar\u0131na, toplu ya\u015fam alanlar\u0131na ve vatanda\u015flara ula\u015ft\u0131r\u0131ld\u0131\u011f\u0131 belirtildi.\u00a0<\/span><\/div>\n","protected":false},"excerpt":{"rendered":"<p>Tarsus Belediyesi, 65 ya\u015f \u00fcst\u00fc vatanda\u015flar\u0131n evde kalmalar\u0131n\u0131 sa\u011flamak i\u00e7in il\u00e7ede bulunan 30 bin ya\u015fl\u0131 vatanda\u015fa ula\u015ft\u0131r\u0131lmak \u00fczere \u00fccretsiz g\u0131da kolisi haz\u0131rlad\u0131.\u00a0 \u00a0 \u00a0 Tarsus Belediyesi, korona vir\u00fcse kar\u015f\u0131 ba\u015flatt\u0131\u011f\u0131 &hellip; <a href=\"https:\/\/mersinekonomipolitikagazetesi.com\/?p=6255\" class=\"more-link\">Devam\u0131n\u0131 Oku&#8230;<\/a><\/p>\n","protected":false},"author":1,"featured_media":0,"comment_status":"open","ping_status":"open","sticky":false,"template":"","format":"standard","meta":[],"categories":[],"tags":[],"_links":{"self":[{"href":"https:\/\/mersinekonomipolitikagazetesi.com\/index.php?rest_route=\/wp\/v2\/posts\/6255"}],"collection":[{"href":"https:\/\/mersinekonomipolitikagazetesi.com\/index.php?rest_route=\/wp\/v2\/posts"}],"about":[{"href":"https:\/\/mersinekonomipolitikagazetesi.com\/index.php?rest_route=\/wp\/v2\/types\/post"}],"author":[{"embeddable":true,"href":"https:\/\/mersinekonomipolitikagazetesi.com\/index.php?rest_route=\/wp\/v2\/users\/1"}],"replies":[{"embeddable":true,"href":"https:\/\/mersinekonomipolitikagazetesi.com\/index.php?rest_route=%2Fwp%2Fv2%2Fcomments&post=6255"}],"version-history":[{"count":0,"href":"https:\/\/mersinekonomipolitikagazetesi.com\/index.php?rest_route=\/wp\/v2\/posts\/6255\/revisions"}],"wp:attachment":[{"href":"https:\/\/mersinekonomipolitikagazetesi.com\/index.php?rest_route=%2Fwp%2Fv2%2Fmedia&parent=6255"}],"wp:term":[{"taxonomy":"category","embeddable":true,"href":"https:\/\/mersinekonomipolitikagazetesi.com\/index.php?rest_route=%2Fwp%2Fv2%2Fcategories&post=6255"},{"taxonomy":"post_tag","embeddable":true,"href":"https:\/\/mersinekonomipolitikagazetesi.com\/index.php?rest_route=%2Fwp%2Fv2%2Ftags&post=6255"}],"curies":[{"name":"wp","href":"https:\/\/api.w.org\/{rel}","templated":true}]}}