{"id":6256,"date":"2020-11-04T18:26:42","date_gmt":"2020-11-04T15:26:42","guid":{"rendered":"http:\/\/mersinekonomipolitikagazetesi.com\/?p=6256"},"modified":"2020-11-04T18:26:42","modified_gmt":"2020-11-04T15:26:42","slug":"tarsusta-65-yas-ve-ustu-22-kisinin-ihtiyacini-gorevliler-karsiladi","status":"publish","type":"post","link":"https:\/\/mersinekonomipolitikagazetesi.com\/?p=6256","title":{"rendered":"Tarsus&#8217;ta 65 ya\u015f ve \u00fcst\u00fc 22 ki\u015finin ihtiyac\u0131n\u0131 g\u00f6revliler kar\u015f\u0131lad\u0131"},"content":{"rendered":"<div><span style=\"font-size: 12px;\">Mersin&#8217;in Tarsus il\u00e7esinde 65 ya\u015f ve \u00fcst\u00fc 22 ki\u015finin ihtiyac\u0131 g\u00f6revliler taraf\u0131ndan kar\u015f\u0131land\u0131.\u00a0 \u00a0<\/span><\/div>\n<div><span style=\"font-size: 12px;\">\u00a0 \u00dclke genelinde 65 ya\u015f ve \u00fczeri ile kronik hastal\u0131\u011f\u0131 bulunanlar\u0131 kapsayan soka\u011fa \u00e7\u0131kma s\u0131n\u0131rlamas\u0131 karar\u0131n\u0131n al\u0131nmas\u0131 \u00fczerine, bu kapsama giren vatanda\u015flar\u0131n d\u0131\u015far\u0131daki al\u0131\u015fveri\u015f gibi \u00e7e\u015fitli ihtiya\u00e7lar\u0131 Tarsus \u0130l\u00e7e Kaymakaml\u0131\u011f\u0131, Tarsus \u0130l\u00e7e Emniyet M\u00fcd\u00fcrl\u00fc\u011f\u00fc, Tarsus \u0130l\u00e7e Jandarma Komutanl\u0131\u011f\u0131, \u0130l\u00e7e Diyanet ve \u0130l\u00e7e Milli E\u011fitim m\u00fcd\u00fcrl\u00fc\u011f\u00fc resmi ekiplerinden olu\u015fan \u201cVefa Sosyal Destek Grubu\u201d taraf\u0131ndan g\u00f6r\u00fcl\u00fcyor.\u00a0<\/span><\/div>\n<div><span style=\"font-size: 12px;\">\u00a0 Bug\u00fcn\u00a0 \u0130l\u00e7e Emniyet Haber Merkezi&#8217;nin Ye\u015filyurt Mahallesi 4423 Sokak Bilgin Aparmanda ya\u015fayan 65 ya\u015f \u00fcst\u00fc bir vatanda\u015f\u0131n yard\u0131m talebi \u00fczerine, Vefa Sosyal Destek Grubunda bulunan Polis ekipleri harekete ge\u00e7ti.\u00a0<\/span><\/div>\n<div><span style=\"font-size: 12px;\">\u00a0 Belirtilen adrese giderek, 67 ya\u015f\u0131ndaki vatanda\u015f ile g\u00f6r\u00fc\u015f\u00fcp, al\u0131nan sipari\u015f listesi ve kredi kart\u0131yla birlikte belirtilen markete gidilip, bir miktar al\u0131\u015f veri\u015f yap\u0131larak sat\u0131n alma fi\u015fi ile vatanda\u015f teslim edildi.\u00a0<\/span><\/div>\n<div><span style=\"font-size: 12px;\">\u00a0 Tarsus il\u00e7esinde \u015fuana kadar sadece emniyet taraf\u0131ndan 12, jandarma taraf\u0131ndan ise 10 ya\u015fl\u0131n\u0131n ihtiyac\u0131 g\u00f6r\u00fcl\u00fcrken, Tarsus Kaymakaml\u0131\u011f\u0131 \u00f6nc\u00fcl\u00fc\u011f\u00fcnde 65 ya\u015f ve \u00fczeri vatanda\u015flar\u0131n ihtiya\u00e7lar\u0131n\u0131n kar\u015f\u0131lanmas\u0131 i\u00e7in kurulan &#8216;Vefa Sosyal Destek Grubu&#8217; \u00e7al\u0131\u015fmalar\u0131n\u0131n aral\u0131ks\u0131z s\u00fcrd\u00fcrd\u00fc\u011f\u00fc kaydedildi.\u00a0<\/span><\/div>\n","protected":false},"excerpt":{"rendered":"<p>Mersin&#8217;in Tarsus il\u00e7esinde 65 ya\u015f ve \u00fcst\u00fc 22 ki\u015finin ihtiyac\u0131 g\u00f6revliler taraf\u0131ndan kar\u015f\u0131land\u0131.\u00a0 \u00a0 \u00a0 \u00dclke genelinde 65 ya\u015f ve \u00fczeri ile kronik hastal\u0131\u011f\u0131 bulunanlar\u0131 kapsayan soka\u011fa \u00e7\u0131kma s\u0131n\u0131rlamas\u0131 karar\u0131n\u0131n &hellip; <a href=\"https:\/\/mersinekonomipolitikagazetesi.com\/?p=6256\" class=\"more-link\">Devam\u0131n\u0131 Oku&#8230;<\/a><\/p>\n","protected":false},"author":1,"featured_media":0,"comment_status":"open","ping_status":"open","sticky":false,"template":"","format":"standard","meta":[],"categories":[],"tags":[],"_links":{"self":[{"href":"https:\/\/mersinekonomipolitikagazetesi.com\/index.php?rest_route=\/wp\/v2\/posts\/6256"}],"collection":[{"href":"https:\/\/mersinekonomipolitikagazetesi.com\/index.php?rest_route=\/wp\/v2\/posts"}],"about":[{"href":"https:\/\/mersinekonomipolitikagazetesi.com\/index.php?rest_route=\/wp\/v2\/types\/post"}],"author":[{"embeddable":true,"href":"https:\/\/mersinekonomipolitikagazetesi.com\/index.php?rest_route=\/wp\/v2\/users\/1"}],"replies":[{"embeddable":true,"href":"https:\/\/mersinekonomipolitikagazetesi.com\/index.php?rest_route=%2Fwp%2Fv2%2Fcomments&post=6256"}],"version-history":[{"count":0,"href":"https:\/\/mersinekonomipolitikagazetesi.com\/index.php?rest_route=\/wp\/v2\/posts\/6256\/revisions"}],"wp:attachment":[{"href":"https:\/\/mersinekonomipolitikagazetesi.com\/index.php?rest_route=%2Fwp%2Fv2%2Fmedia&parent=6256"}],"wp:term":[{"taxonomy":"category","embeddable":true,"href":"https:\/\/mersinekonomipolitikagazetesi.com\/index.php?rest_route=%2Fwp%2Fv2%2Fcategories&post=6256"},{"taxonomy":"post_tag","embeddable":true,"href":"https:\/\/mersinekonomipolitikagazetesi.com\/index.php?rest_route=%2Fwp%2Fv2%2Ftags&post=6256"}],"curies":[{"name":"wp","href":"https:\/\/api.w.org\/{rel}","templated":true}]}}