{"id":6257,"date":"2020-11-04T18:26:42","date_gmt":"2020-11-04T15:26:42","guid":{"rendered":"http:\/\/mersinekonomipolitikagazetesi.com\/?p=6257"},"modified":"2020-11-04T18:26:42","modified_gmt":"2020-11-04T15:26:42","slug":"mezitlide-copler-de-dezenfe-ediliyor","status":"publish","type":"post","link":"https:\/\/mersinekonomipolitikagazetesi.com\/?p=6257","title":{"rendered":"Mezitli\u2019de \u00e7\u00f6pler de dezenfe ediliyor"},"content":{"rendered":"<div><span style=\"font-size: 12px;\">\u00a0Mezitli Belediyesi Temizlik \u0130\u015fleri M\u00fcd\u00fcrl\u00fc\u011f\u00fc ekipleri, korona vir\u00fcs ile m\u00fccadele \u00e7al\u0131\u015fmalar\u0131 kapsam\u0131nda \u00e7\u00f6p konteynerlerine de dezenfekten uygulamas\u0131 ba\u015flatt\u0131.\u00a0 \u00a0<\/span><\/div>\n<div><span style=\"font-size: 12px;\">\u00a0 \u0130lk etapta il\u00e7ede bulunan konteyn\u0131rlar\u0131n y\u00fczde 90\u2019n\u0131n bu sisteme g\u00f6re temizlenmesi Mezitli\u2019de ya\u015fayan vatanda\u015flar\u0131 da son derece memnun etti. Vir\u00fcs salg\u0131n\u0131yla m\u00fccadele ederken hi\u00e7bir ayr\u0131nt\u0131y\u0131 atlamak istemediklerini dile getiren Mezitli Belediye Ba\u015fkan\u0131 Ne\u015fet Tarhan, \u201cKorona salg\u0131n\u0131n\u0131 en aza indirmek i\u00e7in m\u00fccadeleye devam ediyoruz. \u0130l\u00e7emizde bulunan t\u00fcm ortak kullan\u0131m alanlar\u0131n\u0131 veya odak noktalar\u0131n\u0131 temizleyip dezenfekte ederken, \u00e7\u00f6p konteynerlerini de ihmal etmedik. \u0130l\u00e7emizin b\u00fct\u00fcn \u00e7\u00f6p konteyn\u0131rlar\u0131n\u0131 g\u00fczelce temizlenip, y\u0131kan\u0131p, dezenfekte edildikten sonra ila\u00e7lama yap\u0131larak vir\u00fcs\u00fcn buralarda bar\u0131nma ihtimalini ortadan kald\u0131r\u0131yoruz\u201d dedi.\u00a0<\/span><\/div>\n<div><span style=\"font-size: 12px;\">\u00a0 Vir\u00fcs\u00fcn yay\u0131lmas\u0131n\u0131n \u00f6n\u00fcne ge\u00e7ilmesinde kurumlar\u0131n yapt\u0131\u011f\u0131 \u00e7al\u0131\u015fmalar kadar vatanda\u015flara da b\u00fcy\u00fck g\u00f6revler d\u00fc\u015ft\u00fc\u011f\u00fcne dikkat \u00e7eken Tarhan, \u201cBizler ba\u015fta Mersin B\u00fcy\u00fck\u015fehir Belediyemiz, kaymakaml\u0131\u011f\u0131m\u0131z, sa\u011fl\u0131k m\u00fcd\u00fcrl\u00fc\u011f\u00fcm\u00fcz ile birlikte koordineli olarak \u00e7al\u0131\u015f\u0131yor ve vir\u00fcs\u00fcn yay\u0131lmamas\u0131 i\u00e7in her t\u00fcrl\u00fc tedbiri al\u0131yoruz. Ancak bizim \u00e7al\u0131\u015fmalar\u0131m\u0131z kadar de\u011ferli vatanda\u015flar\u0131m\u0131z\u0131n da bu konuda duyarl\u0131 davranmas\u0131 son derece \u00f6nemlidir. Fiziksel ileti\u015fimi en aza indirerek yay\u0131lman\u0131n \u00f6n\u00fcne ge\u00e7ilebilir. Birbirimize destek olarak, kom\u015fumuzun ya da ayn\u0131 kenti payla\u015ft\u0131\u011f\u0131m\u0131z vatanda\u015flar\u0131m\u0131z\u0131n sa\u011fl\u0131\u011f\u0131ndan da her birey kendi \u00e7ap\u0131nda sorumludur. T\u00fcm vatanda\u015flar\u0131m\u0131z\u0131 vir\u00fcs\u00fcn izlerinin tamamen silininceye kadar duyarl\u0131 davranmaya ve mecbur kalmad\u0131k\u00e7a evlerinden \u00e7\u0131kmamaya davet ediyoruz\u201d diye konu\u015ftu.\u00a0<\/span><\/div>\n","protected":false},"excerpt":{"rendered":"<p>\u00a0Mezitli Belediyesi Temizlik \u0130\u015fleri M\u00fcd\u00fcrl\u00fc\u011f\u00fc ekipleri, korona vir\u00fcs ile m\u00fccadele \u00e7al\u0131\u015fmalar\u0131 kapsam\u0131nda \u00e7\u00f6p konteynerlerine de dezenfekten uygulamas\u0131 ba\u015flatt\u0131.\u00a0 \u00a0 \u00a0 \u0130lk etapta il\u00e7ede bulunan konteyn\u0131rlar\u0131n y\u00fczde 90\u2019n\u0131n bu sisteme g\u00f6re &hellip; <a href=\"https:\/\/mersinekonomipolitikagazetesi.com\/?p=6257\" class=\"more-link\">Devam\u0131n\u0131 Oku&#8230;<\/a><\/p>\n","protected":false},"author":1,"featured_media":0,"comment_status":"open","ping_status":"open","sticky":false,"template":"","format":"standard","meta":[],"categories":[],"tags":[],"_links":{"self":[{"href":"https:\/\/mersinekonomipolitikagazetesi.com\/index.php?rest_route=\/wp\/v2\/posts\/6257"}],"collection":[{"href":"https:\/\/mersinekonomipolitikagazetesi.com\/index.php?rest_route=\/wp\/v2\/posts"}],"about":[{"href":"https:\/\/mersinekonomipolitikagazetesi.com\/index.php?rest_route=\/wp\/v2\/types\/post"}],"author":[{"embeddable":true,"href":"https:\/\/mersinekonomipolitikagazetesi.com\/index.php?rest_route=\/wp\/v2\/users\/1"}],"replies":[{"embeddable":true,"href":"https:\/\/mersinekonomipolitikagazetesi.com\/index.php?rest_route=%2Fwp%2Fv2%2Fcomments&post=6257"}],"version-history":[{"count":0,"href":"https:\/\/mersinekonomipolitikagazetesi.com\/index.php?rest_route=\/wp\/v2\/posts\/6257\/revisions"}],"wp:attachment":[{"href":"https:\/\/mersinekonomipolitikagazetesi.com\/index.php?rest_route=%2Fwp%2Fv2%2Fmedia&parent=6257"}],"wp:term":[{"taxonomy":"category","embeddable":true,"href":"https:\/\/mersinekonomipolitikagazetesi.com\/index.php?rest_route=%2Fwp%2Fv2%2Fcategories&post=6257"},{"taxonomy":"post_tag","embeddable":true,"href":"https:\/\/mersinekonomipolitikagazetesi.com\/index.php?rest_route=%2Fwp%2Fv2%2Ftags&post=6257"}],"curies":[{"name":"wp","href":"https:\/\/api.w.org\/{rel}","templated":true}]}}