{"id":6258,"date":"2020-11-04T18:26:42","date_gmt":"2020-11-04T15:26:42","guid":{"rendered":"http:\/\/mersinekonomipolitikagazetesi.com\/?p=6258"},"modified":"2020-11-04T18:26:42","modified_gmt":"2020-11-04T15:26:42","slug":"butun-iktidarlar-alevilerin-sorunlarini-gormezden-geldi","status":"publish","type":"post","link":"https:\/\/mersinekonomipolitikagazetesi.com\/?p=6258","title":{"rendered":"\u201cB\u00fct\u00fcn iktidarlar Aleviler\u2019in sorunlar\u0131n\u0131 g\u00f6rmezden geldi\u201d"},"content":{"rendered":"<div><span style=\"font-size: 12px;\">Alevi Bekta\u015fi Federasyonu \u0130nan\u00e7 Kurulu ve Mersin Cemevi Ba\u015fkan\u0131 Pir Hasan K\u0131lavuz, Hz Ali\u2019nin Do\u011fumu ve Sultan Nevruz ile ilgili a\u00e7\u0131klamada bulundu.<\/span><\/div>\n<div><span style=\"font-size: 12px;\">Mersin Cemevi Ba\u015fkan\u0131 Pir Hasan K\u0131lavuz, \u201cOrtado\u011fu halklar\u0131 aras\u0131nda 21 Mart Nevruz \u00e7e\u015fitli farkl\u0131klarla kutlan\u0131r. Bu halklar\u0131n b\u00fcy\u00fck \u00e7o\u011funlu\u011funun ortak \u00f6zeli\u011fi 21 Mart Nevruz\u2019u yeni g\u00fcn ve bahar\u0131n ba\u015flang\u0131c\u0131 olarak kabul g\u00f6rmeleridir. Nevruz, 5000 y\u0131ldan beri, Ortado\u011fu\u2019da h\u00fck\u00fcm s\u00fcren \u00e7e\u015fitli uygarl\u0131klar\u0131n k\u00fclt\u00fcr ve geleneklerinden s\u00fcz\u00fclerek gelmi\u015ftir. Nevruz, Asya\u2019n\u0131n bir ucundan ba\u015flayarak bin y\u0131llar\u0131n ak\u0131\u015f\u0131 i\u00e7erisinde, sava\u015flar, seferler, g\u00f6\u00e7lerle, Dicle ve F\u0131rat boylar\u0131n\u0131 a\u015farak Avrupa\u2019n\u0131n giri\u015f kap\u0131s\u0131 olan Balkan \u00fclkelerine kadar girmi\u015ftir. Bug\u00fcn\u00fc, kimi y\u0131lba\u015f\u0131, kimi bahar bayram\u0131, kimi de m\u00fccadele ve kurtulu\u015fun ba\u015flang\u0131\u00e7 g\u00fcn\u00fc diye kutlar. Halklar, kendi gelenek ve g\u00f6renekleri gere\u011fi Nevruz\u2019a ayr\u0131 anlam y\u00fckleyerek binlerce y\u0131ld\u0131r co\u015fkulu bir \u015fekilde kutsay\u0131p, kutlayarak g\u00fcn\u00fcm\u00fcze kadar getirmi\u015flerdir. Bu kutlamalar\u0131n \u00e7ok eski efsanelerden beslendi\u011fini, s\u00f6zl\u00fc ve yaz\u0131l\u0131 kaynaklardan aktar\u0131ld\u0131\u011f\u0131n\u0131 g\u00f6r\u00fcyoruz.\u201d diye konu\u015ftu.<\/span><\/div>\n<div>\u00a0<\/div>\n<div><span style=\"font-size: 12px;\">Nevruzun \u00fclkemizde 1995 y\u0131l\u0131nda bayram olarak kabul edildi\u011fini ve T\u00fcrki Cumhuriyetlerde, milli bayram gibi t\u00f6renler yap\u0131larak kutland\u0131\u011f\u0131n\u0131 belirten K\u0131lavuz, \u201cNevruz gelene\u011fi, \u0130slamiyet\u2019ten \u00e7ok \u00f6nceye dayanan bir gelenektir. Yani bir dinin veya mezhebin bayram\u0131 de\u011fildir. Bu y\u00fczden Nevruz\u2019un herhangi bir mezhep, din, etnik men\u015fe ad\u0131na ba\u011fl\u0131 g\u00f6sterilmesi, istismar edilmesi, bir ayr\u0131l\u0131k unsuru olarak takdim edilmeye \u00e7al\u0131\u015f\u0131lmas\u0131 yanl\u0131\u015ft\u0131r. Tarihin ve k\u00fclt\u00fcr\u00fcn b\u00fct\u00fcn ger\u00e7eklerine ayk\u0131r\u0131d\u0131r. \u015eah\u0131 Merdan Ali\u2019nin K\u00e2be\u2019nin i\u00e7inde 21 Mart 598\u2019de do\u011fdu\u011fu g\u00fcnd\u00fcr. Hz. Ali ile Hz. Muhammed\u2019in k\u0131z\u0131 Fatma\u2019n\u0131n evlendi\u011fi g\u00fcnd\u00fcr. Hz. Muhammed, Alevi Bekta\u015fi \u0130nan\u00e7 mensuplar\u0131n\u0131n \u00f6nemsedi\u011fi Gadir Hum\u2019daki hutbesini 21 Mart Nevruz g\u00fcn\u00fc s\u00f6ylemi\u015ftir. Bug\u00fcnde, kutsal ocaklar, Alevi derg\u00e2h ve t\u00fcrbeleri ziyaret edilir, dilekler dilenir, mumlar yak\u0131l\u0131r, kurbanlar kesilir, lokmalar b\u00f6l\u00fc\u015ft\u00fcr\u00fcl\u00fcr, kabir ziyaretleri yap\u0131l\u0131r ve dualar edilir.\u201d dedi.<\/span><\/div>\n<div>\u00a0<\/div>\n<div><span style=\"font-size: 12px;\">\u201cAlevilerin inan\u00e7sal sorunlar\u0131 yine \u00e7\u00f6z\u00fclmedi\u201d<\/span><\/div>\n<div>\u00a0<\/div>\n<div><span style=\"font-size: 12px;\">Alevilerin y\u0131llardan beri bekleyen inan\u00e7sal sorunlar\u0131n\u0131n yine \u00e7\u00f6z\u00fclmedi\u011fini vurgulayan K\u0131lavuz, \u201cAlevilerin sosyal tepki birikiminin b\u00f6yle olmas\u0131, ge\u00e7mi\u015ften g\u00fcn\u00fcm\u00fcze kadar gelen iktidarlar\u0131n \u00fclkemizdeki Alevilerin inan\u00e7 ger\u00e7ekliklerini, oy alma u\u011fruna g\u00f6rmezden gelmesindendir. Hz Mevla\u2019n\u0131n bir s\u00f6z\u00fcd\u00fcr; \u201c\u0130ki elinizle y\u00fcz\u00fcn\u00fcz\u00fc kapatsan\u0131z ve g\u00fcne\u015fe bak\u0131n\u0131z. G\u00fcne\u015fi g\u00f6rebiliyor musunuz? Hay\u0131r! Siz g\u00f6rm\u00fcyorsunuz diye g\u00fcne\u015f yok mu?\u2019\u2019 Bu topraklarda ya\u015fayan 20 milyondan fazla Alevi \u0130nan\u00e7 Mensubu var. B\u00fct\u00fcn iktidarlar Aleviler\u2019in sorunlar\u0131n\u0131 g\u00f6rmezden geldi, sorunlar\u0131 \u00e7\u00f6zmediler ve samimi davranmad\u0131lar.\u201d \u015feklinde konu\u015ftu.<\/span><\/div>\n<div><span style=\"font-size: 12px;\">\u00a0<\/span><\/div>\n<div><span style=\"font-size: 12px;\">Avrupa \u0130nsan Haklar\u0131 Mahkemesinin kararlar\u0131n\u0131n 2015 y\u0131l\u0131ndan beri, Dan\u0131\u015ftay kararlar\u0131n\u0131n ise 2016 y\u0131l\u0131ndan beri uygulanmad\u0131\u011f\u0131n\u0131 belirten K\u0131lavuz, \u201cCemevlerinin yasal stat\u00fcs\u00fc yoktur. Taleplerimiz gayet nettir. Cemevlerinin elektrik giderleri, tadilat ve onar\u0131m giderleri kar\u015f\u0131lanm\u0131yor. Okullardaki mecburi Din ve Ahlak bilgisi derslerinde, Alevilik \u00f6\u011fretilmiyor. Tam tersi Alevi \u00e7ocuklar asimile ediliyor. Haz\u0131rlanan m\u00fcfredat programlar\u0131, Alevi kanaat \u00f6nderlerine ve akademisyenlere dan\u0131\u015f\u0131lmadan ve komisyonlara davet edilmeden haz\u0131rlan\u0131yor. Alevi k\u00f6ylerine cami yap\u0131lmas\u0131na son verilmeli, Alevi derg\u00e2hlar\u0131 Alevi kurumlar\u0131na verilmelidir. Bir Cami\u2019nin yasal stat\u00fcs\u00fc neyse, hangi haklardan yararlan\u0131yorsa, Cemevleri i\u00e7inde onu istiyoruz.\u201d diye ifade etti.<\/span><\/div>\n<div><span style=\"font-size: 12px;\">K\u0131lavuz, \u201cMemleketimizde hep karde\u015flik t\u00fcrk\u00fcleri s\u00f6ylensin, a\u011f\u0131tlar yak\u0131lmas\u0131n, anneler a\u011flamas\u0131n, \u00e7ocuklar yetim kalmas\u0131n. Dile\u011fimiz odur ki, \u00fclkemizde zengin ve fakir, sen ve ben fark\u0131 olmas\u0131n.<\/span><\/div>\n<div><span style=\"font-size: 12px;\">Vatans\u0131zl\u0131k \u00e7ok zordur. \u00dclkemize s\u0131\u011f\u0131nan milyonlarca insanlar\u0131n s\u0131k\u0131nt\u0131s\u0131 son bulsun, ailemizin selam verdi\u011fi bir duvar kom\u015fusu, \u00fclkemizin bar\u0131\u015f\u0131k oldu\u011fu s\u0131n\u0131r kom\u015fusu olsun.<\/span><\/div>\n<div><span style=\"font-size: 12px;\">Bu nevruz bayram\u0131n\u0131n \u00fclkemizde ya\u015fayan, haklar ve inan\u00e7lar aras\u0131nda, d\u00fc\u015fmanl\u0131k, kin, \u00f6fke ve kavgadan uzak, karde\u015fli\u011fe, dostlu\u011fa, birlikteli\u011fe vesile olmas\u0131n\u0131 cenab\u0131 haktan niyaz ederim.\u201d diyerek konu\u015fmas\u0131n\u0131 tamamlad\u0131.<\/span><\/div>\n","protected":false},"excerpt":{"rendered":"<p>Alevi Bekta\u015fi Federasyonu \u0130nan\u00e7 Kurulu ve Mersin Cemevi Ba\u015fkan\u0131 Pir Hasan K\u0131lavuz, Hz Ali\u2019nin Do\u011fumu ve Sultan Nevruz ile ilgili a\u00e7\u0131klamada bulundu. Mersin Cemevi Ba\u015fkan\u0131 Pir Hasan K\u0131lavuz, \u201cOrtado\u011fu halklar\u0131 &hellip; <a href=\"https:\/\/mersinekonomipolitikagazetesi.com\/?p=6258\" class=\"more-link\">Devam\u0131n\u0131 Oku&#8230;<\/a><\/p>\n","protected":false},"author":1,"featured_media":0,"comment_status":"open","ping_status":"open","sticky":false,"template":"","format":"standard","meta":[],"categories":[],"tags":[],"_links":{"self":[{"href":"https:\/\/mersinekonomipolitikagazetesi.com\/index.php?rest_route=\/wp\/v2\/posts\/6258"}],"collection":[{"href":"https:\/\/mersinekonomipolitikagazetesi.com\/index.php?rest_route=\/wp\/v2\/posts"}],"about":[{"href":"https:\/\/mersinekonomipolitikagazetesi.com\/index.php?rest_route=\/wp\/v2\/types\/post"}],"author":[{"embeddable":true,"href":"https:\/\/mersinekonomipolitikagazetesi.com\/index.php?rest_route=\/wp\/v2\/users\/1"}],"replies":[{"embeddable":true,"href":"https:\/\/mersinekonomipolitikagazetesi.com\/index.php?rest_route=%2Fwp%2Fv2%2Fcomments&post=6258"}],"version-history":[{"count":0,"href":"https:\/\/mersinekonomipolitikagazetesi.com\/index.php?rest_route=\/wp\/v2\/posts\/6258\/revisions"}],"wp:attachment":[{"href":"https:\/\/mersinekonomipolitikagazetesi.com\/index.php?rest_route=%2Fwp%2Fv2%2Fmedia&parent=6258"}],"wp:term":[{"taxonomy":"category","embeddable":true,"href":"https:\/\/mersinekonomipolitikagazetesi.com\/index.php?rest_route=%2Fwp%2Fv2%2Fcategories&post=6258"},{"taxonomy":"post_tag","embeddable":true,"href":"https:\/\/mersinekonomipolitikagazetesi.com\/index.php?rest_route=%2Fwp%2Fv2%2Ftags&post=6258"}],"curies":[{"name":"wp","href":"https:\/\/api.w.org\/{rel}","templated":true}]}}