{"id":6261,"date":"2020-11-04T18:26:42","date_gmt":"2020-11-04T15:26:42","guid":{"rendered":"http:\/\/mersinekonomipolitikagazetesi.com\/?p=6261"},"modified":"2020-11-04T18:26:42","modified_gmt":"2020-11-04T15:26:42","slug":"su-dezenfektan-ve-hijyen-urunlerden-alinan-vergiler-sifirlanmali","status":"publish","type":"post","link":"https:\/\/mersinekonomipolitikagazetesi.com\/?p=6261","title":{"rendered":"Su, dezenfektan ve hijyen \u00fcr\u00fcnlerden al\u0131nan   VERG\u0130LER SIFIRLANMALI"},"content":{"rendered":"<div><span style=\"font-size: 12px;\">Vatanda\u015f, \u201cH\u00fck\u00fcmetin bu konuda \u00e7al\u0131\u015fma ba\u015flatarak, bir s\u00fcreli\u011fine bu tarz temel ihtiya\u00e7 \u00fcr\u00fcnlerinde vergileri s\u0131f\u0131rlamal\u0131.\u201d<\/span><\/div>\n<div>\u00a0<\/div>\n<div><span style=\"font-size: 12px;\">T\u00fcm d\u00fcnyay\u0131 etkisi alt\u0131na alan yeni tip korona vir\u00fcs (Covid-19) salg\u0131n\u0131 ile m\u00fccadele s\u00fcrerken, vatanda\u015flar\u0131n vir\u00fcsle m\u00fccadelesinde \u00f6nerilen su ba\u015fta olmak \u00fczere dezenfektan ve hijyen \u00fcr\u00fcnlerinden al\u0131nan vergilerin s\u0131f\u0131rlanmamas\u0131 tepki \u00e7ekiyor.<\/span><\/div>\n<div>\u00a0<\/div>\n<div><span style=\"font-size: 12px;\">Koronavir\u00fcsle m\u00fccadele kapsam\u0131nda &#8216;evde kal&#8217; \u00e7a\u011fr\u0131lar\u0131 yap\u0131l\u0131rken, uzmanlar di\u011fer yandan vir\u00fcse kar\u015f\u0131 hijyenin sa\u011flanmas\u0131 y\u00f6n\u00fcnde vatanda\u015flar\u0131 uyar\u0131yor.<\/span><\/div>\n<div><span style=\"font-size: 12px;\">Ekonomik olarak da olumsuz sonu\u00e7lar do\u011furan salg\u0131nda\u00a0 Mersinli vatanda\u015flar, temizlik i\u00e7in gerekli \u00fcr\u00fcnlerde ve kullan\u0131lan suda vergilerin s\u0131f\u0131rlanmas\u0131 gerekti\u011fini vurguluyor.<\/span><\/div>\n<div>\u00a0<\/div>\n<div><span style=\"font-size: 12px;\">Vatanda\u015flar, &#8220;Uzmanlar vir\u00fcse kar\u015f\u0131 \u00f6nlem al\u0131nmas\u0131 i\u00e7in evde kal uyar\u0131lar\u0131n\u0131n yan\u0131nda, bol su, sabun, deterjan ve dezenfektan kullan\u0131m\u0131n\u0131 da tavsiye ediyor. Yap\u0131lan uyar\u0131lar\u0131 dikkate al\u0131yoruz fakat, ekonomik olarak zorlanmaktay\u0131z. H\u00fck\u00fcmetin bu konuda bir \u00e7al\u0131\u015fma ba\u015flatarak, bir s\u00fcreli\u011fine bu tarz temel ihtiya\u00e7 \u00fcr\u00fcnlerinde vergileri s\u0131f\u0131rlamal\u0131. \u00d6zellikle su faturalar\u0131ndan al\u0131nan y\u00fczde 8 KDV ve di\u011fer vergilerin bu s\u00fcre\u00e7te kald\u0131r\u0131lmas\u0131 laz\u0131m. \u0130htiya\u00e7 sahiplerine de hijyen \u00fcr\u00fcnleri ve erzak yard\u0131mlar\u0131n\u0131n sa\u011flanmas\u0131 laz\u0131m. Belediyeler sular\u0131 kesmeyerek \u00fcstlerine d\u00fc\u015fen g\u00f6revi yerine getirdiler. H\u00fck\u00fcmetin de vergileri s\u0131f\u0131rlay\u0131p, vatanda\u015f\u0131 rahatlatmas\u0131 gerek. Sa\u011fl\u0131k Bakan\u0131m\u0131z, Fahrettin Koca&#8217;n\u0131n da dedi\u011fi gibi sorun k\u00fcresel m\u00fccadele ulusal.\u201d diyerek \u015fikayette bulundu.<\/span><\/div>\n<div>\u00a0<\/div>\n<div><span style=\"font-size: 12px;\">&#8220;Ba\u015far\u0131l\u0131 Politikan\u0131n Devam Etmesi \u0130\u00e7in Vatanda\u015f\u0131 Rahatlatmal\u0131y\u0131z&#8221;\u00a0<\/span><\/div>\n<div>\u00a0<\/div>\n<div><span style=\"font-size: 12px;\">T\u00fcrkiye Esnaf ve Sanatkarlar Konfederasyonu (TESK) Genel Ba\u015fkan\u0131 Bendevi Paland\u00f6ken, korona vir\u00fcs g\u00fcndeminde talep g\u00f6ren \u00fcr\u00fcnlerin vergileriyle ilgili a\u00e7\u0131klama yapm\u0131\u015ft\u0131.<\/span><\/div>\n<div><span style=\"font-size: 12px;\">Temizlik i\u00e7in gerekli \u00fcr\u00fcnlerde ve suda vergilerin tamam\u0131n\u0131n ge\u00e7ici olarak kald\u0131r\u0131lmas\u0131 gerekti\u011fini vurgulayan TESK Genel Ba\u015fkan\u0131 Paland\u00f6ken, &#8220;Vatanda\u015f\u0131n evinde, i\u015f yerinde temizlik ve dezenfekte i\u00e7in kullanaca\u011f\u0131 t\u00fcm \u00fcr\u00fcnlerde ve \u00f6zellikle suda bir s\u00fcreli\u011fine vergiler s\u0131f\u0131rlamal\u0131. \u00dclke olarak devletimizin sayesinde en ba\u015f\u0131ndan beri korona vir\u00fcs\u00fcne kar\u015f\u0131 iyi m\u00fccadele ve s\u0131k\u0131 \u00f6nlemler sonucunda ba\u015far\u0131l\u0131 bir politika izlendi. Bu ba\u015far\u0131n\u0131n devam etmesi i\u00e7in vatanda\u015flar\u0131n ekonomik y\u00f6nden de korunmas\u0131 gerekiyor.&#8221; a\u00e7\u0131klamalar\u0131nda bulunmu\u015ftu.<\/span><\/div>\n","protected":false},"excerpt":{"rendered":"<p>Vatanda\u015f, \u201cH\u00fck\u00fcmetin bu konuda \u00e7al\u0131\u015fma ba\u015flatarak, bir s\u00fcreli\u011fine bu tarz temel ihtiya\u00e7 \u00fcr\u00fcnlerinde vergileri s\u0131f\u0131rlamal\u0131.\u201d \u00a0 T\u00fcm d\u00fcnyay\u0131 etkisi alt\u0131na alan yeni tip korona vir\u00fcs (Covid-19) salg\u0131n\u0131 ile m\u00fccadele s\u00fcrerken, &hellip; <a href=\"https:\/\/mersinekonomipolitikagazetesi.com\/?p=6261\" class=\"more-link\">Devam\u0131n\u0131 Oku&#8230;<\/a><\/p>\n","protected":false},"author":1,"featured_media":0,"comment_status":"open","ping_status":"open","sticky":false,"template":"","format":"standard","meta":[],"categories":[],"tags":[],"_links":{"self":[{"href":"https:\/\/mersinekonomipolitikagazetesi.com\/index.php?rest_route=\/wp\/v2\/posts\/6261"}],"collection":[{"href":"https:\/\/mersinekonomipolitikagazetesi.com\/index.php?rest_route=\/wp\/v2\/posts"}],"about":[{"href":"https:\/\/mersinekonomipolitikagazetesi.com\/index.php?rest_route=\/wp\/v2\/types\/post"}],"author":[{"embeddable":true,"href":"https:\/\/mersinekonomipolitikagazetesi.com\/index.php?rest_route=\/wp\/v2\/users\/1"}],"replies":[{"embeddable":true,"href":"https:\/\/mersinekonomipolitikagazetesi.com\/index.php?rest_route=%2Fwp%2Fv2%2Fcomments&post=6261"}],"version-history":[{"count":0,"href":"https:\/\/mersinekonomipolitikagazetesi.com\/index.php?rest_route=\/wp\/v2\/posts\/6261\/revisions"}],"wp:attachment":[{"href":"https:\/\/mersinekonomipolitikagazetesi.com\/index.php?rest_route=%2Fwp%2Fv2%2Fmedia&parent=6261"}],"wp:term":[{"taxonomy":"category","embeddable":true,"href":"https:\/\/mersinekonomipolitikagazetesi.com\/index.php?rest_route=%2Fwp%2Fv2%2Fcategories&post=6261"},{"taxonomy":"post_tag","embeddable":true,"href":"https:\/\/mersinekonomipolitikagazetesi.com\/index.php?rest_route=%2Fwp%2Fv2%2Ftags&post=6261"}],"curies":[{"name":"wp","href":"https:\/\/api.w.org\/{rel}","templated":true}]}}