{"id":6262,"date":"2020-11-04T18:26:42","date_gmt":"2020-11-04T15:26:42","guid":{"rendered":"http:\/\/mersinekonomipolitikagazetesi.com\/?p=6262"},"modified":"2020-11-04T18:26:42","modified_gmt":"2020-11-04T15:26:42","slug":"kktc-ile-lubnandan-gelen-ogrenci-ve-tir-soforleri-mersinde-karantinaya-alindi","status":"publish","type":"post","link":"https:\/\/mersinekonomipolitikagazetesi.com\/?p=6262","title":{"rendered":"KKTC ile L\u00fcbnan\u2019dan gelen \u00f6\u011frenci ve t\u0131r \u015fof\u00f6rleri Mersin\u2019de karantinaya al\u0131nd\u0131"},"content":{"rendered":"<div><span style=\"font-size: 12px;\">Kuzey K\u0131br\u0131s T\u00fcrk Cumhuriyeti\u2019nden (KKTC) gelen 395 \u00f6\u011frenci ile L\u00fcbnan\u2019dan gelen 44 t\u0131r \u015fof\u00f6r\u00fc korona vir\u00fcs\u00fc tedbirleri kapsam\u0131nda Mersin\u2019de karantinaya al\u0131nd\u0131. Mersin K\u0131z \u00d6\u011frenci Yurduna getirilen \u00f6\u011frencilerin sa\u011fl\u0131k taramas\u0131ndan ge\u00e7irildi\u011fi ve durumlar\u0131n\u0131n iyi oldu\u011fu, tedbir amac\u0131yla karantinaya al\u0131nd\u0131\u011f\u0131 belirtildi.\u00a0<\/span><\/div>\n<div><span style=\"font-size: 12px;\">\u00a0 T\u00fcm d\u00fcnyada etkisini g\u00f6steren ve binlerce ki\u015finin hayat\u0131n\u0131 kaybetmesine neden olan korona vir\u00fcs\u00fc ile ilgili tedbirler uygulanmaya devam ediliyor. Ak\u015fam saatlerine do\u011fru yo\u011fun g\u00fcvenlik \u00f6nlemleri alt\u0131nda KKTC\u2019den ve L\u00fcbnan\u2019dan \u00e7\u0131kan gemiler, ak\u015fam 21.00 s\u0131ralar\u0131nda Mersin\u2019in Silifke il\u00e7esine ba\u011fl\u0131 Ta\u015fucu Liman\u0131na demir att\u0131. Burada da s\u0131k\u0131 denetimlerle otob\u00fcslere bindirilen 395 \u00f6\u011frenci ile 44 t\u0131r \u015fof\u00f6r\u00fc polis eskortlar\u0131n\u0131n e\u015fli\u011finde karayolu ile Mersin K\u0131z \u00d6\u011frenci Yurduna getirildi. 11 otob\u00fcs ile getirilen \u00f6\u011frenciler, tek tek i\u00e7eri al\u0131nd\u0131. \u00d6\u011frencilerin ve \u015fof\u00f6rlerin sa\u011fl\u0131k taramas\u0131ndan ge\u00e7irildi\u011fi ve durumlar\u0131n\u0131n iyi oldu\u011fu, tedbir amac\u0131yla karantinaya al\u0131nd\u0131\u011f\u0131 belirtildi. Yurt i\u00e7inde ve d\u0131\u015f\u0131nda s\u0131k\u0131 g\u00fcvenlik \u00f6nlemleri al\u0131n\u0131rken, baz\u0131 \u00f6\u011frenci aileleri de b\u00f6lgeye gelerek \u00e7ocuklar\u0131n\u0131n durumlar\u0131yla ilgili yetkililerden bilgi almaya \u00e7al\u0131\u015ft\u0131.\u00a0<\/span><\/div>\n<div><span style=\"font-size: 12px;\">\u00a0 \u00d6\u011frenciler ve \u015fof\u00f6rler 14 g\u00fcn boyunca burada karantina da kald\u0131ktan sonra ailelerine teslim edilecekler.\u00a0<\/span><\/div>\n<div><span style=\"font-size: 12px;\">\u00a0<\/span><\/div>\n<div><span style=\"font-size: 12px;\">Valilikten a\u00e7\u0131klama\u00a0<\/span><\/div>\n<div><span style=\"font-size: 12px;\">\u00a0 Mersin Valili\u011fi de konuyla ilgili yaz\u0131l\u0131 a\u00e7\u0131klama yapt\u0131. Yap\u0131lan a\u00e7\u0131klamada, &#8220;KKTC\u2019den yurdumuza d\u00f6n\u00fc\u015f yapan 395 T\u00fcrk \u00f6\u011frencimiz ve L\u00fcbnan\u2019dan \u00fclkemize gelen 44 t\u0131r \u015fof\u00f6r\u00fcm\u00fcz Ta\u015fucu Liman\u0131nda yap\u0131lan sa\u011fl\u0131k muayenelerini m\u00fcteakip 14 g\u00fcn s\u00fcresince tedbir ama\u00e7l\u0131 karantina uygulanmak \u00fczere Mersin KYK yurtlar\u0131m\u0131za yerle\u015ftirilmi\u015ftir. Yap\u0131lan sa\u011fl\u0131k kontrollerinde herhangi bir olumsuz bulguya rastlanmam\u0131\u015ft\u0131r&#8221; ifadelerine yer verildi.\u00a0<\/span><\/div>\n","protected":false},"excerpt":{"rendered":"<p>Kuzey K\u0131br\u0131s T\u00fcrk Cumhuriyeti\u2019nden (KKTC) gelen 395 \u00f6\u011frenci ile L\u00fcbnan\u2019dan gelen 44 t\u0131r \u015fof\u00f6r\u00fc korona vir\u00fcs\u00fc tedbirleri kapsam\u0131nda Mersin\u2019de karantinaya al\u0131nd\u0131. Mersin K\u0131z \u00d6\u011frenci Yurduna getirilen \u00f6\u011frencilerin sa\u011fl\u0131k taramas\u0131ndan ge\u00e7irildi\u011fi &hellip; <a href=\"https:\/\/mersinekonomipolitikagazetesi.com\/?p=6262\" class=\"more-link\">Devam\u0131n\u0131 Oku&#8230;<\/a><\/p>\n","protected":false},"author":1,"featured_media":0,"comment_status":"open","ping_status":"open","sticky":false,"template":"","format":"standard","meta":[],"categories":[],"tags":[],"_links":{"self":[{"href":"https:\/\/mersinekonomipolitikagazetesi.com\/index.php?rest_route=\/wp\/v2\/posts\/6262"}],"collection":[{"href":"https:\/\/mersinekonomipolitikagazetesi.com\/index.php?rest_route=\/wp\/v2\/posts"}],"about":[{"href":"https:\/\/mersinekonomipolitikagazetesi.com\/index.php?rest_route=\/wp\/v2\/types\/post"}],"author":[{"embeddable":true,"href":"https:\/\/mersinekonomipolitikagazetesi.com\/index.php?rest_route=\/wp\/v2\/users\/1"}],"replies":[{"embeddable":true,"href":"https:\/\/mersinekonomipolitikagazetesi.com\/index.php?rest_route=%2Fwp%2Fv2%2Fcomments&post=6262"}],"version-history":[{"count":0,"href":"https:\/\/mersinekonomipolitikagazetesi.com\/index.php?rest_route=\/wp\/v2\/posts\/6262\/revisions"}],"wp:attachment":[{"href":"https:\/\/mersinekonomipolitikagazetesi.com\/index.php?rest_route=%2Fwp%2Fv2%2Fmedia&parent=6262"}],"wp:term":[{"taxonomy":"category","embeddable":true,"href":"https:\/\/mersinekonomipolitikagazetesi.com\/index.php?rest_route=%2Fwp%2Fv2%2Fcategories&post=6262"},{"taxonomy":"post_tag","embeddable":true,"href":"https:\/\/mersinekonomipolitikagazetesi.com\/index.php?rest_route=%2Fwp%2Fv2%2Ftags&post=6262"}],"curies":[{"name":"wp","href":"https:\/\/api.w.org\/{rel}","templated":true}]}}