{"id":6263,"date":"2020-11-04T18:26:42","date_gmt":"2020-11-04T15:26:42","guid":{"rendered":"http:\/\/mersinekonomipolitikagazetesi.com\/?p=6263"},"modified":"2020-11-04T18:26:42","modified_gmt":"2020-11-04T15:26:42","slug":"akdeniz-belediyesi-tibbi-maske-uretimine-basladi","status":"publish","type":"post","link":"https:\/\/mersinekonomipolitikagazetesi.com\/?p=6263","title":{"rendered":"Akdeniz Belediyesi t\u0131bbi maske \u00fcretimine ba\u015flad\u0131"},"content":{"rendered":"<div><span style=\"font-size: 12px;\">Mersin\u2019in merkez Akdeniz Belediyesine ba\u011fl\u0131 Karaduvar Mahalle Evi&#8217;ndeki kad\u0131n kursiyerler, sipari\u015f \u00fczerine t\u0131bbi maske \u00fcretimine ba\u015flad\u0131.\u00a0<\/span><\/div>\n<div><span style=\"font-size: 12px;\">\u00a0 T\u00fcm d\u00fcnyaya yay\u0131lan ve T\u00fcrkiye\u2019yi de etkisi alt\u0131na alan korona vir\u00fcs salg\u0131n\u0131 nedeniyle ortaya \u00e7\u0131kan ihtiyac\u0131 kar\u015f\u0131lamak \u00fczere bir\u00e7ok kurum t\u0131bbi maske \u00fcretimine ba\u015flad\u0131. Bu kurumlardan biri de Akdeniz Belediyesi oldu. Akdeniz Belediyesi K\u00fclt\u00fcr Sosyal \u0130\u015fler M\u00fcd\u00fcrl\u00fc\u011f\u00fc b\u00fcnyesindeki Karaduvar Mahalle Evi&#8217;nde kurs g\u00f6ren kad\u0131nlar, Toros Devlet Hastanesinin talebi \u00fczerine maske \u00fcretimine ba\u015flad\u0131. 10 kad\u0131n kursiyer, steril ortamda maske, eldiven ve bone kullanarak g\u00fcnl\u00fck bin adet maske \u00fcretiyor.\u00a0<\/span><\/div>\n<div><span style=\"font-size: 12px;\">\u00a0 Kad\u0131n kursiyerlerden Canan Sayar, \u201c\u00dclkemizin i\u00e7inde bulundu\u011fu bu zor g\u00fcnlerde vir\u00fcsle sava\u015fa kar\u015f\u0131 kad\u0131n kursiyerler olarak bizler de bir \u015feyler yapmak istedik ve maske \u00fcretimine ba\u015flad\u0131k\u201d dedi.\u00a0\u00a0<\/span><\/div>\n<div><span style=\"font-size: 12px;\">\u00a0<\/span><\/div>\n<div><span style=\"font-size: 12px;\">\u00a0 \u201c\u00dcreten kad\u0131nlar\u0131m\u0131z\u0131n her zaman destek\u00e7isiyiz\u201d\u00a0\u00a0<\/span><\/div>\n<div><span style=\"font-size: 12px;\">\u00a0 Akdeniz Belediye Ba\u015fkan\u0131 Muhammet Mustafa G\u00fcltak, \u201cKorona vir\u00fcsle m\u00fccadelede belediyemize ait mahalle evlerinde maske \u00fcretimine ba\u015flad\u0131k. B\u00fcy\u00fck bir \u00f6zveriyle maske \u00fcretimine ba\u015flayan kad\u0131n kursiyerlerimizi tebrik ediyorum\u201d diye konu\u015ftu.\u00a0<\/span><\/div>\n","protected":false},"excerpt":{"rendered":"<p>Mersin\u2019in merkez Akdeniz Belediyesine ba\u011fl\u0131 Karaduvar Mahalle Evi&#8217;ndeki kad\u0131n kursiyerler, sipari\u015f \u00fczerine t\u0131bbi maske \u00fcretimine ba\u015flad\u0131.\u00a0 \u00a0 T\u00fcm d\u00fcnyaya yay\u0131lan ve T\u00fcrkiye\u2019yi de etkisi alt\u0131na alan korona vir\u00fcs salg\u0131n\u0131 nedeniyle &hellip; <a href=\"https:\/\/mersinekonomipolitikagazetesi.com\/?p=6263\" class=\"more-link\">Devam\u0131n\u0131 Oku&#8230;<\/a><\/p>\n","protected":false},"author":1,"featured_media":0,"comment_status":"open","ping_status":"open","sticky":false,"template":"","format":"standard","meta":[],"categories":[],"tags":[],"_links":{"self":[{"href":"https:\/\/mersinekonomipolitikagazetesi.com\/index.php?rest_route=\/wp\/v2\/posts\/6263"}],"collection":[{"href":"https:\/\/mersinekonomipolitikagazetesi.com\/index.php?rest_route=\/wp\/v2\/posts"}],"about":[{"href":"https:\/\/mersinekonomipolitikagazetesi.com\/index.php?rest_route=\/wp\/v2\/types\/post"}],"author":[{"embeddable":true,"href":"https:\/\/mersinekonomipolitikagazetesi.com\/index.php?rest_route=\/wp\/v2\/users\/1"}],"replies":[{"embeddable":true,"href":"https:\/\/mersinekonomipolitikagazetesi.com\/index.php?rest_route=%2Fwp%2Fv2%2Fcomments&post=6263"}],"version-history":[{"count":0,"href":"https:\/\/mersinekonomipolitikagazetesi.com\/index.php?rest_route=\/wp\/v2\/posts\/6263\/revisions"}],"wp:attachment":[{"href":"https:\/\/mersinekonomipolitikagazetesi.com\/index.php?rest_route=%2Fwp%2Fv2%2Fmedia&parent=6263"}],"wp:term":[{"taxonomy":"category","embeddable":true,"href":"https:\/\/mersinekonomipolitikagazetesi.com\/index.php?rest_route=%2Fwp%2Fv2%2Fcategories&post=6263"},{"taxonomy":"post_tag","embeddable":true,"href":"https:\/\/mersinekonomipolitikagazetesi.com\/index.php?rest_route=%2Fwp%2Fv2%2Ftags&post=6263"}],"curies":[{"name":"wp","href":"https:\/\/api.w.org\/{rel}","templated":true}]}}