{"id":6270,"date":"2020-11-04T18:26:43","date_gmt":"2020-11-04T15:26:43","guid":{"rendered":"http:\/\/mersinekonomipolitikagazetesi.com\/?p=6270"},"modified":"2020-11-04T18:26:43","modified_gmt":"2020-11-04T15:26:43","slug":"degirmencay-baraji-ile-mersinde-31-bin-310-dekar-arazi-sulanacak","status":"publish","type":"post","link":"https:\/\/mersinekonomipolitikagazetesi.com\/?p=6270","title":{"rendered":"De\u011firmen\u00e7ay Baraj\u0131 ile Mersin&#8217;de 31 bin 310 dekar arazi sulanacak"},"content":{"rendered":"<div><span style=\"font-size: 12px;\">Mersin&#8217;de yap\u0131m\u0131 devam eden De\u011firmen\u00e7ay Baraj\u0131n\u0131n tamamlanmas\u0131yla 31 bin 310 dekar arazinin suya kavu\u015faca\u011f\u0131 bildirildi.\u00a0 \u00a0<\/span><\/div>\n<div><span style=\"font-size: 12px;\">\u00a0 Devlet Su \u0130\u015fleri (DS\u0130) Genel M\u00fcd\u00fcrl\u00fc\u011f\u00fcnden yap\u0131lan a\u00e7\u0131klamaya g\u00f6re, Mersin\u2019in 30 kilometre kuzeybat\u0131s\u0131nda, Mezitli Er\u00e7el Projesi kapsam\u0131nda Er\u00e7el Deresi \u00fczerinde sulama ve i\u00e7mesuyu amac\u0131yla in\u015fa edilen De\u011firmen\u00e7ay Baraj\u0131\u2019nda y\u00fczde 13 fiziki ger\u00e7ekle\u015fme sa\u011fland\u0131. Baraj ve sulama in\u015faat\u0131n\u0131n tamamlanmas\u0131yla birlikte toplamda 31.310 dekar tar\u0131m arazisinin sulanmas\u0131 sa\u011flanacak.\u00a0<\/span><\/div>\n<div><span style=\"font-size: 12px;\">\u00a0 \u00d6n y\u00fcz\u00fc beton kapl\u0131 kaya dolgu tipinde in\u015fa edilen barajda 677 metre uzunlu\u011fundaki derivasyon t\u00fcneli tamamland\u0131. Di\u011fer k\u0131s\u0131mlardaki \u00e7al\u0131\u015fmalar devam etmektedir.\u00a0<\/span><\/div>\n<div><span style=\"font-size: 12px;\">\u00a0 Temelden 110,5 metre y\u00fcksekli\u011fe sahip De\u011firmen\u00e7ay Baraj\u0131 37,5 milyon metrek\u00fcp su biriktirme hacmine sahip. De\u011firmen\u00e7ay Baraj\u0131\u2019n\u0131n su tutmas\u0131 ile b\u00f6lgede yap\u0131lacak sulu tar\u0131m ile birlikte hem tarlalardaki verim artarak, hem de y\u00f6rede \u00fcr\u00fcn \u00e7e\u015fitlili\u011fi sa\u011flanacak. Bununla birlikte b\u00f6lgede istihdama katk\u0131 sa\u011flanmas\u0131 ve yap\u0131lacak sulu tar\u0131m ile birlikte 2019 birim fiyatlar\u0131 ile milli ekonomiye y\u0131ll\u0131k 35 milyon 31 bin TL gelir art\u0131\u015f\u0131 sa\u011flanmas\u0131 hedefleniyor.\u00a0<\/span><\/div>\n","protected":false},"excerpt":{"rendered":"<p>Mersin&#8217;de yap\u0131m\u0131 devam eden De\u011firmen\u00e7ay Baraj\u0131n\u0131n tamamlanmas\u0131yla 31 bin 310 dekar arazinin suya kavu\u015faca\u011f\u0131 bildirildi.\u00a0 \u00a0 \u00a0 Devlet Su \u0130\u015fleri (DS\u0130) Genel M\u00fcd\u00fcrl\u00fc\u011f\u00fcnden yap\u0131lan a\u00e7\u0131klamaya g\u00f6re, Mersin\u2019in 30 kilometre kuzeybat\u0131s\u0131nda, &hellip; <a href=\"https:\/\/mersinekonomipolitikagazetesi.com\/?p=6270\" class=\"more-link\">Devam\u0131n\u0131 Oku&#8230;<\/a><\/p>\n","protected":false},"author":1,"featured_media":0,"comment_status":"open","ping_status":"open","sticky":false,"template":"","format":"standard","meta":[],"categories":[],"tags":[],"_links":{"self":[{"href":"https:\/\/mersinekonomipolitikagazetesi.com\/index.php?rest_route=\/wp\/v2\/posts\/6270"}],"collection":[{"href":"https:\/\/mersinekonomipolitikagazetesi.com\/index.php?rest_route=\/wp\/v2\/posts"}],"about":[{"href":"https:\/\/mersinekonomipolitikagazetesi.com\/index.php?rest_route=\/wp\/v2\/types\/post"}],"author":[{"embeddable":true,"href":"https:\/\/mersinekonomipolitikagazetesi.com\/index.php?rest_route=\/wp\/v2\/users\/1"}],"replies":[{"embeddable":true,"href":"https:\/\/mersinekonomipolitikagazetesi.com\/index.php?rest_route=%2Fwp%2Fv2%2Fcomments&post=6270"}],"version-history":[{"count":0,"href":"https:\/\/mersinekonomipolitikagazetesi.com\/index.php?rest_route=\/wp\/v2\/posts\/6270\/revisions"}],"wp:attachment":[{"href":"https:\/\/mersinekonomipolitikagazetesi.com\/index.php?rest_route=%2Fwp%2Fv2%2Fmedia&parent=6270"}],"wp:term":[{"taxonomy":"category","embeddable":true,"href":"https:\/\/mersinekonomipolitikagazetesi.com\/index.php?rest_route=%2Fwp%2Fv2%2Fcategories&post=6270"},{"taxonomy":"post_tag","embeddable":true,"href":"https:\/\/mersinekonomipolitikagazetesi.com\/index.php?rest_route=%2Fwp%2Fv2%2Ftags&post=6270"}],"curies":[{"name":"wp","href":"https:\/\/api.w.org\/{rel}","templated":true}]}}