{"id":6272,"date":"2020-11-04T18:26:43","date_gmt":"2020-11-04T15:26:43","guid":{"rendered":"http:\/\/mersinekonomipolitikagazetesi.com\/?p=6272"},"modified":"2020-11-04T18:26:43","modified_gmt":"2020-11-04T15:26:43","slug":"akdeniz-belediyesi-zabita-ekipleri-tirmil-hayvan-pazarini-kaldirdi","status":"publish","type":"post","link":"https:\/\/mersinekonomipolitikagazetesi.com\/?p=6272","title":{"rendered":"Akdeniz Belediyesi zab\u0131ta ekipleri, T\u0131rm\u0131l hayvan pazar\u0131n\u0131 kald\u0131rd\u0131"},"content":{"rendered":"<div><span style=\"font-size: 12px;\">\u00a0<\/span><\/p>\n<div><span style=\"font-size: 12px;\">Mersin\u2019in merkez il\u00e7e Akdeniz Belediyesi zab\u0131ta ekipleri, Mersin Valili\u011fi h\u0131fz\u0131ss\u0131hha kurulunun ald\u0131\u011f\u0131 karar neticesinde T\u0131rm\u0131l hayvan pazar\u0131n\u0131n kald\u0131r\u0131lmas\u0131 i\u00e7in gerekli i\u015flemleri ba\u015flatt\u0131.\u00a0<\/span><\/div>\n<div><span style=\"font-size: 12px;\">\u00a0 K\u00fc\u00e7\u00fckba\u015f hayvanc\u0131l\u0131\u011f\u0131n sat\u0131\u015f\u0131n\u0131n yap\u0131ld\u0131\u011f\u0131 T\u0131rm\u0131l hayvan pazar\u0131, \u00e7evreden gelen \u015fikayetler ve korona vir\u00fcs\u00fcne (COV\u0130D-19) tedbir ama\u00e7l\u0131 Akdeniz Belediyesi zab\u0131ta ekipleri hayvan sahiplerine verdi\u011fi s\u00fcrenin bitmesiyle alan\u0131 bo\u015faltma \u00e7al\u0131\u015fmalar\u0131na ba\u015flad\u0131. Akdeniz Belediyesi zab\u0131ta ekipleri hayvan sahiplerinin kurmu\u015f oldu\u011fu \u00e7ad\u0131rlar\u0131 kald\u0131rmas\u0131 y\u00f6n\u00fcnde anons ge\u00e7ti. Hayvan pazar\u0131n\u0131n ivedilikle bo\u015falt\u0131lmas\u0131n\u0131n ard\u0131ndan Akdeniz Belediyesi \u00c7evre Koruma ve Kontrol M\u00fcd\u00fcrl\u00fc\u011f\u00fcne ba\u011fl\u0131 ekipler taraf\u0131ndan ila\u00e7lama ve dezenfekte \u00e7al\u0131\u015fmalar\u0131 yap\u0131lacak.\u00a0\u00a0<\/span><\/div>\n<div><span style=\"font-size: 12px;\">\u00a0 Konuyla ilgili a\u00e7\u0131klama yapan Akdeniz Belediye Ba\u015fkan\u0131Mustafa G\u00fcltak, &#8220;\u00d6zg\u00fcrl\u00fck Mahallesi T\u0131rm\u0131l tepe mevkisinde bulunan sa\u011fl\u0131ks\u0131z ko\u015fullarda hayvan sat\u0131\u015f\u0131 ve kesimi yap\u0131lan alanda, \u00e7evredeki vatanda\u015flar\u0131n C\u0130MER\u2019e yapm\u0131\u015f oldu\u011fu \u015fikayetler \u00fczerine \u00e7ad\u0131rlar sahipleri taraf\u0131ndan s\u00f6kt\u00fcr\u00fclm\u00fc\u015ft\u00fcr ve orada bulunan hayvanlar\u0131n ba\u015fka bir yere ta\u015f\u0131nmas\u0131 zab\u0131ta ekiplerimiz taraf\u0131ndan sa\u011flanm\u0131\u015ft\u0131r&#8221; dedi.\u00a0<\/span><\/div>\n<\/div>\n","protected":false},"excerpt":{"rendered":"<p>\u00a0 Mersin\u2019in merkez il\u00e7e Akdeniz Belediyesi zab\u0131ta ekipleri, Mersin Valili\u011fi h\u0131fz\u0131ss\u0131hha kurulunun ald\u0131\u011f\u0131 karar neticesinde T\u0131rm\u0131l hayvan pazar\u0131n\u0131n kald\u0131r\u0131lmas\u0131 i\u00e7in gerekli i\u015flemleri ba\u015flatt\u0131.\u00a0 \u00a0 K\u00fc\u00e7\u00fckba\u015f hayvanc\u0131l\u0131\u011f\u0131n sat\u0131\u015f\u0131n\u0131n yap\u0131ld\u0131\u011f\u0131 T\u0131rm\u0131l hayvan &hellip; <a href=\"https:\/\/mersinekonomipolitikagazetesi.com\/?p=6272\" class=\"more-link\">Devam\u0131n\u0131 Oku&#8230;<\/a><\/p>\n","protected":false},"author":1,"featured_media":0,"comment_status":"open","ping_status":"open","sticky":false,"template":"","format":"standard","meta":[],"categories":[],"tags":[],"_links":{"self":[{"href":"https:\/\/mersinekonomipolitikagazetesi.com\/index.php?rest_route=\/wp\/v2\/posts\/6272"}],"collection":[{"href":"https:\/\/mersinekonomipolitikagazetesi.com\/index.php?rest_route=\/wp\/v2\/posts"}],"about":[{"href":"https:\/\/mersinekonomipolitikagazetesi.com\/index.php?rest_route=\/wp\/v2\/types\/post"}],"author":[{"embeddable":true,"href":"https:\/\/mersinekonomipolitikagazetesi.com\/index.php?rest_route=\/wp\/v2\/users\/1"}],"replies":[{"embeddable":true,"href":"https:\/\/mersinekonomipolitikagazetesi.com\/index.php?rest_route=%2Fwp%2Fv2%2Fcomments&post=6272"}],"version-history":[{"count":0,"href":"https:\/\/mersinekonomipolitikagazetesi.com\/index.php?rest_route=\/wp\/v2\/posts\/6272\/revisions"}],"wp:attachment":[{"href":"https:\/\/mersinekonomipolitikagazetesi.com\/index.php?rest_route=%2Fwp%2Fv2%2Fmedia&parent=6272"}],"wp:term":[{"taxonomy":"category","embeddable":true,"href":"https:\/\/mersinekonomipolitikagazetesi.com\/index.php?rest_route=%2Fwp%2Fv2%2Fcategories&post=6272"},{"taxonomy":"post_tag","embeddable":true,"href":"https:\/\/mersinekonomipolitikagazetesi.com\/index.php?rest_route=%2Fwp%2Fv2%2Ftags&post=6272"}],"curies":[{"name":"wp","href":"https:\/\/api.w.org\/{rel}","templated":true}]}}