{"id":6274,"date":"2020-11-04T18:26:43","date_gmt":"2020-11-04T15:26:43","guid":{"rendered":"http:\/\/mersinekonomipolitikagazetesi.com\/?p=6274"},"modified":"2020-11-04T18:26:43","modified_gmt":"2020-11-04T15:26:43","slug":"eczanelerde-1-metre-tedbiri","status":"publish","type":"post","link":"https:\/\/mersinekonomipolitikagazetesi.com\/?p=6274","title":{"rendered":"ECZANELERDE 1 METRE TEDB\u0130R\u0130"},"content":{"rendered":"<div><span style=\"font-size: 12px;\">Korona vir\u00fcs\u00fcne kar\u015f\u0131 al\u0131nan tedbirlerde Eczaneler, gelen m\u00fc\u015fterileri olu\u015fturduklar\u0131 bariyerle sadece 1 metre i\u00e7eriye al\u0131yor.\u00a0<\/span><\/div>\n<div>\u00a0<\/div>\n<div><span style=\"font-size: 12px;\">T\u00fcm d\u00fcnyay\u0131 ve T\u00fcrkiye&#8217;yi de etkisi alt\u0131na alan korona vir\u00fcse kar\u015f\u0131 hem vatanda\u015flar hem de yetkililer yo\u011fun \u00f6nlemler ald\u0131. Mersin\u2019de de salg\u0131na kar\u015f\u0131 risk alt\u0131nda bulunan eczac\u0131lar da \u00e7e\u015fitli tedbirler ald\u0131.<\/span><\/div>\n<div><span style=\"font-size: 12px;\">Al\u0131nt\u0131lanan metni gizle<\/span><\/div>\n<div><span style=\"font-size: 12px;\">Sa\u011fl\u0131k Bakanl\u0131\u011f\u0131 T\u00fcrkiye \u0130la\u00e7 ve T\u0131bbi Cihaz Kurumu Ba\u015fkan\u0131 Hakk\u0131 G\u00fcrs\u00f6z imzas\u0131yla, eczanelere ili\u015fkin tedbirlere y\u00f6nelik T\u00fcrk Eczac\u0131lar\u0131 Birli\u011fine yaz\u0131 g\u00f6ndermesinin ard\u0131ndan Eczac\u0131lar, &#8216;sosyal mesafe&#8217; olarak adland\u0131r\u0131lan 1 metrelik mesafeye uyulmas\u0131na dikkat edilmesi i\u00e7in \u00e7e\u015fitli tedbirler ald\u0131. Art\u0131k m\u00fc\u015fteriler bariyerlerle birbirinden ayr\u0131lan noktalarda, aralar\u0131nda 1 metre bo\u015fuk b\u0131rakarak s\u0131rada bekleyecek.<\/span><\/div>\n","protected":false},"excerpt":{"rendered":"<p>Korona vir\u00fcs\u00fcne kar\u015f\u0131 al\u0131nan tedbirlerde Eczaneler, gelen m\u00fc\u015fterileri olu\u015fturduklar\u0131 bariyerle sadece 1 metre i\u00e7eriye al\u0131yor.\u00a0 \u00a0 T\u00fcm d\u00fcnyay\u0131 ve T\u00fcrkiye&#8217;yi de etkisi alt\u0131na alan korona vir\u00fcse kar\u015f\u0131 hem vatanda\u015flar hem &hellip; <a href=\"https:\/\/mersinekonomipolitikagazetesi.com\/?p=6274\" class=\"more-link\">Devam\u0131n\u0131 Oku&#8230;<\/a><\/p>\n","protected":false},"author":1,"featured_media":0,"comment_status":"open","ping_status":"open","sticky":false,"template":"","format":"standard","meta":[],"categories":[],"tags":[],"_links":{"self":[{"href":"https:\/\/mersinekonomipolitikagazetesi.com\/index.php?rest_route=\/wp\/v2\/posts\/6274"}],"collection":[{"href":"https:\/\/mersinekonomipolitikagazetesi.com\/index.php?rest_route=\/wp\/v2\/posts"}],"about":[{"href":"https:\/\/mersinekonomipolitikagazetesi.com\/index.php?rest_route=\/wp\/v2\/types\/post"}],"author":[{"embeddable":true,"href":"https:\/\/mersinekonomipolitikagazetesi.com\/index.php?rest_route=\/wp\/v2\/users\/1"}],"replies":[{"embeddable":true,"href":"https:\/\/mersinekonomipolitikagazetesi.com\/index.php?rest_route=%2Fwp%2Fv2%2Fcomments&post=6274"}],"version-history":[{"count":0,"href":"https:\/\/mersinekonomipolitikagazetesi.com\/index.php?rest_route=\/wp\/v2\/posts\/6274\/revisions"}],"wp:attachment":[{"href":"https:\/\/mersinekonomipolitikagazetesi.com\/index.php?rest_route=%2Fwp%2Fv2%2Fmedia&parent=6274"}],"wp:term":[{"taxonomy":"category","embeddable":true,"href":"https:\/\/mersinekonomipolitikagazetesi.com\/index.php?rest_route=%2Fwp%2Fv2%2Fcategories&post=6274"},{"taxonomy":"post_tag","embeddable":true,"href":"https:\/\/mersinekonomipolitikagazetesi.com\/index.php?rest_route=%2Fwp%2Fv2%2Ftags&post=6274"}],"curies":[{"name":"wp","href":"https:\/\/api.w.org\/{rel}","templated":true}]}}