{"id":6279,"date":"2020-11-04T18:26:43","date_gmt":"2020-11-04T15:26:43","guid":{"rendered":"http:\/\/mersinekonomipolitikagazetesi.com\/?p=6279"},"modified":"2020-11-04T18:26:43","modified_gmt":"2020-11-04T15:26:43","slug":"erdemlide-65-yas-ustu-vatandaslara-limon-cicegi-destegi","status":"publish","type":"post","link":"https:\/\/mersinekonomipolitikagazetesi.com\/?p=6279","title":{"rendered":"Erdemli&#8217;de 65 ya\u015f \u00fcst\u00fc vatanda\u015flara &#8216;Limon \u00c7i\u00e7e\u011fi&#8217; deste\u011fi"},"content":{"rendered":"<div><span style=\"font-size: 12px;\">Erdemli Belediyesi, yeni tip korona vir\u00fcs salg\u0131n\u0131 nedeniyle evlerinden \u00e7\u0131kamayan 65 ya\u015f \u00fcst\u00fc vatanda\u015flar\u0131n talepte bulunmas\u0131 halinde acil ihtiya\u00e7lar\u0131n\u0131n &#8216;Limon \u00c7i\u00e7e\u011fi&#8217; ekiplerince kar\u015f\u0131lanaca\u011f\u0131n\u0131 duyurdu.\u00a0 \u00a0<\/span><\/div>\n<div><span style=\"font-size: 12px;\">\u00a0 Erdemli Kaymakaml\u0131\u011f\u0131 Sosyal Yard\u0131mla\u015fma ve Dayan\u0131\u015fma Vakf\u0131, \u0130l\u00e7e Jandarma Personelleri ve Erdemli Belediyesi Limon \u00c7i\u00e7e\u011fi ekipleri taraf\u0131ndan evlerinden \u00e7\u0131kamayan 65 ya\u015f \u00fcst\u00fc vatanda\u015flar\u0131n istekleri do\u011frultusunda, ba\u015fta temel g\u0131da ve ihtiya\u00e7lar\u0131 adreslerine \u00fccretsiz ula\u015ft\u0131r\u0131l\u0131yor. Korona vir\u00fcse kar\u015f\u0131 al\u0131nan \u00f6nlemler kapsam\u0131nda evlerinden \u00e7\u0131kamayan 65 ya\u015f \u00fcst\u00fc vatanda\u015flar\u0131n ihtiya\u00e7lar\u0131n\u0131n giderilmesi do\u011frultusunda &#8216;Vefa Destek Grubu&#8217; olu\u015fturuldu. Ekipler taraf\u0131ndan belirlenen adreslere kaymakaml\u0131k, jandarma ve belediye &#8216;Limon \u00c7i\u00e7e\u011fi&#8217; personelleri, 65 ya\u015f \u00fczeri ki\u015filere bir ihtiyac\u0131 olup olmad\u0131\u011f\u0131n\u0131 sordu. \u0130htiya\u00e7lar\u0131n\u0131 bildiren 65 ya\u015f \u00fcst\u00fc b\u00fct\u00fcn vatanda\u015flar\u0131n, evden \u00e7\u0131kmamalar\u0131 ad\u0131na al\u0131\u015fveri\u015fleri ekipler taraf\u0131ndan yap\u0131ld\u0131 ve tek tek adreslerine teslim edildi.\u00a0<\/span><\/div>\n<div><span style=\"font-size: 12px;\">\u00a0 Erdemli Belediye Ba\u015fkan\u0131 M\u00fckerrem Tollu, korona vir\u00fcs ile m\u00fccadele kapsam\u0131nda, &#8216;evde kal&#8217; kampanyas\u0131na destek verdiklerini s\u00f6yledi. T\u00fcm d\u00fcnyan\u0131n ciddi bir tehditle kar\u015f\u0131 kar\u015f\u0131ya oldu\u011funu dile getiren Tollu, vatanda\u015flara daha fazla yard\u0131mc\u0131 olabilmek amac\u0131yla ek hizmetler belirlediklerinin alt\u0131n\u0131 \u00e7izerek, salg\u0131n nedeniyle d\u0131\u015far\u0131ya \u00e7\u0131kamayan ve talepte bulunan vatanda\u015flar\u0131n ihtiya\u00e7lar\u0131n\u0131 &#8216;Limon \u00c7i\u00e7e\u011fi&#8217; ekiplerinin yerine getirip adreslerine teslim edece\u011fini bildirdi. Korona vir\u00fcse kar\u015f\u0131 m\u00fccadele kapsam\u0131nda gerekli t\u00fcm ad\u0131mlar\u0131n at\u0131ld\u0131\u011f\u0131n\u0131 hat\u0131rlatan Tollu, ihtiya\u00e7 sahibi 65 ya\u015f \u00fcst\u00fc vatanda\u015flar\u0131n da unutulmad\u0131\u011f\u0131n\u0131 vurgulayarak, \u201c\u0130htiya\u00e7 sahibi vatanda\u015flar\u0131m\u0131z &#8216;Limon \u00c7i\u00e7e\u011fi&#8217; ve &#8216;Vefa Destek Grubu&#8217; ile ileti\u015fime ge\u00e7ip, talepte bulunduklar\u0131 takdirde bir insanl\u0131k projesi olan &#8216;Limon \u00c7i\u00e7e\u011fi&#8217; arac\u0131l\u0131\u011f\u0131yla ihtiya\u00e7lar\u0131n\u0131 giderip ivedilikle ula\u015ft\u0131raca\u011f\u0131z. 65 ya\u015f \u00fcst\u00fc her gelen talebi de\u011ferlendirece\u011fiz. Ya\u015fl\u0131lar\u0131m\u0131z her zaman ba\u015f tac\u0131m\u0131zd\u0131r\u201d dedi.\u00a0<\/span><\/div>\n","protected":false},"excerpt":{"rendered":"<p>Erdemli Belediyesi, yeni tip korona vir\u00fcs salg\u0131n\u0131 nedeniyle evlerinden \u00e7\u0131kamayan 65 ya\u015f \u00fcst\u00fc vatanda\u015flar\u0131n talepte bulunmas\u0131 halinde acil ihtiya\u00e7lar\u0131n\u0131n &#8216;Limon \u00c7i\u00e7e\u011fi&#8217; ekiplerince kar\u015f\u0131lanaca\u011f\u0131n\u0131 duyurdu.\u00a0 \u00a0 \u00a0 Erdemli Kaymakaml\u0131\u011f\u0131 Sosyal Yard\u0131mla\u015fma &hellip; <a href=\"https:\/\/mersinekonomipolitikagazetesi.com\/?p=6279\" class=\"more-link\">Devam\u0131n\u0131 Oku&#8230;<\/a><\/p>\n","protected":false},"author":1,"featured_media":0,"comment_status":"open","ping_status":"open","sticky":false,"template":"","format":"standard","meta":[],"categories":[],"tags":[],"_links":{"self":[{"href":"https:\/\/mersinekonomipolitikagazetesi.com\/index.php?rest_route=\/wp\/v2\/posts\/6279"}],"collection":[{"href":"https:\/\/mersinekonomipolitikagazetesi.com\/index.php?rest_route=\/wp\/v2\/posts"}],"about":[{"href":"https:\/\/mersinekonomipolitikagazetesi.com\/index.php?rest_route=\/wp\/v2\/types\/post"}],"author":[{"embeddable":true,"href":"https:\/\/mersinekonomipolitikagazetesi.com\/index.php?rest_route=\/wp\/v2\/users\/1"}],"replies":[{"embeddable":true,"href":"https:\/\/mersinekonomipolitikagazetesi.com\/index.php?rest_route=%2Fwp%2Fv2%2Fcomments&post=6279"}],"version-history":[{"count":0,"href":"https:\/\/mersinekonomipolitikagazetesi.com\/index.php?rest_route=\/wp\/v2\/posts\/6279\/revisions"}],"wp:attachment":[{"href":"https:\/\/mersinekonomipolitikagazetesi.com\/index.php?rest_route=%2Fwp%2Fv2%2Fmedia&parent=6279"}],"wp:term":[{"taxonomy":"category","embeddable":true,"href":"https:\/\/mersinekonomipolitikagazetesi.com\/index.php?rest_route=%2Fwp%2Fv2%2Fcategories&post=6279"},{"taxonomy":"post_tag","embeddable":true,"href":"https:\/\/mersinekonomipolitikagazetesi.com\/index.php?rest_route=%2Fwp%2Fv2%2Ftags&post=6279"}],"curies":[{"name":"wp","href":"https:\/\/api.w.org\/{rel}","templated":true}]}}