{"id":6281,"date":"2020-11-04T18:26:43","date_gmt":"2020-11-04T15:26:43","guid":{"rendered":"http:\/\/mersinekonomipolitikagazetesi.com\/?p=6281"},"modified":"2020-11-04T18:26:43","modified_gmt":"2020-11-04T15:26:43","slug":"salgin-nedeniyle-ulkelerine-donemeyen-azerbaycanli-ogrencilere-gida-yardimi","status":"publish","type":"post","link":"https:\/\/mersinekonomipolitikagazetesi.com\/?p=6281","title":{"rendered":"Salg\u0131n nedeniyle \u00fclkelerine d\u00f6nemeyen Azerbaycanl\u0131 \u00f6\u011frencilere g\u0131da yard\u0131m\u0131"},"content":{"rendered":"<div><span style=\"font-size: 12px;\">Mersin B\u00fcy\u00fck\u015fehir Belediyesi, korona vir\u00fcs salg\u0131n\u0131 nedeniyle \u00fclkelerine d\u00f6nemeyen Azerbaycanl\u0131 \u00f6\u011frencilere g\u0131da deste\u011finde bulundu.\u00a0 \u00a0<\/span><\/div>\n<div><span style=\"font-size: 12px;\">\u00a0 B\u00fcy\u00fck\u015fehir Belediyesinden yap\u0131lan a\u00e7\u0131klamaya g\u00f6re, Azerbaycan\u2019da salg\u0131na kar\u015f\u0131 al\u0131nan \u00f6nlemler kapsam\u0131nda bankalar\u0131n kapal\u0131 olmas\u0131ndan dolay\u0131 ailelerinden maddi destek g\u00f6remeyen \u00f6\u011frenciler, Belediye Ba\u015fkan\u0131 Vahap Se\u00e7er\u2019e mail ve sosyal medya arac\u0131l\u0131\u011f\u0131yla ula\u015farak g\u0131da yard\u0131m\u0131 talebinde bulundu. Talepte bulunan \u00f6\u011frencilere k\u0131sa s\u00fcrede yan\u0131t veren Mersin B\u00fcy\u00fck\u015fehir Belediyesi Sosyal Hizmetler Dairesi Ba\u015fkanl\u0131\u011f\u0131 b\u00fcnyesinde g\u00f6rev yapan ekipler, sosyal hizmetler uzman\u0131n\u0131n yapt\u0131\u011f\u0131 gerekli incelemeler sonucunda i\u00e7inde temel g\u0131da malzemelerinin bulundu\u011fu kolilerle \u00f6\u011frencilere ula\u015ft\u0131rd\u0131.\u00a0<\/span><\/div>\n<div><span style=\"font-size: 12px;\">\u00a0 Belediyede g\u00f6rev yapan Yusuf Yazg\u0131, Mersin\u2019de ya\u015fayan Azeri \u00f6\u011frencilerin ula\u015f\u0131m s\u0131n\u0131rlamas\u0131ndan dolay\u0131 ailelerinin yan\u0131na gidememesi ve onlar\u0131n kendilerine \u00fclkelerindeki s\u0131n\u0131rlamalardan dolay\u0131 herhangi bir maddi destek g\u00f6nderemedikleri i\u00e7in bu yard\u0131m\u0131 yapt\u0131klar\u0131n\u0131 belirterek, &#8220;Ba\u015fkan\u0131m\u0131za mail yoluyla Azeri bir \u00f6\u011frenci ula\u015f\u0131yor. Zor durumda olduklar\u0131n\u0131 s\u00f6yl\u00fcyor. Gelen maile istinaden incelemeye gittim. \u0130ncelemeden sonra b\u00f6yle bir yard\u0131m\u0131n uygun olabilece\u011fine arkada\u015flar\u0131m\u0131zla karar verdik. Olumsuz \u015fartlardan dolay\u0131 \u00f6\u011frencilerden gelen talepler do\u011frultusunda onlarla ilgilenece\u011fiz&#8221; dedi.\u00a0<\/span><\/div>\n<div><span style=\"font-size: 12px;\">\u00a0 Mersin \u00dcniversitesi Radyo Sinema ve Televizyon \u00f6\u011frencisi Azer Panahov ise \u201cVir\u00fcs sebebiyle \u00fclkemizde bankalar kapand\u0131\u011f\u0131 i\u00e7in ailemizden maddi destek alam\u0131yoruz. Bir arkada\u015f\u0131m\u0131z g\u0131da yard\u0131m\u0131 i\u00e7in belediye ba\u015fkan\u0131m\u0131za ula\u015ft\u0131. O da sa\u011f olsun bu olaya duyars\u0131z kalmad\u0131 ve bize yard\u0131mc\u0131 oldu. \u00c7ok te\u015fekk\u00fcr ederiz\u201d diye konu\u015ftu.\u00a0<\/span><\/div>\n<div><span style=\"font-size: 12px;\">\u00a0 Mersin \u00dcniversitesi psikoloji \u00f6\u011frencisi Aydan Mammadova da korona vir\u00fcs y\u00fcz\u00fcnden \u00fclkesine d\u00f6nemedi\u011fini ifade ederek, &#8220;S\u0131n\u0131rlar kapal\u0131 ve bankalar\u0131m\u0131z da kapal\u0131 oldu\u011fu i\u00e7in ailelerimizden maddi destek alam\u0131yoruz. Ba\u015fkan\u0131m\u0131za te\u015fekk\u00fcr ederiz, sa\u011f olsunlar&#8221; ifadelerine yer verdi.\u00a0<\/span><\/div>\n","protected":false},"excerpt":{"rendered":"<p>Mersin B\u00fcy\u00fck\u015fehir Belediyesi, korona vir\u00fcs salg\u0131n\u0131 nedeniyle \u00fclkelerine d\u00f6nemeyen Azerbaycanl\u0131 \u00f6\u011frencilere g\u0131da deste\u011finde bulundu.\u00a0 \u00a0 \u00a0 B\u00fcy\u00fck\u015fehir Belediyesinden yap\u0131lan a\u00e7\u0131klamaya g\u00f6re, Azerbaycan\u2019da salg\u0131na kar\u015f\u0131 al\u0131nan \u00f6nlemler kapsam\u0131nda bankalar\u0131n kapal\u0131 olmas\u0131ndan &hellip; <a href=\"https:\/\/mersinekonomipolitikagazetesi.com\/?p=6281\" class=\"more-link\">Devam\u0131n\u0131 Oku&#8230;<\/a><\/p>\n","protected":false},"author":1,"featured_media":0,"comment_status":"open","ping_status":"open","sticky":false,"template":"","format":"standard","meta":[],"categories":[],"tags":[],"_links":{"self":[{"href":"https:\/\/mersinekonomipolitikagazetesi.com\/index.php?rest_route=\/wp\/v2\/posts\/6281"}],"collection":[{"href":"https:\/\/mersinekonomipolitikagazetesi.com\/index.php?rest_route=\/wp\/v2\/posts"}],"about":[{"href":"https:\/\/mersinekonomipolitikagazetesi.com\/index.php?rest_route=\/wp\/v2\/types\/post"}],"author":[{"embeddable":true,"href":"https:\/\/mersinekonomipolitikagazetesi.com\/index.php?rest_route=\/wp\/v2\/users\/1"}],"replies":[{"embeddable":true,"href":"https:\/\/mersinekonomipolitikagazetesi.com\/index.php?rest_route=%2Fwp%2Fv2%2Fcomments&post=6281"}],"version-history":[{"count":0,"href":"https:\/\/mersinekonomipolitikagazetesi.com\/index.php?rest_route=\/wp\/v2\/posts\/6281\/revisions"}],"wp:attachment":[{"href":"https:\/\/mersinekonomipolitikagazetesi.com\/index.php?rest_route=%2Fwp%2Fv2%2Fmedia&parent=6281"}],"wp:term":[{"taxonomy":"category","embeddable":true,"href":"https:\/\/mersinekonomipolitikagazetesi.com\/index.php?rest_route=%2Fwp%2Fv2%2Fcategories&post=6281"},{"taxonomy":"post_tag","embeddable":true,"href":"https:\/\/mersinekonomipolitikagazetesi.com\/index.php?rest_route=%2Fwp%2Fv2%2Ftags&post=6281"}],"curies":[{"name":"wp","href":"https:\/\/api.w.org\/{rel}","templated":true}]}}