{"id":6282,"date":"2020-11-04T18:26:43","date_gmt":"2020-11-04T15:26:43","guid":{"rendered":"http:\/\/mersinekonomipolitikagazetesi.com\/?p=6282"},"modified":"2020-11-04T18:26:43","modified_gmt":"2020-11-04T15:26:43","slug":"akdeniz-ilcesinde-korona-virus-tedbirleri-suruyor","status":"publish","type":"post","link":"https:\/\/mersinekonomipolitikagazetesi.com\/?p=6282","title":{"rendered":"Akdeniz il\u00e7esinde korona vir\u00fcs tedbirleri s\u00fcr\u00fcyor"},"content":{"rendered":"<div><span style=\"font-size: 12px;\">Akdeniz Belediyesince korona vir\u00fcs salg\u0131n\u0131na kar\u015f\u0131 olu\u015fturulan mobil ekiplerin, kamu ve \u00f6zel sekt\u00f6re ait binalarda dezenfekte \u00e7al\u0131\u015fmalar\u0131 s\u00fcrerken, kentin temizli\u011fi i\u00e7in de m\u00fccadelenin s\u00fcrd\u00fc\u011f\u00fc bildirildi.\u00a0 \u00a0<\/span><\/div>\n<div><span style=\"font-size: 12px;\">\u00a0 Akdeniz Belediyesi&#8217;nden yap\u0131lan a\u00e7\u0131klamaya g\u00f6re, Belediye Ba\u015fkan\u0131 Mustafa G\u00fcltak\u2019\u0131n talimat\u0131yla, korona vir\u00fcs salg\u0131n\u0131yla m\u00fccadele amac\u0131yla, Park Bah\u00e7eler ile \u00c7evre Koruma Kontrol M\u00fcd\u00fcrl\u00fc\u011f\u00fcne ba\u011fl\u0131 personelden olu\u015fan mobil ekiplerin, kent merkezinden en ucra mahalleye dek, merkez-k\u0131rsal ay\u0131r\u0131m\u0131 yapmadan il\u00e7e s\u0131n\u0131rlar\u0131 i\u00e7erisinde dezenfekte \u00e7al\u0131\u015fmalar\u0131 gece g\u00fcnd\u00fcz devam ediyor. \u0130l\u00e7ede araz\u00f6z yard\u0131m\u0131yla cadde ve sokaklar da ila\u00e7lan\u0131p dezenfekte edilerek vir\u00fcse kar\u015f\u0131 m\u00fccadele ediliyor.\u00a0<\/span><\/div>\n<div><span style=\"font-size: 12px;\">\u00a0 Kursiyer kad\u0131nlar, g\u00fcnl\u00fck bin adet t\u0131bbi maske \u00fcretiyor\u00a0<\/span><\/div>\n<div><span style=\"font-size: 12px;\">\u00a0 K\u00fclt\u00fcr Sosyal \u0130\u015fler M\u00fcd\u00fcrl\u00fc\u011f\u00fc b\u00fcnyesinde hizmet veren Karaduvar Mahalle Evinde mesleki ve beceri e\u011fitimi alan kursiyer kad\u0131nlar, korona vir\u00fcs ile m\u00fccadele kapsam\u0131nda, g\u00fcnl\u00fck bin adet t\u0131bbi maske \u00fcretiyor. Kursiyerlerin maske, eldiven ve bone kullanarak steril ortamda \u00fcretti\u011fi g\u00fcnl\u00fck bin adet maske, Toros Devlet Hastanesi&#8217;ne teslim ediliyor.\u00a0<\/span><\/div>\n<div><span style=\"font-size: 12px;\">\u00a0 Kentin en i\u015flek noktalar\u0131 temizleniyor\u00a0<\/span><\/div>\n<div><span style=\"font-size: 12px;\">\u00a0 Akdeniz\u2019de bir yandan korona vir\u00fcs salg\u0131n\u0131n\u0131 \u00f6nlemek amac\u0131yla sterilizasyon \u00e7al\u0131\u015fmalar\u0131 yap\u0131l\u0131rken, \u00f6te taraftan da kentin temizli\u011fi i\u00e7in aral\u0131ks\u0131z m\u00fccadele veriliyor. Akdeniz Belediye Ba\u015fkan\u0131 Mustafa G\u00fcltak&#8217;\u0131n talimat\u0131yla, \u00c7evre Koruma ve Kontrol M\u00fcd\u00fcrl\u00fc\u011f\u00fc ekipleri, kentin en i\u015flek yerlerinden olan Silifke Caddesi ve Bal\u0131k Pazar\u0131nda, temizlik ve dezenfekte \u00e7al\u0131\u015fmas\u0131 ger\u00e7ekle\u015ftirdi.\u00a0<\/span><\/div>\n<div><span style=\"font-size: 12px;\">\u00a0 Zab\u0131ta ekipleri, cadde ve sokaklarda s\u00fcrekli anons ge\u00e7iyor\u00a0<\/span><\/div>\n<div><span style=\"font-size: 12px;\">\u00a0 Zab\u0131ta M\u00fcd\u00fcrl\u00fc\u011f\u00fc ekipleri de semt pazarlar\u0131n\u0131 dola\u015f\u0131p esnaf\u0131 ve vatanda\u015flar\u0131 hijyen \u015fartlar\u0131na ve 1.5 metre kural\u0131na uymalar\u0131 konusunda s\u00fcrekli uyar\u0131yor. Ara\u00e7 yard\u0131m\u0131yla cadde cadde gezerek, 65 ya\u015f \u00fcst\u00fc ve kronik hastal\u0131\u011f\u0131 olan vatanda\u015flar\u0131 uyar\u0131p, evlerinde kalmalar\u0131 y\u00f6n\u00fcnde s\u0131k s\u0131k anonslar ge\u00e7en zab\u0131ta ekipleri, salg\u0131nla m\u00fccadele kapsam\u0131nda ge\u00e7ici s\u00fcreyle kapat\u0131lan i\u015fyerlerini de s\u00fcrekli denetliyor.\u00a0<\/span><\/div>\n<div><span style=\"font-size: 12px;\">\u00a0 T\u0131rm\u0131 Tepe yan\u0131ndaki canl\u0131 hayvan pazar\u0131 kald\u0131r\u0131ld\u0131\u00a0<\/span><\/div>\n<div><span style=\"font-size: 12px;\">\u00a0 Zab\u0131ta Ekipleri, vatanda\u015flar\u0131n \u00f6zellikle C\u0130MER \u00fczerinde yapt\u0131\u011f\u0131 yo\u011fun \u015fikayetler \u00fczerine, Mersin Valili\u011fi H\u0131fz\u0131ss\u0131hha Kurulu&#8217;nun ald\u0131\u011f\u0131 karar gere\u011fi, T\u0131rm\u0131l Tepe civar\u0131nda bulunan canl\u0131 hayvan pazar\u0131n\u0131n kald\u0131r\u0131lmas\u0131 i\u00e7in de gerekli i\u015flemleri ba\u015flatt\u0131. Hayvan sat\u0131c\u0131lar\u0131na verilen s\u00fcrenin dolmas\u0131yla birlikte ekipler, \u00e7ad\u0131rlar\u0131n kald\u0131r\u0131lmas\u0131 i\u00e7in anonslar ge\u00e7ti. Bunun \u00fczerine sat\u0131c\u0131lar da barakalar\u0131 toplamaya ba\u015flad\u0131. Hayvan pazar\u0131n\u0131n bo\u015falt\u0131lmas\u0131ndan sonra \u00c7evre Koruma Kontrol M\u00fcd\u00fcrl\u00fc\u011f\u00fc ekipleri b\u00f6lgede ila\u00e7lama ve dezenfekte \u00e7al\u0131\u015fmas\u0131 yapt\u0131.\u00a0<\/span><\/div>\n<div><span style=\"font-size: 12px;\">\u00a0 Yard\u0131m paketleri ya\u015fl\u0131 vatanda\u015flara ula\u015ft\u0131r\u0131l\u0131yor\u00a0<\/span><\/div>\n<div><span style=\"font-size: 12px;\">\u00a0 \u00d6te yandan Akdeniz il\u00e7esinde kurulan &#8216;Vefa Sosyal Destek Grubu&#8217; da sahadaki \u00e7al\u0131\u015fmalar\u0131na aral\u0131ks\u0131z devam ediyor. Ya\u015fl\u0131 veya hi\u00e7 kimsesi olmayan vatanda\u015flardan gelen talepler do\u011frultusunda Akdeniz Belediyesi Zab\u0131ta M\u00fcd\u00fcrl\u00fc\u011f\u00fc ekipleri, yard\u0131m paketlerini vatanda\u015flara ula\u015ft\u0131r\u0131yor. \u0130htiyac\u0131 olan vatanda\u015flar, 112, 155, 156 numaral\u0131 telefonlar ile Akdeniz Belediyesi\u2019nin 336 6583 numaral\u0131 santral hatt\u0131 \u00fczerinden 24 saat boyunca yard\u0131m talebinde bulunabiliyorlar.\u00a0<\/span><\/div>\n<div><span style=\"font-size: 12px;\">\u00a0 Y\u00fczlerce kamu ve \u00f6zel sekt\u00f6r binas\u0131 dezenfekte edildi\u00a0<\/span><\/div>\n<div><span style=\"font-size: 12px;\">\u00a0 Akdeniz Belediyesi\u2019nde olu\u015fturulan Kriz Masas\u0131n\u0131n koordinesinde \u00e7al\u0131\u015fan mobil ila\u00e7lama ekipleri, bug\u00fcne dek aralar\u0131nda resmi kurum ve kurulu\u015f, dernek, okul, cami ve i\u015fyerinin bulundu\u011fu y\u00fczlerce yeri, korona vir\u00fcs salg\u0131n\u0131na kar\u015f\u0131 ila\u00e7la dezenfekte etti. Korona vir\u00fcs salg\u0131n\u0131na kar\u015f\u0131 ila\u00e7lama, dezenfekte ve temizlik \u00e7al\u0131\u015fmalar\u0131n\u0131n aral\u0131ks\u0131z devam edece\u011fi bildirildi.\u00a0<\/span><\/div>\n","protected":false},"excerpt":{"rendered":"<p>Akdeniz Belediyesince korona vir\u00fcs salg\u0131n\u0131na kar\u015f\u0131 olu\u015fturulan mobil ekiplerin, kamu ve \u00f6zel sekt\u00f6re ait binalarda dezenfekte \u00e7al\u0131\u015fmalar\u0131 s\u00fcrerken, kentin temizli\u011fi i\u00e7in de m\u00fccadelenin s\u00fcrd\u00fc\u011f\u00fc bildirildi.\u00a0 \u00a0 \u00a0 Akdeniz Belediyesi&#8217;nden yap\u0131lan &hellip; <a href=\"https:\/\/mersinekonomipolitikagazetesi.com\/?p=6282\" class=\"more-link\">Devam\u0131n\u0131 Oku&#8230;<\/a><\/p>\n","protected":false},"author":1,"featured_media":0,"comment_status":"open","ping_status":"open","sticky":false,"template":"","format":"standard","meta":[],"categories":[],"tags":[],"_links":{"self":[{"href":"https:\/\/mersinekonomipolitikagazetesi.com\/index.php?rest_route=\/wp\/v2\/posts\/6282"}],"collection":[{"href":"https:\/\/mersinekonomipolitikagazetesi.com\/index.php?rest_route=\/wp\/v2\/posts"}],"about":[{"href":"https:\/\/mersinekonomipolitikagazetesi.com\/index.php?rest_route=\/wp\/v2\/types\/post"}],"author":[{"embeddable":true,"href":"https:\/\/mersinekonomipolitikagazetesi.com\/index.php?rest_route=\/wp\/v2\/users\/1"}],"replies":[{"embeddable":true,"href":"https:\/\/mersinekonomipolitikagazetesi.com\/index.php?rest_route=%2Fwp%2Fv2%2Fcomments&post=6282"}],"version-history":[{"count":0,"href":"https:\/\/mersinekonomipolitikagazetesi.com\/index.php?rest_route=\/wp\/v2\/posts\/6282\/revisions"}],"wp:attachment":[{"href":"https:\/\/mersinekonomipolitikagazetesi.com\/index.php?rest_route=%2Fwp%2Fv2%2Fmedia&parent=6282"}],"wp:term":[{"taxonomy":"category","embeddable":true,"href":"https:\/\/mersinekonomipolitikagazetesi.com\/index.php?rest_route=%2Fwp%2Fv2%2Fcategories&post=6282"},{"taxonomy":"post_tag","embeddable":true,"href":"https:\/\/mersinekonomipolitikagazetesi.com\/index.php?rest_route=%2Fwp%2Fv2%2Ftags&post=6282"}],"curies":[{"name":"wp","href":"https:\/\/api.w.org\/{rel}","templated":true}]}}