{"id":6283,"date":"2020-11-04T18:26:43","date_gmt":"2020-11-04T15:26:43","guid":{"rendered":"http:\/\/mersinekonomipolitikagazetesi.com\/?p=6283"},"modified":"2020-11-04T18:26:43","modified_gmt":"2020-11-04T15:26:43","slug":"kubra-ogretmeni-olduren-saniga-muebbet","status":"publish","type":"post","link":"https:\/\/mersinekonomipolitikagazetesi.com\/?p=6283","title":{"rendered":"K\u00fcbra \u00f6\u011fretmeni \u00f6ld\u00fcren san\u0131\u011fa m\u00fcebbet"},"content":{"rendered":"<div><span style=\"font-size: 12px;\">\u00a0Mersin&#8217;de bo\u015fand\u0131\u011f\u0131 e\u015fi \u00f6\u011fretmen K\u00fcbra A\u015fk\u0131n&#8217;\u0131, seyir halindeki arac\u0131na \u00e7arparak durduran ve tabancayla \u00f6ld\u00fcrd\u00fc\u011f\u00fc iddias\u0131yla yarg\u0131lanan Davut D., &#8216;kasten insan \u00f6ld\u00fcrmekten&#8217; m\u00fcebbet hapis cezas\u0131na \u00e7arpt\u0131r\u0131ld\u0131. Mahkeme heyeti zanl\u0131ya hi\u00e7bir indirim uygulamazken, san\u0131\u011f\u0131n duru\u015fmada s\u00f6yledikleri herkesi \u015fok etti. Pi\u015fman oldu\u011funu s\u00f6yleyen san\u0131k, bundan sonra kad\u0131n cinayetlerinin olmamas\u0131n\u0131, bu cinayetlerin son bulmas\u0131n\u0131 istedi.\u00a0<\/span><\/div>\n<div><span style=\"font-size: 12px;\">\u00a0 Mersin 4. A\u011f\u0131r Ceza Mahkemesinde g\u00f6r\u00fclen karar duru\u015fmas\u0131na, d\u00fcnyay\u0131 etkisi alan korona vir\u00fcs salg\u0131n\u0131 dolay\u0131s\u0131yla taraf avukatlar\u0131 d\u0131\u015f\u0131nda kimse al\u0131nmad\u0131. San\u0131k duru\u015fmaya SEGB\u0130S y\u00f6ntemiyle kat\u0131ld\u0131. Duru\u015fmada savc\u0131, san\u0131\u011f\u0131n olay\u0131 tasarlayarak i\u015flemedi\u011fini belirterek, san\u0131\u011fa m\u00fcebbet hapis cezas\u0131 verilmesini istedi.\u00a0<\/span><\/div>\n<div><span style=\"font-size: 12px;\">\u00a0<\/span><\/div>\n<div><span style=\"font-size: 12px;\">\u00a0 &#8220;Kad\u0131n cinayetleri son bulsun&#8221;\u00a0<\/span><\/div>\n<div><span style=\"font-size: 12px;\">\u00a0 San\u0131k Davut D. ise pi\u015fman oldu\u011funu belirterek, &#8220;Biz evlilik boyunca \u00e7ok mutluyduk. Bu olay\u0131 hi\u00e7bir zaman yapmak i\u00e7in bir plan yapmad\u0131m. Bir anda geli\u015fen olaylardan dolay\u0131 bu olay ger\u00e7ekle\u015fti. Bundan sonra kad\u0131n cinayetleri olmas\u0131n. Bu cinayetler son bulsun. Umar\u0131m bir daha olmaz&#8221; ifadelerini kulland\u0131.\u00a0<\/span><\/div>\n<div><span style=\"font-size: 12px;\">\u00a0 Ma\u011fdur avukatlar\u0131 da savc\u0131n\u0131n verdi\u011fi m\u00fctalaay\u0131 kabul etmediklerini belirterek, &#8220;\u015eahs\u0131n bu olay\u0131 tasarlayarak yapt\u0131\u011f\u0131 ortadad\u0131r. B\u00fct\u00fcn olaylar bunu g\u00f6stermektedir. \u00d6nce \u015fah\u0131s ma\u011fdurun oldu\u011fu yere geliyor, ard\u0131ndan d\u0131\u015far\u0131da onu bekliyor, sonra takip ediyor ve yolda kaza yapt\u0131rmak suretiyle silahla vurarak \u00f6ld\u00fcr\u00fcyor. San\u0131\u011f\u0131n bu olay\u0131 kasten, planlayarak ve tasarlayarak yapt\u0131\u011f\u0131 bellidir. Bu y\u00f6n\u00fcyle san\u0131\u011fa ceza verilmesini istiyoruz&#8221; ifadelerini kulland\u0131lar.\u00a0<\/span><\/div>\n<div><span style=\"font-size: 12px;\">\u00a0 Mahkeme heyeti de san\u0131\u011fa &#8216;kasten insan \u00f6ld\u00fcrmekten&#8217; m\u00fcebbet hapis cezas\u0131 verirken, hi\u00e7bir takdir indirimi uygulamad\u0131. Ayr\u0131ca heyet san\u0131\u011fa ruhsats\u0131z silah ta\u015f\u0131maktan da para cezas\u0131 verdi.\u00a0\u00a0<\/span><\/div>\n<div><span style=\"font-size: 12px;\">\u00a0 Duru\u015fma sonras\u0131 gazetecilere a\u00e7\u0131klamalarda bulunan ma\u011fdur avukatlar\u0131, verilen karara itiraz edeceklerini, san\u0131\u011f\u0131n planlayarak ve kasten insan \u00f6ld\u00fcrmekten ceza almas\u0131 i\u00e7in istinafa gideceklerini s\u00f6ylediler.\u00a0\u00a0<\/span><\/div>\n<div><span style=\"font-size: 12px;\">\u00a0<\/span><\/div>\n<div><span style=\"font-size: 12px;\">\u00a0 Olay\u0131n ge\u00e7mi\u015fi\u00a0<\/span><\/div>\n<div><span style=\"font-size: 12px;\">\u00a0 Olay, 14 \u015eubat gece saatlerinde merkez Yeni\u015fehir il\u00e7esi \u0130stemihan Talay Bulvar\u0131 \u00fczeri Mente\u015f Mahallesi&#8217;nde meydana geldi. Edinilen bilgiye g\u00f6re Davut D. isimli bir \u015fah\u0131s, bir s\u00fcre \u00f6nce bo\u015fand\u0131\u011f\u0131 e\u015fi K\u00fcbra A\u015fk\u0131n&#8217;\u0131 (36) 33 ABF 028 plakal\u0131 arabas\u0131yla takibe ald\u0131. 33 EY 434 plakal\u0131 arac\u0131yla seyir halinde giden kad\u0131n\u0131n \u00f6n\u00fcn\u00fc keserek, s\u0131k\u0131\u015ft\u0131ran eski koca, kad\u0131n\u0131n kaza yapmas\u0131na neden oldu. Bunun \u00fczerine kendi kulland\u0131\u011f\u0131 arac\u0131 da yola yan \u00e7evirerek duran \u015fah\u0131s, arac\u0131ndan inerek kad\u0131n\u0131n arac\u0131na y\u00f6neldi. Eski e\u015fini d\u0131\u015far\u0131 \u00e7\u0131karan koca, 4-5 el ate\u015f ederek olay yerinden ka\u00e7t\u0131. Ard\u0131ndan a\u011f\u0131r yaral\u0131 kad\u0131n, Mersin \u00dcniversitesi T\u0131p Fak\u00fcltesi Hastanesine kald\u0131r\u0131ld\u0131. A\u015fk\u0131n, burada yap\u0131lan b\u00fct\u00fcn m\u00fcdahalelere ra\u011fmen kurtar\u0131lamad\u0131. Olay\u0131n ard\u0131ndan b\u00f6lgede geni\u015f \u00e7apl\u0131 \u00e7al\u0131\u015fma ba\u015flatan polis ekipleri, k\u0131sa s\u00fcrede zanl\u0131y\u0131 yakalad\u0131.\u00a0<\/span><\/div>\n","protected":false},"excerpt":{"rendered":"<p>\u00a0Mersin&#8217;de bo\u015fand\u0131\u011f\u0131 e\u015fi \u00f6\u011fretmen K\u00fcbra A\u015fk\u0131n&#8217;\u0131, seyir halindeki arac\u0131na \u00e7arparak durduran ve tabancayla \u00f6ld\u00fcrd\u00fc\u011f\u00fc iddias\u0131yla yarg\u0131lanan Davut D., &#8216;kasten insan \u00f6ld\u00fcrmekten&#8217; m\u00fcebbet hapis cezas\u0131na \u00e7arpt\u0131r\u0131ld\u0131. Mahkeme heyeti zanl\u0131ya hi\u00e7bir indirim &hellip; <a href=\"https:\/\/mersinekonomipolitikagazetesi.com\/?p=6283\" class=\"more-link\">Devam\u0131n\u0131 Oku&#8230;<\/a><\/p>\n","protected":false},"author":1,"featured_media":0,"comment_status":"open","ping_status":"open","sticky":false,"template":"","format":"standard","meta":[],"categories":[],"tags":[],"_links":{"self":[{"href":"https:\/\/mersinekonomipolitikagazetesi.com\/index.php?rest_route=\/wp\/v2\/posts\/6283"}],"collection":[{"href":"https:\/\/mersinekonomipolitikagazetesi.com\/index.php?rest_route=\/wp\/v2\/posts"}],"about":[{"href":"https:\/\/mersinekonomipolitikagazetesi.com\/index.php?rest_route=\/wp\/v2\/types\/post"}],"author":[{"embeddable":true,"href":"https:\/\/mersinekonomipolitikagazetesi.com\/index.php?rest_route=\/wp\/v2\/users\/1"}],"replies":[{"embeddable":true,"href":"https:\/\/mersinekonomipolitikagazetesi.com\/index.php?rest_route=%2Fwp%2Fv2%2Fcomments&post=6283"}],"version-history":[{"count":0,"href":"https:\/\/mersinekonomipolitikagazetesi.com\/index.php?rest_route=\/wp\/v2\/posts\/6283\/revisions"}],"wp:attachment":[{"href":"https:\/\/mersinekonomipolitikagazetesi.com\/index.php?rest_route=%2Fwp%2Fv2%2Fmedia&parent=6283"}],"wp:term":[{"taxonomy":"category","embeddable":true,"href":"https:\/\/mersinekonomipolitikagazetesi.com\/index.php?rest_route=%2Fwp%2Fv2%2Fcategories&post=6283"},{"taxonomy":"post_tag","embeddable":true,"href":"https:\/\/mersinekonomipolitikagazetesi.com\/index.php?rest_route=%2Fwp%2Fv2%2Ftags&post=6283"}],"curies":[{"name":"wp","href":"https:\/\/api.w.org\/{rel}","templated":true}]}}