{"id":6290,"date":"2020-11-04T18:26:45","date_gmt":"2020-11-04T15:26:45","guid":{"rendered":"http:\/\/mersinekonomipolitikagazetesi.com\/?p=6290"},"modified":"2020-11-04T18:26:45","modified_gmt":"2020-11-04T15:26:45","slug":"bozyazida-vefa-sosyal-destek-grubu-is-basinda","status":"publish","type":"post","link":"https:\/\/mersinekonomipolitikagazetesi.com\/?p=6290","title":{"rendered":"Bozyaz\u0131&#8217;da &#8216;Vefa Sosyal Destek Grubu&#8217; i\u015f ba\u015f\u0131nda"},"content":{"rendered":"<div><span style=\"font-size: 12px;\">Mersin\u2019in Bozyaz\u0131 il\u00e7esinde, yeni tip korona vir\u00fcs tedbirleri kapsam\u0131nda 65 ya\u015f ve \u00fcst\u00fc ile kronik rahats\u0131zl\u0131\u011f\u0131 olanlar\u0131n ihtiya\u00e7lar\u0131 &#8216;Vefa Sosyal Destek Grubu&#8217; ekiplerince kar\u015f\u0131lan\u0131yor.\u00a0 \u00a0<\/span><\/div>\n<div><span style=\"font-size: 12px;\">\u00a0 \u0130\u00e7i\u015fleri Bakanl\u0131\u011f\u0131 taraf\u0131ndan yay\u0131nlanan genelge sonras\u0131 Bozyaz\u0131 Kaymakam\u0131 Arif Yal\u00e7\u0131n ba\u015fkanl\u0131\u011f\u0131nda, Belediye Ba\u015fkan\u0131 Mustafa \u00c7etinkaya, \u0130l\u00e7e Jandarma Komutan\u0131 \u00d6zer Din\u00e7er, \u0130l\u00e7e Emniyet M\u00fcd\u00fcr\u00fc Mehmet G\u00fcng\u00f6r ve ilgili kurum amirlerinin kat\u0131l\u0131m\u0131 ile bir toplant\u0131 ger\u00e7ekle\u015ftirildi. Toplant\u0131da, kurulmas\u0131na karar verilen \u2018Vefa Sosyal Destek Grubu\u2019 faaliyete ge\u00e7ti. Kaymakam Arif Yal\u00e7\u0131n, yapt\u0131\u011f\u0131 a\u00e7\u0131klamada, b\u00fct\u00fcn haz\u0131rl\u0131klar\u0131 yapt\u0131klar\u0131n\u0131 ilgili kurum ve sivil toplum \u00f6rg\u00fctlerinden gerekli deste\u011fi alarak &#8216;Vefa Sosyal Destek Koordinasyon Merkezi&#8217;ni hayata ge\u00e7irdiklerini, genelge kapsam\u0131nda 65 ya\u015f ve \u00fcst\u00fc ile kronik rahats\u0131zl\u0131\u011f\u0131 olanlar\u0131n ihtiya\u00e7lar\u0131n\u0131n &#8216;Vefa Sosyal Destek Grubu&#8217; taraf\u0131ndan kar\u015f\u0131lanaca\u011f\u0131n\u0131 s\u00f6yledi.\u00a0<\/span><\/div>\n<div><span style=\"font-size: 12px;\">\u00a0 \u0130kametlerinden ayr\u0131lmalar\u0131na yasaklama getirilen ya\u015fl\u0131 ve kronik rahats\u0131zl\u0131\u011f\u0131 bulunan vatanda\u015flar\u0131n, &#8216;112, 155, 156&#8217; ihbar hatlar\u0131 \u00fczerinden ayr\u0131ca &#8216;0324 8512319&#8217; numaral\u0131 telefona 24 saat ihtiya\u00e7lar\u0131n\u0131 bildirebileceklerini, \u00e7a\u011fr\u0131lar\u0131n cevapland\u0131r\u0131lmas\u0131 ve taleplerin yerine getirilmesi noktas\u0131nda yeterli personelin hizmet verece\u011fini belirten Yal\u00e7\u0131n, &#8220;Elimizden geldi\u011fi kadar\u0131yla vatanda\u015flar\u0131m\u0131za devletimiz ve \u00fclkemiz ad\u0131na hizmet etmeye gayret edece\u011fiz. Hep birlikte bu sorunun \u00fcstesinden gelece\u011fimizden eminim. Zorunlu haller d\u0131\u015f\u0131nda evlerimizden \u00e7\u0131kmayal\u0131m. Sa\u011fl\u0131\u011f\u0131m\u0131z i\u00e7in evde kalal\u0131m\u201d dedi.\u00a0<\/span><\/div>\n<div><span style=\"font-size: 12px;\">\u00a0 Bu arada Beyreli Mahallesi&#8217;nde oturan ya\u015fl\u0131 tansiyon hastas\u0131 Ay\u015fe Girge\u00e7, &#8216;Vefa Sosyal Destek Koordinasyon Grubun&#8217;a telefon ile ula\u015farak ilac\u0131n\u0131n bitti\u011fini belirtmesi \u00fczerine ila\u00e7, g\u00f6revliler taraf\u0131ndan al\u0131narak evine g\u00f6t\u00fcr\u00fclerek teslim edildi.<\/span><\/div>\n","protected":false},"excerpt":{"rendered":"<p>Mersin\u2019in Bozyaz\u0131 il\u00e7esinde, yeni tip korona vir\u00fcs tedbirleri kapsam\u0131nda 65 ya\u015f ve \u00fcst\u00fc ile kronik rahats\u0131zl\u0131\u011f\u0131 olanlar\u0131n ihtiya\u00e7lar\u0131 &#8216;Vefa Sosyal Destek Grubu&#8217; ekiplerince kar\u015f\u0131lan\u0131yor.\u00a0 \u00a0 \u00a0 \u0130\u00e7i\u015fleri Bakanl\u0131\u011f\u0131 taraf\u0131ndan yay\u0131nlanan &hellip; <a href=\"https:\/\/mersinekonomipolitikagazetesi.com\/?p=6290\" class=\"more-link\">Devam\u0131n\u0131 Oku&#8230;<\/a><\/p>\n","protected":false},"author":1,"featured_media":0,"comment_status":"open","ping_status":"open","sticky":false,"template":"","format":"standard","meta":[],"categories":[],"tags":[],"_links":{"self":[{"href":"https:\/\/mersinekonomipolitikagazetesi.com\/index.php?rest_route=\/wp\/v2\/posts\/6290"}],"collection":[{"href":"https:\/\/mersinekonomipolitikagazetesi.com\/index.php?rest_route=\/wp\/v2\/posts"}],"about":[{"href":"https:\/\/mersinekonomipolitikagazetesi.com\/index.php?rest_route=\/wp\/v2\/types\/post"}],"author":[{"embeddable":true,"href":"https:\/\/mersinekonomipolitikagazetesi.com\/index.php?rest_route=\/wp\/v2\/users\/1"}],"replies":[{"embeddable":true,"href":"https:\/\/mersinekonomipolitikagazetesi.com\/index.php?rest_route=%2Fwp%2Fv2%2Fcomments&post=6290"}],"version-history":[{"count":0,"href":"https:\/\/mersinekonomipolitikagazetesi.com\/index.php?rest_route=\/wp\/v2\/posts\/6290\/revisions"}],"wp:attachment":[{"href":"https:\/\/mersinekonomipolitikagazetesi.com\/index.php?rest_route=%2Fwp%2Fv2%2Fmedia&parent=6290"}],"wp:term":[{"taxonomy":"category","embeddable":true,"href":"https:\/\/mersinekonomipolitikagazetesi.com\/index.php?rest_route=%2Fwp%2Fv2%2Fcategories&post=6290"},{"taxonomy":"post_tag","embeddable":true,"href":"https:\/\/mersinekonomipolitikagazetesi.com\/index.php?rest_route=%2Fwp%2Fv2%2Ftags&post=6290"}],"curies":[{"name":"wp","href":"https:\/\/api.w.org\/{rel}","templated":true}]}}