{"id":6291,"date":"2020-11-04T18:26:45","date_gmt":"2020-11-04T15:26:45","guid":{"rendered":"http:\/\/mersinekonomipolitikagazetesi.com\/?p=6291"},"modified":"2020-11-04T18:26:45","modified_gmt":"2020-11-04T15:26:45","slug":"il-pandemi-koordinasyon-kurulu-toplantisinda-tedbirler-masaya-yatirildi","status":"publish","type":"post","link":"https:\/\/mersinekonomipolitikagazetesi.com\/?p=6291","title":{"rendered":"\u0130l Pandemi Koordinasyon Kurulu Toplant\u0131s\u0131nda tedbirler masaya yat\u0131r\u0131ld\u0131"},"content":{"rendered":"<div><span style=\"font-size: 12px;\">Mersin \u0130l Pandemi Koordinasyon Kurulu Toplant\u0131s\u0131nda, Mersin\u2019de korona vir\u00fcse kar\u015f\u0131 y\u00fcr\u00fct\u00fclen \u00e7al\u0131\u015fmalar ve \u00f6nlemler masaya yat\u0131r\u0131ld\u0131. Mersin Valisi Ali \u0130hsan Su, il genelinde her t\u00fcrl\u00fc tedbiri almaya devam ettiklerini s\u00f6yledi.\u00a0<\/span><\/div>\n<div><span style=\"font-size: 12px;\">\u00a0 T\u00fcm d\u00fcnyay\u0131 etkisi alt\u0131na alan korona vir\u00fcs (Covid-19) salg\u0131n\u0131na kar\u015f\u0131 Mersin genelinde y\u00fcr\u00fct\u00fclen \u00e7al\u0131\u015fmalar ve ilave al\u0131nacak tedbirlerin g\u00f6r\u00fc\u015f\u00fcld\u00fc\u011f\u00fc \u0130l Pandemi Koordinasyon Kurulu Toplant\u0131s\u0131, Vali Ali \u0130hsan Su ba\u015fkanl\u0131\u011f\u0131nda ger\u00e7ekle\u015ftirildi. Valilik toplant\u0131 salonunda d\u00fczenlenen toplant\u0131ya, Akdeniz B\u00f6lge ve Garnizon Komutan\u0131 Tu\u011famiral Ercan Kire\u00e7tepe, B\u00fcy\u00fck\u015fehir Belediye Ba\u015fkan\u0131 Vahap Se\u00e7er, Vali Yard\u0131mc\u0131s\u0131 \u0130brahim K\u00fc\u00e7\u00fck, il m\u00fcd\u00fcrleri ile ilgili kamu kurum ve kurulu\u015flar\u0131n\u0131n temsilcileri kat\u0131ld\u0131.\u00a0<\/span><\/div>\n<div><span style=\"font-size: 12px;\">\u00a0 Toplant\u0131, T\u00fcrkiye ve b\u00fct\u00fcn d\u00fcnya i\u00e7in risk olu\u015fturabilecek pandemik influenzaya haz\u0131rl\u0131kl\u0131 olabilmek i\u00e7in Sa\u011fl\u0131k Bakanl\u0131\u011f\u0131 Halk Sa\u011fl\u0131\u011f\u0131 Genel M\u00fcd\u00fcrl\u00fc\u011f\u00fc Bula\u015f\u0131c\u0131 Hastal\u0131klar Daire Ba\u015fkanl\u0131\u011f\u0131 taraf\u0131ndan haz\u0131rlanan ve 13 Nisan 2019 tarihli Cumhurba\u015fkanl\u0131\u011f\u0131 Genelgesi ile y\u00fcr\u00fcrl\u00fc\u011fe giren Pandemik \u0130nfluenza Ulusal Haz\u0131rl\u0131k Plan\u0131 kapsam\u0131nda ger\u00e7ekle\u015ftirildi.\u00a0\u00a0<\/span><\/div>\n<div><span style=\"font-size: 12px;\">\u00a0 Vali Su, toplant\u0131da yapt\u0131\u011f\u0131 konu\u015fmada, korona vir\u00fcs\u00fcn etkisinin d\u00fcnyan\u0131n bir\u00e7ok \u00fclkesine yay\u0131lm\u0131\u015f durumda oldu\u011funu belirterek, Mersin genelinde al\u0131nan tedbirler hakk\u0131nda de\u011ferlendirmelerde bulundu. Ba\u015fta Sa\u011fl\u0131k Bakanl\u0131\u011f\u0131 olmak \u00fczere ilgili t\u00fcm bakanl\u0131klar taraf\u0131ndan salg\u0131n\u0131n ortaya \u00e7\u0131kt\u0131\u011f\u0131 ilk g\u00fcnden itibaren konunun \u00fczerinde hassasiyetle duruldu\u011funu ifade eden Su, Mersin\u2019de de her t\u00fcrl\u00fc tedbirin al\u0131nmaya devam edildi\u011fini dile getirdi.\u00a0<\/span><\/div>\n<div><span style=\"font-size: 12px;\">\u00a0 \u0130l Sa\u011fl\u0131k M\u00fcd\u00fcr\u00fc Dr. Sinan Bah\u00e7ac\u0131\u2019n\u0131n, korona vir\u00fcs\u00fcn belirtileri, bula\u015fma ve korunma y\u00f6ntemleriyle ilgili bir sunum yapt\u0131\u011f\u0131 toplant\u0131, g\u00f6r\u00fc\u015f ve \u00f6nerilerin al\u0131nmas\u0131, g\u00fcndem maddelerinin g\u00f6r\u00fc\u015f\u00fclmesi ve al\u0131nan kararlar\u0131n ard\u0131ndan sona erdi.\u00a0\u00a0<\/span><\/div>\n","protected":false},"excerpt":{"rendered":"<p>Mersin \u0130l Pandemi Koordinasyon Kurulu Toplant\u0131s\u0131nda, Mersin\u2019de korona vir\u00fcse kar\u015f\u0131 y\u00fcr\u00fct\u00fclen \u00e7al\u0131\u015fmalar ve \u00f6nlemler masaya yat\u0131r\u0131ld\u0131. Mersin Valisi Ali \u0130hsan Su, il genelinde her t\u00fcrl\u00fc tedbiri almaya devam ettiklerini s\u00f6yledi.\u00a0 &hellip; <a href=\"https:\/\/mersinekonomipolitikagazetesi.com\/?p=6291\" class=\"more-link\">Devam\u0131n\u0131 Oku&#8230;<\/a><\/p>\n","protected":false},"author":1,"featured_media":0,"comment_status":"open","ping_status":"open","sticky":false,"template":"","format":"standard","meta":[],"categories":[],"tags":[],"_links":{"self":[{"href":"https:\/\/mersinekonomipolitikagazetesi.com\/index.php?rest_route=\/wp\/v2\/posts\/6291"}],"collection":[{"href":"https:\/\/mersinekonomipolitikagazetesi.com\/index.php?rest_route=\/wp\/v2\/posts"}],"about":[{"href":"https:\/\/mersinekonomipolitikagazetesi.com\/index.php?rest_route=\/wp\/v2\/types\/post"}],"author":[{"embeddable":true,"href":"https:\/\/mersinekonomipolitikagazetesi.com\/index.php?rest_route=\/wp\/v2\/users\/1"}],"replies":[{"embeddable":true,"href":"https:\/\/mersinekonomipolitikagazetesi.com\/index.php?rest_route=%2Fwp%2Fv2%2Fcomments&post=6291"}],"version-history":[{"count":0,"href":"https:\/\/mersinekonomipolitikagazetesi.com\/index.php?rest_route=\/wp\/v2\/posts\/6291\/revisions"}],"wp:attachment":[{"href":"https:\/\/mersinekonomipolitikagazetesi.com\/index.php?rest_route=%2Fwp%2Fv2%2Fmedia&parent=6291"}],"wp:term":[{"taxonomy":"category","embeddable":true,"href":"https:\/\/mersinekonomipolitikagazetesi.com\/index.php?rest_route=%2Fwp%2Fv2%2Fcategories&post=6291"},{"taxonomy":"post_tag","embeddable":true,"href":"https:\/\/mersinekonomipolitikagazetesi.com\/index.php?rest_route=%2Fwp%2Fv2%2Ftags&post=6291"}],"curies":[{"name":"wp","href":"https:\/\/api.w.org\/{rel}","templated":true}]}}