{"id":6293,"date":"2020-11-04T18:26:45","date_gmt":"2020-11-04T15:26:45","guid":{"rendered":"http:\/\/mersinekonomipolitikagazetesi.com\/?p=6293"},"modified":"2020-11-04T18:26:45","modified_gmt":"2020-11-04T15:26:45","slug":"esnaftan-vatandaslara-ucretsiz-dezenfektan","status":"publish","type":"post","link":"https:\/\/mersinekonomipolitikagazetesi.com\/?p=6293","title":{"rendered":"Esnaftan vatanda\u015flara \u00fccretsiz dezenfektan"},"content":{"rendered":"<div><span style=\"font-size: 12px;\">Mersin&#8217;in Erdemli il\u00e7esinde bir tar\u0131m bayii taraf\u0131ndan sokakta vatanda\u015flara \u00fccretsiz dezenfektan da\u011f\u0131t\u0131ld\u0131. \u00dccretsiz da\u011f\u0131t\u0131m yap\u0131ld\u0131\u011f\u0131n\u0131 duyan vatanda\u015flar, dezenfektan alabilmek i\u00e7in sosyal mesafeyi koruyup s\u0131raya girdi.\u00a0 \u00a0<\/span><\/div>\n<div><span style=\"font-size: 12px;\">\u00a0 \u0130l\u00e7e merkezinde bir tar\u0131m bayii taraf\u0131ndan korona vir\u00fcs \u00f6nlemlerine destek olmak amac\u0131yla vatanda\u015flara \u00fccretsiz dezenfektan da\u011f\u0131t\u0131m\u0131 yap\u0131ld\u0131. Vatanda\u015flar, yanlar\u0131nda getirdikleri \u015fi\u015felere dezenfektan doldurup evlerinin yolunu tuttu.\u00a0<\/span><\/div>\n<div><span style=\"font-size: 12px;\">\u00a0 \u00dccretsiz dezenfektan almak i\u00e7in gelen vatanda\u015flardan Mustafa \u00c7ift\u00e7i, &#8220;Vatana millete hay\u0131rl\u0131 u\u011furlu olsun, b\u00f6yle evlad\u0131 yeti\u015ftirenlerden de Allah raz\u0131 olsun. Bu insan, insanl\u0131k ad\u0131na bir \u015feyler yap\u0131yor. Bizde steril olal\u0131m, temiz olal\u0131m, evde kalal\u0131m. Allah bizleri bu musibetten kurtar\u0131r in\u015fallah&#8221; dedi.\u00a0<\/span><\/div>\n<div><span style=\"font-size: 12px;\">\u00a0 Mehmet Usluda, &#8220;Bu herkesin yapmas\u0131 gereken bir davran\u0131\u015f. Dezenfektan\u0131 50 liradan al\u0131yorduk, \u015fimdilerde 100 liradan sat\u0131l\u0131yor. Maskeler olsun, dezenfektan olsun fiyat\u0131n\u0131 iki kat\u0131 yapt\u0131lar. Esnaf\u0131m\u0131za bu \u00fccretsiz hizmetinden dolay\u0131 te\u015fekk\u00fcr ediyoruz&#8221; diye konu\u015ftu.\u00a0<\/span><\/div>\n<div><span style=\"font-size: 12px;\">\u00a0<\/span><\/div>\n<div><span style=\"font-size: 12px;\">\u00a0 &#8220;S\u0131k\u0131nt\u0131y\u0131 g\u00f6rd\u00fck, bedava da\u011f\u0131tal\u0131m dedik&#8221;\u00a0<\/span><\/div>\n<div><span style=\"font-size: 12px;\">\u00a0 Tar\u0131m bayii i\u015fleten esnaf Bilal G\u00fcr, &#8220;Bu zor d\u00f6nemde korona vir\u00fcs\u00fc ile ilgili b\u00fct\u00fcn d\u00fcnyan\u0131n s\u0131k\u0131nt\u0131s\u0131 var. Bizde kendi \u00e7ap\u0131m\u0131zda bir \u015feyler yapmak i\u00e7in d\u00fc\u015f\u00fcnd\u00fck. Dezenfektan bulma konusunda karaborsac\u0131lar\u0131n y\u00fcz\u00fcnden vatanda\u015flar\u0131n s\u0131k\u0131nt\u0131 ya\u015fad\u0131\u011f\u0131n\u0131 g\u00f6rd\u00fck. Biz dezenfektan\u0131 insanlara bedava da\u011f\u0131tal\u0131m dedik. \u00c7\u00fcnk\u00fc sa\u011fl\u0131\u011f\u0131n \u015fakas\u0131 yok&#8221; dedi.\u00a0<\/span><\/div>\n<div><span style=\"font-size: 12px;\">\u00a0 &#8220;Rabbim bu korona vir\u00fcsten \u00fclkemizi, insanl\u0131\u011f\u0131, d\u00fcnyay\u0131 biran evvel kurtars\u0131n&#8221; diyen G\u00fcr, insanlar\u0131n evde kalmas\u0131 gerekti\u011fini hat\u0131rlatarak, yakla\u015f\u0131k bin litre dezenfektan da\u011f\u0131tacaklar\u0131n\u0131 kaydetti.\u00a0<\/span><\/div>\n","protected":false},"excerpt":{"rendered":"<p>Mersin&#8217;in Erdemli il\u00e7esinde bir tar\u0131m bayii taraf\u0131ndan sokakta vatanda\u015flara \u00fccretsiz dezenfektan da\u011f\u0131t\u0131ld\u0131. \u00dccretsiz da\u011f\u0131t\u0131m yap\u0131ld\u0131\u011f\u0131n\u0131 duyan vatanda\u015flar, dezenfektan alabilmek i\u00e7in sosyal mesafeyi koruyup s\u0131raya girdi.\u00a0 \u00a0 \u00a0 \u0130l\u00e7e merkezinde bir &hellip; <a href=\"https:\/\/mersinekonomipolitikagazetesi.com\/?p=6293\" class=\"more-link\">Devam\u0131n\u0131 Oku&#8230;<\/a><\/p>\n","protected":false},"author":1,"featured_media":0,"comment_status":"open","ping_status":"open","sticky":false,"template":"","format":"standard","meta":[],"categories":[],"tags":[],"_links":{"self":[{"href":"https:\/\/mersinekonomipolitikagazetesi.com\/index.php?rest_route=\/wp\/v2\/posts\/6293"}],"collection":[{"href":"https:\/\/mersinekonomipolitikagazetesi.com\/index.php?rest_route=\/wp\/v2\/posts"}],"about":[{"href":"https:\/\/mersinekonomipolitikagazetesi.com\/index.php?rest_route=\/wp\/v2\/types\/post"}],"author":[{"embeddable":true,"href":"https:\/\/mersinekonomipolitikagazetesi.com\/index.php?rest_route=\/wp\/v2\/users\/1"}],"replies":[{"embeddable":true,"href":"https:\/\/mersinekonomipolitikagazetesi.com\/index.php?rest_route=%2Fwp%2Fv2%2Fcomments&post=6293"}],"version-history":[{"count":0,"href":"https:\/\/mersinekonomipolitikagazetesi.com\/index.php?rest_route=\/wp\/v2\/posts\/6293\/revisions"}],"wp:attachment":[{"href":"https:\/\/mersinekonomipolitikagazetesi.com\/index.php?rest_route=%2Fwp%2Fv2%2Fmedia&parent=6293"}],"wp:term":[{"taxonomy":"category","embeddable":true,"href":"https:\/\/mersinekonomipolitikagazetesi.com\/index.php?rest_route=%2Fwp%2Fv2%2Fcategories&post=6293"},{"taxonomy":"post_tag","embeddable":true,"href":"https:\/\/mersinekonomipolitikagazetesi.com\/index.php?rest_route=%2Fwp%2Fv2%2Ftags&post=6293"}],"curies":[{"name":"wp","href":"https:\/\/api.w.org\/{rel}","templated":true}]}}