{"id":6294,"date":"2020-11-04T18:26:45","date_gmt":"2020-11-04T15:26:45","guid":{"rendered":"http:\/\/mersinekonomipolitikagazetesi.com\/?p=6294"},"modified":"2020-11-04T18:26:45","modified_gmt":"2020-11-04T15:26:45","slug":"yesilbogaz-kubra-askin-davasinin-karar-durusmasina-katildi","status":"publish","type":"post","link":"https:\/\/mersinekonomipolitikagazetesi.com\/?p=6294","title":{"rendered":"Ye\u015filbo\u011faz, K\u00fcbra A\u015fk\u0131n davas\u0131n\u0131n karar duru\u015fmas\u0131na kat\u0131ld\u0131"},"content":{"rendered":"<div><span style=\"font-size: 12px;\">Mersin Barosu Ba\u015fkan\u0131 Bilgin Ye\u015filbo\u011faz, bo\u015fand\u0131\u011f\u0131 eski kocas\u0131 taraf\u0131ndan \u00f6ld\u00fcr\u00fclen \u00f6\u011fretmen K\u00fcbra A\u015fk\u0131n&#8217;\u0131n katil zanl\u0131s\u0131na m\u00fcebbet hapis cezas\u0131 verildi\u011fini hat\u0131rlatarak, &#8220;Bu ceza K\u00fcbra \u00d6\u011fretmeni hi\u00e7bir \u015fekilde geri getirmeyecek. Ancak ya\u015fam\u0131 kutsayacak s\u00f6ylemler geli\u015ftirebiliriz\u201d dedi.\u00a0 \u00a0<\/span><\/div>\n<div><span style=\"font-size: 12px;\">\u00a0 Mersin&#8217;de bo\u015fand\u0131\u011f\u0131 eski kocas\u0131 taraf\u0131ndan 14 \u015eubat 2019 tarihinde silahla vurularak \u00f6ld\u00fcr\u00fclen \u00f6\u011fretmen K\u00fcbra A\u015fk\u0131n&#8217;\u0131n (37) katil zanl\u0131s\u0131 Davut D.&#8217;nin yarg\u0131land\u0131\u011f\u0131 davan\u0131n karar duru\u015fmas\u0131, Mersin 4. A\u011f\u0131r Ceza Mahkemesi&#8217;nde g\u00f6r\u00fcld\u00fc. Duru\u015fmada katil zanl\u0131s\u0131 Davut D. kasten \u00f6ld\u00fcrme su\u00e7undan m\u00fcebbet hapis cezas\u0131na \u00e7arpt\u0131r\u0131ld\u0131.\u00a0<\/span><\/div>\n<div><span style=\"font-size: 12px;\">\u00a0 &#8220;Ya\u015fam\u0131 kutsayacak s\u00f6ylemler geli\u015ftirmeliyiz&#8221;\u00a0<\/span><\/div>\n<div><span style=\"font-size: 12px;\">\u00a0 Mersin Barosu Kad\u0131n Haklar\u0131 Merkezinin de ba\u015f\u0131ndan takip etti\u011fi K\u00fcbra A\u015fk\u0131n davas\u0131n\u0131n karar duru\u015fmas\u0131na, Baro Ba\u015fkan\u0131 Bilgin Ye\u015filbo\u011faz, ma\u011fdurun avukat\u0131 Sevim K\u00fc\u00e7\u00fck, Aile ve Sosyal Politikalar Bakanl\u0131\u011f\u0131 avukatlar\u0131 kat\u0131ld\u0131. Karar\u0131 de\u011ferlendiren Ye\u015filbo\u011faz, &#8220;Mersin Adliyesi&#8217;nde sessiz sedas\u0131z bir dava g\u00f6r\u00fcld\u00fc. G\u00f6r\u00fclen dava, kad\u0131n cinayetlerinden biri olan ve kad\u0131na \u015fiddetin sembollerinden olan K\u00fcbra \u00d6\u011fretmenin eski e\u015fi taraf\u0131ndan katledildi\u011fi davan\u0131n duru\u015fmas\u0131 idi. K\u00fcbra \u00d6\u011fretmeni katleden eski e\u015f m\u00fcebbet hapis cezas\u0131 ald\u0131. Ancak bu ceza, K\u00fcbra \u00d6\u011fretmeni hi\u00e7bir \u015fekilde geri getirmeyecek. K\u00fcbra \u00f6\u011fretmenin ailesine s\u00f6z verdi\u011fimiz gibi davas\u0131n\u0131 takip ettik ve dava sonu\u00e7land\u0131. D\u00fcnyan\u0131n ve \u00fclkemizin i\u00e7inde ya\u015fad\u0131\u011f\u0131 \u015fu zorlu s\u00fcre\u00e7te, umar\u0131m art\u0131k toplumsal birlikteli\u011fe ve dayan\u0131\u015fmaya ger\u00e7ekten \u00f6nem verir ve bir arada ya\u015fama form\u00fcl\u00fcn\u00fc geli\u015ftirebiliriz. Ya\u015fam\u0131 kutsayacak s\u00f6ylemler geli\u015ftirebiliriz. Kad\u0131na ve \u00e7ocu\u011fa \u015fiddet bu d\u00f6nemde umar\u0131m sona erer\u201d diye konu\u015ftu.\u00a0<\/span><\/div>\n","protected":false},"excerpt":{"rendered":"<p>Mersin Barosu Ba\u015fkan\u0131 Bilgin Ye\u015filbo\u011faz, bo\u015fand\u0131\u011f\u0131 eski kocas\u0131 taraf\u0131ndan \u00f6ld\u00fcr\u00fclen \u00f6\u011fretmen K\u00fcbra A\u015fk\u0131n&#8217;\u0131n katil zanl\u0131s\u0131na m\u00fcebbet hapis cezas\u0131 verildi\u011fini hat\u0131rlatarak, &#8220;Bu ceza K\u00fcbra \u00d6\u011fretmeni hi\u00e7bir \u015fekilde geri getirmeyecek. Ancak ya\u015fam\u0131 &hellip; <a href=\"https:\/\/mersinekonomipolitikagazetesi.com\/?p=6294\" class=\"more-link\">Devam\u0131n\u0131 Oku&#8230;<\/a><\/p>\n","protected":false},"author":1,"featured_media":0,"comment_status":"open","ping_status":"open","sticky":false,"template":"","format":"standard","meta":[],"categories":[],"tags":[],"_links":{"self":[{"href":"https:\/\/mersinekonomipolitikagazetesi.com\/index.php?rest_route=\/wp\/v2\/posts\/6294"}],"collection":[{"href":"https:\/\/mersinekonomipolitikagazetesi.com\/index.php?rest_route=\/wp\/v2\/posts"}],"about":[{"href":"https:\/\/mersinekonomipolitikagazetesi.com\/index.php?rest_route=\/wp\/v2\/types\/post"}],"author":[{"embeddable":true,"href":"https:\/\/mersinekonomipolitikagazetesi.com\/index.php?rest_route=\/wp\/v2\/users\/1"}],"replies":[{"embeddable":true,"href":"https:\/\/mersinekonomipolitikagazetesi.com\/index.php?rest_route=%2Fwp%2Fv2%2Fcomments&post=6294"}],"version-history":[{"count":0,"href":"https:\/\/mersinekonomipolitikagazetesi.com\/index.php?rest_route=\/wp\/v2\/posts\/6294\/revisions"}],"wp:attachment":[{"href":"https:\/\/mersinekonomipolitikagazetesi.com\/index.php?rest_route=%2Fwp%2Fv2%2Fmedia&parent=6294"}],"wp:term":[{"taxonomy":"category","embeddable":true,"href":"https:\/\/mersinekonomipolitikagazetesi.com\/index.php?rest_route=%2Fwp%2Fv2%2Fcategories&post=6294"},{"taxonomy":"post_tag","embeddable":true,"href":"https:\/\/mersinekonomipolitikagazetesi.com\/index.php?rest_route=%2Fwp%2Fv2%2Ftags&post=6294"}],"curies":[{"name":"wp","href":"https:\/\/api.w.org\/{rel}","templated":true}]}}