{"id":6298,"date":"2020-11-04T18:26:45","date_gmt":"2020-11-04T15:26:45","guid":{"rendered":"http:\/\/mersinekonomipolitikagazetesi.com\/?p=6298"},"modified":"2020-11-04T18:26:45","modified_gmt":"2020-11-04T15:26:45","slug":"baskan-secer-dezenfektan-ve-maske-uretecegiz-sabun-dagitacagiz","status":"publish","type":"post","link":"https:\/\/mersinekonomipolitikagazetesi.com\/?p=6298","title":{"rendered":"Ba\u015fkan Se\u00e7er: \u201cDezenfektan ve maske \u00fcretece\u011fiz, sabun da\u011f\u0131taca\u011f\u0131z\u201d"},"content":{"rendered":"<p><span style=\"line-height: 1.6em;\">Mersin B\u00fcy\u00fck\u015fehir Belediye Ba\u015fkan\u0131 Vahap Se\u00e7er, korona vir\u00fcsle m\u00fccadele kapsam\u0131nda, dezenfektan \u00fcretimi i\u00e7in \u00e7al\u0131\u015fma yapt\u0131klar\u0131n\u0131, maske \u00fcretimi i\u00e7in \u0130stanbul\u2019dan kuma\u015f getirttiklerini s\u00f6yledi. Ayr\u0131ca kal\u0131p sabun haz\u0131rlatt\u0131klar\u0131n\u0131 ve tek kullan\u0131ml\u0131k sabun da\u011f\u0131tt\u0131klar\u0131n\u0131 belirten Se\u00e7er, \u201cSu faturalar\u0131yla ilgili vatanda\u015f\u0131n lehine uygulamalar\u0131 hayata ge\u00e7irece\u011fiz. Kiralar\u0131n ge\u00e7 \u00f6denmesiyle ilgili bir hukuki zemin de ar\u0131yoruz\u201d dedi.\u00a0<\/span><\/p>\n<p>Mersin B\u00fcy\u00fck\u015fehir Belediye Ba\u015fkan\u0131 Vahap Se\u00e7er, Kanal 33 televizyonunda yerel radyolar\u0131n da ortak yay\u0131nlad\u0131\u011f\u0131 programa kat\u0131ld\u0131. Programda, korona vir\u00fcs salg\u0131n\u0131na kar\u015f\u0131 ald\u0131klar\u0131 \u00f6nlemleri anlatan Se\u00e7er, yapt\u0131klar\u0131 \u00e7al\u0131\u015fmalarla ilgili de bilgi verdi.\u00a0<\/p>\n<p>\u201cSu faturalar\u0131 konusunda vatanda\u015f\u0131n lehine uygulamalar\u0131 hayata ge\u00e7irece\u011fiz\u201d\u00a0<br \/>\nSalg\u0131n riskinin, suyu hi\u00e7 olmad\u0131\u011f\u0131 kadar \u00f6nemli hale getirdi\u011fini ifade eden Ba\u015fkan Se\u00e7er, insanlar\u0131n evde kalmak zorunda oldu\u011funu, bu nedenle meskenlerde su t\u00fcketiminin artt\u0131\u011f\u0131n\u0131 belirtti. Salg\u0131n\u0131n T\u00fcrkiye\u2019ye de ula\u015fmas\u0131n\u0131n ard\u0131ndan, su borcu nedeniyle hi\u00e7bir abonenin suyunun kesilmeyece\u011fi, suyu kesik olanlara ise su verilece\u011fi y\u00f6n\u00fcnde karar ald\u0131klar\u0131n\u0131 hat\u0131rlatan Ba\u015fkan Se\u00e7er, \u201c4 bin vatanda\u015f\u0131m\u0131z\u0131n suyu borcu nedeniyle kesikmi\u015f. \u015eu ana kadar bin 580 vatanda\u015f\u0131m\u0131z\u0131n borcunu \u00f6demedi\u011fi halde suyu a\u00e7\u0131ld\u0131. Di\u011fer taraftan yeni faturalar gelecek. Yeni faturalarla ilgili vatanda\u015flar\u0131n taleplerinin oldu\u011funu biliyorum. Yurtta\u015flar\u0131m\u0131z m\u00fcsterih olsun. Kendilerinin lehine inisiyatif kullanmam gerekti\u011fi noktada bundan ka\u00e7\u0131nmam. \u00d6n\u00fcm\u00fczdeki g\u00fcnlerde de faturalar\u0131n \u00f6denmesine ve su bedellerinin belirlenmesine y\u00f6nelik, kendilerinin lehine olan uygulamalar\u0131 hayata ge\u00e7irece\u011fiz. Bundan yana ku\u015fkular\u0131 olmas\u0131n. Farkl\u0131 partilerden meclis \u00fcyeleriyle mini bir toplant\u0131 yapt\u0131k. Bu konular da g\u00fcndeme geldi. Yurtta\u015flar\u0131m\u0131z\u0131n lehine olacak konularda i\u015fbirli\u011fi yapmam\u0131z ka\u00e7\u0131n\u0131lmaz\u201d diye konu\u015ftu.\u00a0<\/p>\n<p>\u201cKiralar\u0131n ge\u00e7 \u00f6denmesiyle ilgili bir hukuki zemin ar\u0131yoruz\u201d\u00a0<br \/>\nKorona vir\u00fcs salg\u0131n\u0131 nedeniyle t\u00fcm i\u015f kollar\u0131ndaki esnaf\u0131n da i\u015flerinin bozuldu\u011funu ifade eden Se\u00e7er, Mersin B\u00fcy\u00fck\u015fehir Belediyesinden d\u00fckkan kiralayan bin 186 esnaf\u0131 ilgilendiren a\u00e7\u0131klamalarda da bulundu. Se\u00e7er, \u201cGenelge kapsam\u0131nda baz\u0131 i\u015f yerleri kapat\u0131ld\u0131. 22 esnaf\u0131m\u0131z, bizden d\u00fckkan kiralam\u0131\u015f, genelge gere\u011fi kapat\u0131ld\u0131. Biz kapal\u0131 kald\u0131klar\u0131 s\u00fcrenin kira bedelini tahakkuk etmeyece\u011fiz. S\u00fcrelerine ekleyece\u011fiz, bunu telafi edece\u011fiz. Ama bu genelge kapsam\u0131 d\u0131\u015f\u0131nda olan esnaf\u0131m\u0131z var. Farkl\u0131 i\u015fkollar\u0131yla u\u011fra\u015f\u0131yorlar. Belediyeden d\u00fckkan kiralam\u0131\u015f bin 186 esnaf\u0131m\u0131z var. Bu esnaf\u0131m\u0131z i\u00e7in de baz\u0131 \u00e7al\u0131\u015fmalar yapt\u0131k. Baz\u0131 kararlar\u0131 al\u0131rken yasal bir dayana\u011f\u0131m\u0131z\u0131n olmas\u0131 laz\u0131m. \u0130nisiyatifimizi vatanda\u015ftan yana kullanaca\u011f\u0131z. Di\u011fer parti gruplar\u0131yla da g\u00f6r\u00fc\u015ft\u00fcm. S\u00fcre\u00e7 devam ediyor. Esnaf arkada\u015flar\u0131m da strese girmesinler. Zaten moralleri, motivasyonlar\u0131 bozuk. Bir \u00e7are bulaca\u011f\u0131z. Kiralar\u0131n ge\u00e7 \u00f6denmesiyle ilgili bir hukuki zemin ar\u0131yoruz. Belki bir genelge \u00e7\u0131kacak, ilgili bakanl\u0131k onlar\u0131 da kapsayacak yeni bir d\u00fczenleme yapacak. Gerekirse bir meclis karar\u0131yla baz\u0131 d\u00fczenlemelere gidece\u011fiz \u00f6n\u00fcm\u00fczdeki g\u00fcnlerde\u201d ifadelerini kulland\u0131.\u00a0<\/p>\n<p>\u201cDezenfektan \u00fcretece\u011fiz, sabun da\u011f\u0131taca\u011f\u0131z\u201d\u00a0<br \/>\nUzmanlarla yapt\u0131klar\u0131 g\u00f6r\u00fc\u015fmelerde salg\u0131na kar\u015f\u0131 dezenfektandan ziyade sabunun daha \u00f6nemli oldu\u011fu y\u00f6n\u00fcnde bilgiler ald\u0131klar\u0131n\u0131 kaydeden Ba\u015fkan Se\u00e7er, \u201cDezenfektandan ziyade sabunu \u00f6nemsiyorum. Belediye otob\u00fcslerinde tek kullan\u0131ml\u0131k sabunlar da\u011f\u0131tmaya ba\u015flad\u0131k. Elimizde 40 bin kullan\u0131ml\u0131k vard\u0131, hemen devreye soktuk onu. Belediye otob\u00fcslerine da\u011f\u0131tt\u0131k. Binen yolcular\u0131m\u0131z bir paket al\u0131yor. Dezenfektan imalat\u0131 i\u00e7in \u00e7al\u0131\u015fmalar yap\u0131yoruz. Etil alkol temininde s\u0131k\u0131nt\u0131lar var. MESK\u0130\u2019nin laboratuvar\u0131nda dezenfektan \u00fcretece\u011fiz. Bunlar\u0131 kurumlara, halka da\u011f\u0131taca\u011f\u0131z. Di\u011fer taraftan kal\u0131p sabun haz\u0131rlat\u0131yoruz. Birka\u00e7 g\u00fcn i\u00e7inde elimizde olacak. Bunlar\u0131 da yoksul vatanda\u015flar\u0131m\u0131z\u0131n ya\u015fad\u0131\u011f\u0131 mahallelerde ev ev da\u011f\u0131taca\u011f\u0131z. Mahalle Mutfaklar\u0131ndan yemek alan vatanda\u015flar\u0131m\u0131za arkada\u015flar\u0131m\u0131z birer tane de sabun verecek. Bunu \u00f6nemsiyoruz\u201d \u015feklinde konu\u015ftu.\u00a0<\/p>\n<p>\u201cUygun kuma\u015ftan, uygun standartlarda maske \u00fcretece\u011fiz\u201d\u00a0<br \/>\nKriz Masas\u0131na gelen taleplerin en \u00e7ok dezenfektan, sabun ve maske ile ilgili oldu\u011funu vurgulayan Se\u00e7er, maske \u00fcretebilecek noktaya geldiklerini belirterek, \u015funlar\u0131 s\u00f6yledi:\u00a0<br \/>\n\u201cHer bez par\u00e7as\u0131 maske de\u011fildir. O kuma\u015f\u0131n kalitesi, deliklerin mikron aral\u0131\u011f\u0131, bunlar belli kurallara ba\u011flanm\u0131\u015f. Maske \u00fcretilen kuma\u015f\u0131 temin etmekte \u00e7ok zorland\u0131k. \u0130stanbul\u2019dan temin ettik. S\u00fcratle buraya getirilecek. Yapaca\u011f\u0131m\u0131z maskeler tekni\u011fine uygun olmal\u0131. Zararl\u0131 hale de gelebilir. Biz maske kulland\u0131\u011f\u0131m\u0131z\u0131 zannederiz oysa bize bir faydas\u0131 yoktur. Bunlardan da ka\u00e7\u0131nmam\u0131z laz\u0131m. Bizim diki\u015f at\u00f6lyemiz var. Bunu yapabiliriz ama dedi\u011fim gibi bunu usul\u00fcne uygun yapmak zorunday\u0131z. Bunu da \u0130l Sa\u011fl\u0131k M\u00fcd\u00fcrl\u00fc\u011f\u00fcm\u00fcz ile koordineli s\u00fcrd\u00fcrmek i\u00e7in karar ald\u0131k. Biz bunlar\u0131 \u00fcretelim vatanda\u015flar\u0131m\u0131za da\u011f\u0131tal\u0131m ama uygun kuma\u015fla uygun standartlarda bunu yapal\u0131m. Yani yasak savmak i\u00e7in bunu yapmayal\u0131m; ger\u00e7ekten sonu\u00e7 al\u0131c\u0131 \u00e7al\u0131\u015fmalar olsun ve bunlar\u0131 vatanda\u015flar\u0131m\u0131za da\u011f\u0131tal\u0131m istiyoruz.\u201d\u00a0<\/p>\n<p>\u201cBelediye i\u015flerinde aksama yok\u201d\u00a0<br \/>\nB\u00fcy\u00fck\u015fehir Belediyesinin ana g\u00fcndemi salg\u0131na kar\u015f\u0131 tedbirler olsa da daha \u00f6nceden planlanan, ihale edilen i\u015fler ile belediyenin rutin i\u015flerinin devam etti\u011fini dile getiren Se\u00e7er, \u201cBelediye \u00e7al\u0131\u015fanlar\u0131m\u0131z\u0131n y\u00fczde 77\u2019si i\u015fe geliyor. Her 100 \u00e7al\u0131\u015fan\u0131m\u0131zdan 23\u2019\u00fc \u015fu an evinden \u00e7al\u0131\u015f\u0131yor. MESK\u0130\u2019de her 100 personelimizden 62\u2019si sahada ya da ofiste \u00e7al\u0131\u015f\u0131yor, 28\u2019i evinden \u00e7al\u0131\u015f\u0131yor. \u0130\u015flerimizde bir aksama yok. Y\u00f6neticiler olarak i\u015fimizin ba\u015f\u0131nday\u0131z. Yurtta\u015flar\u0131m\u0131zla ileti\u015fim halindeyiz\u201d dedi.<\/p>\n<p>\u201cYurtta\u015flar\u0131m\u0131z\u0131n i\u015fleri aksamayacak\u201d\u00a0<br \/>\nSadece T\u00fcrkiye\u2019nin de\u011fil t\u00fcm d\u00fcnyan\u0131n bu salg\u0131nla m\u00fccadele etti\u011fini, bu s\u00fcre\u00e7te t\u00fcm d\u00fcnyada \u00fcretimin durdu\u011funu vurgulayan Se\u00e7er, \u015f\u00f6yle devam etti: \u201cDiliyorum bu s\u00fcre\u00e7 uzamaz. Uzarsa elbette bir s\u0131k\u0131nt\u0131 s\u00f6z konusu olacak ama bu sadece bize matuf de\u011fil, b\u00fct\u00fcn d\u00fcnyaya matuf bir durum. Di\u011fer taraftan bizim belediyelerin gelirleri \u00fcretime ba\u011fl\u0131. Ne kadar \u00e7ok vergi, ne kadar \u00e7ok refah, ne kadar \u00e7ok \u00fcretim o kadar \u00e7ok para geliyor bize. \u00dclke ne kadar zengin olursa, ekonomi ne kadar iyiye giderse Mersin o kadar \u00e7ok vergi gelirlerinden pay al\u0131r. \u00dcretim olmazsa ciro olmayacak, gayri safi milli has\u0131la y\u00fckselmeyecek. Ciro olmazsa vergi olmayacak, dolay\u0131s\u0131yla bizim gelirimiz olmayacak. Belki bizim gelirlerimiz d\u00fc\u015febilir, baz\u0131 yat\u0131r\u0131mlar\u0131 \u00f6teleyebiliriz. Bunlar do\u011fal. Bunlar\u0131 a\u015far\u0131z. 2020 b\u00fct\u00e7emi yapm\u0131\u015f\u0131m. Tabi gelir kalemlerimde bir sapma olacak. Belki yol haritas\u0131nda ufak tefek de\u011fi\u015fikliklere sebep olacak ama bu demek de\u011fildir ki, benim yurtta\u015f\u0131m\u0131n i\u015fi aksayacak, yat\u0131r\u0131mlar \u00e7ok k\u00f6t\u00fc noktalara gelecek, \u00e7ok b\u00fcy\u00fck aksamalar olacak. B\u00f6yle bir \u015fey d\u00fc\u015f\u00fcnmesinler. Her ko\u015fulun varsa sorunu \u00e7\u00f6z\u00fcm yolu da vard\u0131r. Biz burada \u015fikayet etmek \u00fczere oturmuyoruz. \u2018Efendim korona vir\u00fcs var ben bu i\u015fleri yapamam\u2019. Yok b\u00f6yle bir \u015fey. Hepsini de yapar\u0131z. Hi\u00e7 kimse merak etmesin. Yeter ki tedbirleri alal\u0131m. Bir \u015fey olmaz demeyelim.\u201d\u00a0<\/p>\n<p>\u201cMahalle Mutfaklar\u0131n\u0131 yayg\u0131nla\u015ft\u0131raca\u011f\u0131z\u201d\u00a0<br \/>\nDar gelirli yurtta\u015flar\u0131n 3 liraya, geliri olmayan yurtta\u015flar\u0131n ise \u00fccretsiz olarak faydaland\u0131klar\u0131 Mahalle Mutfaklar\u0131n\u0131, salg\u0131n riskinden \u00f6nce planlad\u0131klar\u0131n\u0131 kaydeden Se\u00e7er, salg\u0131n riskinin ard\u0131ndan evden \u00e7\u0131kmalar\u0131 yasaklanan 65 ya\u015f \u00fcst\u00fc vatanda\u015flar\u0131n evlerine, Mahalle Mutfaklar\u0131nda yap\u0131lan yemekleri g\u00f6nderdiklerini s\u00f6yledi. Se\u00e7er, \u201cMahalle Mutfaklar\u0131n\u0131 yayg\u0131nla\u015ft\u0131raca\u011f\u0131z. Hem sabit hem seyyar mutfaklar\u0131m\u0131z vas\u0131tas\u0131yla yayg\u0131nla\u015ft\u0131rmay\u0131 hedefliyoruz\u201d diye konu\u015ftu.\u00a0<\/p>\n<p>\u201cYurtta\u015flar\u0131m\u0131z morallerini y\u00fcksek tutsunlar. Bu m\u00fccadeleyi kazanaca\u011f\u0131z\u201d\u00a0<br \/>\nSalg\u0131n ortam\u0131n\u0131 f\u0131rsata \u00e7evirmek isteyenlere izin vermeyeceklerini, g\u0131da \u00fcreten yerlerdeki hijyen denetimlerini daha da art\u0131rd\u0131klar\u0131n\u0131 belirten Se\u00e7er, \u201cKondisyonumuzu da iyi kullanmam\u0131z laz\u0131m. Nefesimizi kontroll\u00fc kullanmam\u0131z laz\u0131m. \u00c7\u00fcnk\u00fc bu s\u00fcrecin ne kadar s\u00fcrece\u011fini bilmiyoruz. Yurtta\u015flar\u0131m\u0131z morallerini y\u00fcksek tutsunlar. Biz belediye olarak 7\/24 kendilerinin huzuru ve refah\u0131 i\u00e7in ne gerekiyorsa onlar\u0131 yap\u0131yoruz ve yapmaya da devam edece\u011fiz. Onlar\u0131n lehine olan her karar\u0131n alt\u0131na da imza ataca\u011f\u0131z, rahat olsunlar. Bu beladan kurtulana kadar her t\u00fcrl\u00fc tedbiri alal\u0131m. Hijyene dikkat edelim. Zorunlu olmad\u0131k\u00e7a evden \u00e7\u0131kmayal\u0131m. Evden \u00e7\u0131k\u0131yorsak da sosyal mesafeye dikkat edelim. \u0130n\u015fallah hep beraber, t\u00fcm d\u00fcnya halklar\u0131 olarak bu beladan kurtulaca\u011f\u0131z, bu m\u00fccadeleyi kazanaca\u011f\u0131z.\u201d\u00a0<\/p>\n","protected":false},"excerpt":{"rendered":"<p>Mersin B\u00fcy\u00fck\u015fehir Belediye Ba\u015fkan\u0131 Vahap Se\u00e7er, korona vir\u00fcsle m\u00fccadele kapsam\u0131nda, dezenfektan \u00fcretimi i\u00e7in \u00e7al\u0131\u015fma yapt\u0131klar\u0131n\u0131, maske \u00fcretimi i\u00e7in \u0130stanbul\u2019dan kuma\u015f getirttiklerini s\u00f6yledi. Ayr\u0131ca kal\u0131p sabun haz\u0131rlatt\u0131klar\u0131n\u0131 ve tek kullan\u0131ml\u0131k sabun &hellip; <a href=\"https:\/\/mersinekonomipolitikagazetesi.com\/?p=6298\" class=\"more-link\">Devam\u0131n\u0131 Oku&#8230;<\/a><\/p>\n","protected":false},"author":1,"featured_media":0,"comment_status":"open","ping_status":"open","sticky":false,"template":"","format":"standard","meta":[],"categories":[],"tags":[],"_links":{"self":[{"href":"https:\/\/mersinekonomipolitikagazetesi.com\/index.php?rest_route=\/wp\/v2\/posts\/6298"}],"collection":[{"href":"https:\/\/mersinekonomipolitikagazetesi.com\/index.php?rest_route=\/wp\/v2\/posts"}],"about":[{"href":"https:\/\/mersinekonomipolitikagazetesi.com\/index.php?rest_route=\/wp\/v2\/types\/post"}],"author":[{"embeddable":true,"href":"https:\/\/mersinekonomipolitikagazetesi.com\/index.php?rest_route=\/wp\/v2\/users\/1"}],"replies":[{"embeddable":true,"href":"https:\/\/mersinekonomipolitikagazetesi.com\/index.php?rest_route=%2Fwp%2Fv2%2Fcomments&post=6298"}],"version-history":[{"count":0,"href":"https:\/\/mersinekonomipolitikagazetesi.com\/index.php?rest_route=\/wp\/v2\/posts\/6298\/revisions"}],"wp:attachment":[{"href":"https:\/\/mersinekonomipolitikagazetesi.com\/index.php?rest_route=%2Fwp%2Fv2%2Fmedia&parent=6298"}],"wp:term":[{"taxonomy":"category","embeddable":true,"href":"https:\/\/mersinekonomipolitikagazetesi.com\/index.php?rest_route=%2Fwp%2Fv2%2Fcategories&post=6298"},{"taxonomy":"post_tag","embeddable":true,"href":"https:\/\/mersinekonomipolitikagazetesi.com\/index.php?rest_route=%2Fwp%2Fv2%2Ftags&post=6298"}],"curies":[{"name":"wp","href":"https:\/\/api.w.org\/{rel}","templated":true}]}}