{"id":6299,"date":"2020-11-04T18:26:45","date_gmt":"2020-11-04T15:26:45","guid":{"rendered":"http:\/\/mersinekonomipolitikagazetesi.com\/?p=6299"},"modified":"2020-11-04T18:26:45","modified_gmt":"2020-11-04T15:26:45","slug":"chpli-ali-mahir-basarir-esnafin-akliyla-dalga-mi-geciliyor","status":"publish","type":"post","link":"https:\/\/mersinekonomipolitikagazetesi.com\/?p=6299","title":{"rendered":"CHP\u2019L\u0130 AL\u0130 MAH\u0130R BA\u015eARIR: \u201cESNAFIN AKLIYLA DALGA MI GE\u00c7\u0130L\u0130YOR\u201d"},"content":{"rendered":"<p>\u00a0<br \/>\nCHP Mersin Milletvekili Ali Mahir Ba\u015far\u0131r, Covid-19 vir\u00fcs\u00fc ile m\u00fccadele kapsam\u0131nda Esnaf Destek Kredisi Paketi ile ilgili yaz\u0131l\u0131 soru \u00f6nergesi verdi.<br \/>\n\u00a0<br \/>\nCHP\u2019li Ba\u015far\u0131r \u00a0krediden faydalanmak isteyen esnaflardan istenilen evraklardan birinin de \u201c G\u00fcncel (son 15 g\u00fcn \u00f6nce al\u0131nm\u0131\u015f) vergi ve SGK borcu yoktur yaz\u0131s\u0131\u201d olmas\u0131 gerekti\u011fini hat\u0131rlatarak, \u201cbir\u00e7ok esnaf\u0131m\u0131z\u0131n vergi ve SGK borcu oldu\u011fu bilinmesine ra\u011fmen kredi kullanmak i\u00e7in b\u00f6yle bir evrak istenmesi esnaf\u0131m\u0131z\u0131n akl\u0131yla dalga ge\u00e7mektir\u201d dedi.<br \/>\n\u00a0<br \/>\nCHP Mersin Milletvekili Ba\u015far\u0131r, konuya ili\u015fkin Hazine ve Maliye Bakan\u0131 Berat Albayrak\u2019\u0131n yan\u0131tlamas\u0131 istemi ile vermi\u015f oldu\u011fu \u00f6nergede;<br \/>\n\u00a0<br \/>\n\u201cCovid-19 vir\u00fcs\u00fc ile m\u00fccadele kapsam\u0131nda Esnaf Destek Kredisi Paketi a\u00e7\u0131klanm\u0131\u015f ve bu krediden faydalanmak isteyen esnaflardan istenilen evraklardan birinin de \u201c G\u00fcncel (son 15 g\u00fcn \u00f6nce al\u0131nm\u0131\u015f) vergi ve SGK borcu yoktur yaz\u0131s\u0131\u201d oldu\u011fu belirtilmi\u015ftir.<\/p>\n<p>Zaten ekonomik s\u0131k\u0131nt\u0131lar i\u00e7erisinde olan esnaf ve sanatk\u00e2rlar\u0131m\u0131z ya\u015fanan Covid-19 vir\u00fcs\u00fc nedeniyle daha da s\u0131k\u0131nt\u0131ya g\u00f6m\u00fclm\u00fc\u015flerdir.<\/p>\n<p>Esnaflar\u0131m\u0131z\u0131n \u00e7o\u011funlu\u011funun vergi ya da SGK borcu oldu\u011fu bilinmesine ra\u011fmen, vergi ve SGK borcu yoktur yaz\u0131s\u0131n\u0131n kredi kullan\u0131m\u0131 i\u00e7in istenilen evraklar aras\u0131nda olmas\u0131 esnaf\u0131n akl\u0131yla dalga ge\u00e7mektir\u201d a\u00e7\u0131klamalar\u0131na yer vererek \u015fu sorular\u0131n yan\u0131tlanmas\u0131n\u0131 istedi:<br \/>\n\u00a0<br \/>\nVergi ve SGK borcu olan esnaf ve sanatk\u00e2rlar\u0131m\u0131z s\u00f6z konusu paketten faydalanamayacaklar\u0131 i\u00e7in kaderlerine mi terk edilmi\u015ftir?<br \/>\nHemen hemen her esnaf\u0131n vergi ve SGK borcu oldu\u011fu bilindi\u011fine g\u00f6re kredi kullan\u0131m\u0131 i\u00e7in b\u00f6ylesine bir evrak \u015fart\u0131 aranmas\u0131 esnaf ve sanatk\u00e2rlar\u0131m\u0131z\u0131n ak\u0131llar\u0131yla dalga ge\u00e7mek de\u011fil midir?<br \/>\nKredi kullan\u0131m\u0131 i\u00e7in istenilen evraklar aras\u0131nda olan vergi ve SGK borcu yoktur yaz\u0131s\u0131n\u0131 kald\u0131rmay\u0131 d\u00fc\u015f\u00fcn\u00fcyor musunuz?<\/p>\n","protected":false},"excerpt":{"rendered":"<p>\u00a0 CHP Mersin Milletvekili Ali Mahir Ba\u015far\u0131r, Covid-19 vir\u00fcs\u00fc ile m\u00fccadele kapsam\u0131nda Esnaf Destek Kredisi Paketi ile ilgili yaz\u0131l\u0131 soru \u00f6nergesi verdi. \u00a0 CHP\u2019li Ba\u015far\u0131r \u00a0krediden faydalanmak isteyen esnaflardan istenilen &hellip; <a href=\"https:\/\/mersinekonomipolitikagazetesi.com\/?p=6299\" class=\"more-link\">Devam\u0131n\u0131 Oku&#8230;<\/a><\/p>\n","protected":false},"author":1,"featured_media":0,"comment_status":"open","ping_status":"open","sticky":false,"template":"","format":"standard","meta":[],"categories":[],"tags":[],"_links":{"self":[{"href":"https:\/\/mersinekonomipolitikagazetesi.com\/index.php?rest_route=\/wp\/v2\/posts\/6299"}],"collection":[{"href":"https:\/\/mersinekonomipolitikagazetesi.com\/index.php?rest_route=\/wp\/v2\/posts"}],"about":[{"href":"https:\/\/mersinekonomipolitikagazetesi.com\/index.php?rest_route=\/wp\/v2\/types\/post"}],"author":[{"embeddable":true,"href":"https:\/\/mersinekonomipolitikagazetesi.com\/index.php?rest_route=\/wp\/v2\/users\/1"}],"replies":[{"embeddable":true,"href":"https:\/\/mersinekonomipolitikagazetesi.com\/index.php?rest_route=%2Fwp%2Fv2%2Fcomments&post=6299"}],"version-history":[{"count":0,"href":"https:\/\/mersinekonomipolitikagazetesi.com\/index.php?rest_route=\/wp\/v2\/posts\/6299\/revisions"}],"wp:attachment":[{"href":"https:\/\/mersinekonomipolitikagazetesi.com\/index.php?rest_route=%2Fwp%2Fv2%2Fmedia&parent=6299"}],"wp:term":[{"taxonomy":"category","embeddable":true,"href":"https:\/\/mersinekonomipolitikagazetesi.com\/index.php?rest_route=%2Fwp%2Fv2%2Fcategories&post=6299"},{"taxonomy":"post_tag","embeddable":true,"href":"https:\/\/mersinekonomipolitikagazetesi.com\/index.php?rest_route=%2Fwp%2Fv2%2Ftags&post=6299"}],"curies":[{"name":"wp","href":"https:\/\/api.w.org\/{rel}","templated":true}]}}