{"id":6302,"date":"2020-11-04T18:26:45","date_gmt":"2020-11-04T15:26:45","guid":{"rendered":"http:\/\/mersinekonomipolitikagazetesi.com\/?p=6302"},"modified":"2020-11-04T18:26:45","modified_gmt":"2020-11-04T15:26:45","slug":"yksnin-25-26-temmuz-tarihlerinde-yapilmasi-kararlastirilmistir","status":"publish","type":"post","link":"https:\/\/mersinekonomipolitikagazetesi.com\/?p=6302","title":{"rendered":"\u201cYKS\u2019n\u0131n 25-26 Temmuz tarihlerinde yap\u0131lmas\u0131 kararla\u015ft\u0131r\u0131lm\u0131\u015ft\u0131r\u201d"},"content":{"rendered":"<p>\u201cS\u0131navda sorulacak sorular, bu sorular\u0131n kapsam\u0131 ve alanlar\u0131 Milli E\u011fitim Bakanl\u0131\u011f\u0131 ile uyum i\u00e7inde onlardan gelen tekliflere g\u00f6re \u015fekillenecektir\u201d<\/p>\n<p>Y\u00d6K Ba\u015fkan\u0131 Prof. Dr. M. A. Yekta Sara\u00e7, \u201cBu sene bahar d\u00f6nemi e\u011fitim \u00f6\u011fretim s\u00fcrecini sadece uzaktan e\u011fitim, a\u00e7\u0131k \u00f6\u011fretim ve dijital \u00f6\u011fretim imkanlar\u0131 ile s\u00fcrd\u00fcrmeye karar verdik. YKS\u2019n\u0131n ise 25-26 Temmuz tarihlerinde yap\u0131lmas\u0131 kararla\u015ft\u0131r\u0131ld\u0131\u201d dedi.\u00a0<br \/>\nY\u00fcksek\u00f6\u011fretim Kurumu (Y\u00d6K) Ba\u015fkan\u0131 Prof. Dr. M. A. Yekta Sara\u00e7, bahar d\u00f6neminde y\u00fcz y\u00fcze e\u011fitimin yap\u0131lmayaca\u011f\u0131n\u0131, Y\u00fcksek\u00f6\u011fretim Kurumlar\u0131 S\u0131nav\u0131\u2019n\u0131n (YKS) da 25-26 Temmuz\u2019da yap\u0131laca\u011f\u0131n\u0131 a\u00e7\u0131klad\u0131. Y\u00d6K Genel Kurulu\u2019nda al\u0131nan kararlar\u0131 a\u00e7\u0131klayan Sara\u00e7, \u201cBu sene bahar d\u00f6nemi e\u011fitim \u00f6\u011fretim s\u00fcrecini sadece uzaktan e\u011fitim, a\u00e7\u0131k \u00f6\u011fretim ve dijital \u00f6\u011fretim imkanlar\u0131 ile s\u00fcrd\u00fcrmeye karar verdik. Yani bahar d\u00f6neminde y\u00fcz y\u00fcze e\u011fitim yap\u0131lmayacakt\u0131r\u201d ifadelerini kulland\u0131.\u00a0<br \/>\nSara\u00e7, \u201c\u00dcniversitelerimiz yukar\u0131da zikretti\u011fimiz uzaktan e\u011fitim, a\u00e7\u0131k\u00f6\u011fretim ve dijital \u00f6\u011fretim imkanlar\u0131 alt\u0131nda sunamayacaklar\u0131 programlar\u0131\/dersleri ve uygulamal\u0131 dersleri yaz aylar\u0131nda belirledikleri takvim i\u00e7inde tamamlayacaklard\u0131r. Di\u011fer bir ifade ile bu program ve dersler i\u00e7in bahar d\u00f6nemi takvimini yaz aylar\u0131na ta\u015f\u0131m\u0131\u015f oluyoruz. T\u00fcrk y\u00fcksek\u00f6\u011fretiminin yaz okulu tecr\u00fcbesi \u00fcniversitelerimiz i\u00e7in son derece de\u011ferli bir imkan sunmaktad\u0131r. Yaz okulunun biti\u015f tarihleri g\u00f6z\u00f6n\u00fcnde tutularak \u00f6n\u00fcm\u00fczdeki y\u0131l e\u011fitim \u00f6\u011fretim takvimini belirleyece\u011fiz. Bu hususta da ge\u00e7mi\u015f y\u0131llarda s\u0131rad\u0131\u015f\u0131 durumlarda ger\u00e7ekle\u015ftirdi\u011fimiz uygulamalar ve tecr\u00fcbeler \u0131\u015f\u0131\u011f\u0131 alt\u0131nda bu konuyu rahatl\u0131kla y\u00f6netebilece\u011fimize inan\u0131yoruz. Dolay\u0131s\u0131yla \u015funu rahatl\u0131kla s\u00f6yleyebiliriz. Kontrolden \u00e7\u0131kan bir durum s\u00f6zkonusu olmadan in\u015fallah bu ola\u011fan\u00fcst\u00fc zor s\u00fcreci y\u00f6netece\u011fiz ve en az hasarla atlataca\u011f\u0131z. Kamp\u00fcslerde rekt\u00f6rl\u00fcklerce gerekli g\u00f6r\u00fclmeyen durumlar d\u0131\u015f\u0131nda \u00f6\u011frenci bulunmamas\u0131 en do\u011fru oland\u0131r. Bu konuda \u00fcniversitelerimiz gerekli tedbirleri alacakt\u0131r. \u0130dari ve akademik personelin ise asgari oranda ve seyreltilerek g\u00f6revlerini yapmalar\u0131 i\u00e7in gerekli tedbirlere dair bir m\u00fcddetten beri y\u00f6nlendirmelerimiz ve kararlar\u0131m\u0131z bulunmaktad\u0131r. \u00dcniversitelerimiz ile daimi olarak 7\/24 irtibat halindeyiz\u201d \u015feklinde konu\u015ftu.\u00a0<br \/>\nYKS hakk\u0131nda da a\u00e7\u0131klamalarda bulunan Sara\u00e7, 20-21 Haziran tarihlerinde yap\u0131lmas\u0131 planlanan s\u0131nav\u0131n tarihlerinin ertelendi\u011fini a\u00e7\u0131klad\u0131. Sara\u00e7, \u201cYKS\u2019n\u0131n 25-26 Temmuz tarihlerinde yap\u0131lmas\u0131 kararla\u015ft\u0131r\u0131lm\u0131\u015ft\u0131r. Bu karar\u0131 almam\u0131zdaki neden tedbirli olmak ve \u00f6\u011frencilerimizin daha salim ve dingin bir zihinle haz\u0131rlanarak bu imtihana girmesidir. \u00d6SYM ile bu takvimi birlikte s\u00fcrd\u00fcr\u00fcyoruz. \u00d6\u011frencilerimiz ve ailelerimiz rahat olsun. Bu konudaki planlamalar\u0131m\u0131z tamamd\u0131r\u201d dedi.\u00a0<br \/>\nSorulacak sorularla ilgili ise Sara\u00e7, \u201cYKS\u2019da sorulacak m\u00fcfredat ile ilgili \u00f6nceli\u011fimiz bug\u00fcn\u00fcn ger\u00e7eklerinin yans\u0131d\u0131\u011f\u0131 bir \u015fekilde \u00f6\u011frencilerimizin lehine olan\u0131 aramakt\u0131r. S\u0131navda sorulacak sorular, bu sorular\u0131n kapsam\u0131 ve alanlar\u0131 Milli E\u011fitim Bakanl\u0131\u011f\u0131 ile uyum i\u00e7inde onlardan gelen tekliflere g\u00f6re \u015fekillenecektir. Y\u00fcksek\u00f6\u011fretime giri\u015f s\u0131navlar\u0131n\u0131n orta\u00f6\u011fretimi desteklemesi gerekti\u011finin fark\u0131nday\u0131z. S\u0131nava girecek \u00f6\u011frencilerimiz \u015fu a\u00e7\u0131dan rahat olsunlar. Daha \u00f6nce yap\u0131lan \u00e7er\u00e7evede bir s\u0131nav olacakt\u0131r. F\u0131rsat e\u015fitli\u011fi ve sosyal adalet bizim vazge\u00e7meyece\u011fimiz bir esas\u0131m\u0131zd\u0131r\u201d diye konu\u015ftu.\u00a0<\/p>\n","protected":false},"excerpt":{"rendered":"<p>\u201cS\u0131navda sorulacak sorular, bu sorular\u0131n kapsam\u0131 ve alanlar\u0131 Milli E\u011fitim Bakanl\u0131\u011f\u0131 ile uyum i\u00e7inde onlardan gelen tekliflere g\u00f6re \u015fekillenecektir\u201d Y\u00d6K Ba\u015fkan\u0131 Prof. Dr. M. A. Yekta Sara\u00e7, \u201cBu sene bahar &hellip; <a href=\"https:\/\/mersinekonomipolitikagazetesi.com\/?p=6302\" class=\"more-link\">Devam\u0131n\u0131 Oku&#8230;<\/a><\/p>\n","protected":false},"author":1,"featured_media":0,"comment_status":"open","ping_status":"open","sticky":false,"template":"","format":"standard","meta":[],"categories":[],"tags":[],"_links":{"self":[{"href":"https:\/\/mersinekonomipolitikagazetesi.com\/index.php?rest_route=\/wp\/v2\/posts\/6302"}],"collection":[{"href":"https:\/\/mersinekonomipolitikagazetesi.com\/index.php?rest_route=\/wp\/v2\/posts"}],"about":[{"href":"https:\/\/mersinekonomipolitikagazetesi.com\/index.php?rest_route=\/wp\/v2\/types\/post"}],"author":[{"embeddable":true,"href":"https:\/\/mersinekonomipolitikagazetesi.com\/index.php?rest_route=\/wp\/v2\/users\/1"}],"replies":[{"embeddable":true,"href":"https:\/\/mersinekonomipolitikagazetesi.com\/index.php?rest_route=%2Fwp%2Fv2%2Fcomments&post=6302"}],"version-history":[{"count":0,"href":"https:\/\/mersinekonomipolitikagazetesi.com\/index.php?rest_route=\/wp\/v2\/posts\/6302\/revisions"}],"wp:attachment":[{"href":"https:\/\/mersinekonomipolitikagazetesi.com\/index.php?rest_route=%2Fwp%2Fv2%2Fmedia&parent=6302"}],"wp:term":[{"taxonomy":"category","embeddable":true,"href":"https:\/\/mersinekonomipolitikagazetesi.com\/index.php?rest_route=%2Fwp%2Fv2%2Fcategories&post=6302"},{"taxonomy":"post_tag","embeddable":true,"href":"https:\/\/mersinekonomipolitikagazetesi.com\/index.php?rest_route=%2Fwp%2Fv2%2Ftags&post=6302"}],"curies":[{"name":"wp","href":"https:\/\/api.w.org\/{rel}","templated":true}]}}