{"id":6314,"date":"2020-11-04T18:26:46","date_gmt":"2020-11-04T15:26:46","guid":{"rendered":"http:\/\/mersinekonomipolitikagazetesi.com\/?p=6314"},"modified":"2020-11-04T18:26:46","modified_gmt":"2020-11-04T15:26:46","slug":"vali-su-vefa-sosyal-destek-gruplarimiz-7-24-vatandasimizin-hizmetinde","status":"publish","type":"post","link":"https:\/\/mersinekonomipolitikagazetesi.com\/?p=6314","title":{"rendered":"Vali Su: \u201cVefa Sosyal Destek Gruplar\u0131m\u0131z, 7\/24 vatanda\u015f\u0131m\u0131z\u0131n hizmetinde\u201d"},"content":{"rendered":"<div><span style=\"font-size: 12px;\">Mersin Valisi Ali \u0130hsan Su, korona vir\u00fcse kar\u015f\u0131 al\u0131nan t\u00fcm tedbirlerin Mersin\u2019de de kararl\u0131l\u0131kla uygulanmaya devam edildi\u011fini belirterek, \u201cVefa Sosyal Destek Gruplar\u0131m\u0131z, 7\/24 vatanda\u015f\u0131m\u0131z\u0131n hizmetinde\u201d dedi.\u00a0<\/span><\/div>\n<div><span style=\"font-size: 12px;\">\u00a0 Mersin Valili\u011fi, il genelinde korona vir\u00fcse kar\u015f\u0131 y\u00fcr\u00fct\u00fclen \u00e7al\u0131\u015fmalar ve Vefa Sosyal Destek Grubuna ili\u015fkin a\u00e7\u0131klama yapt\u0131. Valilik a\u00e7\u0131klamas\u0131nda, d\u00fcnya genelinde tehdit olu\u015fturan, D\u00fcnya Sa\u011fl\u0131k \u00d6rg\u00fct\u00fc taraf\u0131ndan pandemi (salg\u0131n) olarak nitelendirilen korona vir\u00fcse (Covid-19) kar\u015f\u0131 Cumhurba\u015fkanl\u0131\u011f\u0131 ve bakanl\u0131klar\u0131n karar ve genelgeleri do\u011frultusunda al\u0131nan t\u00fcm tedbirlerin Mersin\u2019de de kararl\u0131l\u0131kla uygulanmaya devam edildi\u011fi bildirildi.\u00a0<\/span><\/div>\n<div><span style=\"font-size: 12px;\">\u00a0 \u0130\u00e7i\u015fleri Bakanl\u0131\u011f\u0131n\u0131n 65 ya\u015f ve \u00fczeri ile kronik rahats\u0131zl\u0131\u011f\u0131 olanlar\u0131n ikametleri d\u0131\u015f\u0131na \u00e7\u0131kmalar\u0131n\u0131 s\u0131n\u0131rland\u0131ran genelgesi do\u011frultusunda Valilik ve kaymakaml\u0131klarda olu\u015fturulan Vefa Sosyal Destek Gruplar\u0131n\u0131n Mersin\u2019de vatanda\u015flara hizmet etmek \u00fczere \u00e7al\u0131\u015fmalar\u0131na 7\/24 devam ettikleri kaydedilen a\u00e7\u0131klamada, \u201c\u0130limizde, Valili\u011fimiz koordinasyonunda kaymakaml\u0131klar taraf\u0131ndan y\u00fcr\u00fct\u00fclen \u00e7al\u0131\u015fmalardan yararlanmak isteyen yaln\u0131z ya\u015fayan ya da yan\u0131nda bir yak\u0131n\u0131 olmayan 65 ya\u015f \u00fcst\u00fc ile kronik rahats\u0131zl\u0131\u011f\u0131 bulunan vatanda\u015flar\u0131m\u0131z, taleplerini iletmeye devam ediyor. Bu talepler valili\u011fimiz koordinasyonunda kaymakaml\u0131klarda olu\u015fturulan vefa ileti\u015fim merkezleri taraf\u0131ndan takip ediliyor ve yerine getiriliyor\u201d denildi.\u00a0<\/span><\/div>\n<div><span style=\"font-size: 12px;\">\u00a0<\/span><\/div>\n<div><span style=\"font-size: 12px;\">\u00a0 \u201c7\/24 vatanda\u015f\u0131m\u0131z\u0131n hizmetindeyiz\u201d\u00a0<\/span><\/div>\n<div><span style=\"font-size: 12px;\">\u00a0 Vali Ali \u0130hsan Su da yapt\u0131\u011f\u0131 a\u00e7\u0131klamada, Mersin genelinde olu\u015fturulan Vefa Sosyal Destek Gruplar\u0131n\u0131n sahada \u00e7al\u0131\u015fmalar\u0131n\u0131 s\u00fcrd\u00fcrmeye devam ettiklerini belirtti. Soka\u011fa \u00e7\u0131kmas\u0131 s\u0131n\u0131rland\u0131r\u0131lan vatanda\u015flar\u0131n 112, 155 veya 156 numaralar\u0131n\u0131 aramalar\u0131 halinde, yetkilendirilen kamu g\u00f6revlilerinin ilgili adreslere y\u00f6nlendirildi\u011fini kaydeden Vali Su, g\u0131da, temizlik ve sa\u011fl\u0131k gibi temel ihtiya\u00e7lar\u0131n\u0131n yan\u0131 s\u0131ra isteyen vatanda\u015flar\u0131n maa\u015flar\u0131n\u0131n da ikametlerinde tesliminin yap\u0131ld\u0131\u011f\u0131n\u0131 ve bu hizmetlerin 7\/24 kar\u015f\u0131lanmaya devam edilece\u011fini s\u00f6yledi. Su, \u201cAyr\u0131ca ilimizde ikamet ederek, yaln\u0131z ya\u015fad\u0131\u011f\u0131 tespit edilen ve kronik rahats\u0131zl\u0131\u011f\u0131 olanlarla 65 ya\u015f \u00fczeri vatanda\u015flar\u0131m\u0131z, Valili\u011fimiz ve kaymakaml\u0131klar\u0131m\u0131z taraf\u0131ndan aranarak ihtiya\u00e7lar\u0131 sorulup yerine getiriliyor. Valili\u011fimiz ve ilgili kurumlar\u0131n destekleriyle sistemi en iyi \u015fekilde y\u00fcr\u00fctmeye \u00e7al\u0131\u015f\u0131yoruz. Her vatanda\u015f\u0131m\u0131z\u0131n hayat\u0131 ayn\u0131 derecede de\u011ferlidir, dolay\u0131s\u0131yla vatanda\u015flar\u0131m\u0131z\u0131n evde kalmalar\u0131 son derece \u00f6nemlidir\u201d ifadelerini kulland\u0131.\u00a0<\/span><\/div>\n<div><span style=\"font-size: 12px;\">\u00a0 Bu s\u00fcre\u00e7te sosyal medyada as\u0131ls\u0131z, provokatif, ger\u00e7ek d\u0131\u015f\u0131 payla\u015f\u0131mlara da itibar edilmemesini isteyerek, resmi a\u00e7\u0131klamalar\u0131n takip edilmesi gerekti\u011fini vurgulayan Su, as\u0131ls\u0131z payla\u015f\u0131mlarda bulunanlar hakk\u0131nda yasal i\u015flemler yap\u0131ld\u0131\u011f\u0131n\u0131n alt\u0131n\u0131 \u00e7izdi.\u00a0<\/span><\/div>\n<div><span style=\"font-size: 12px;\">\u00a0 T\u00fcm Mersinlilere g\u00f6stermi\u015f olduklar\u0131 destek ve anlay\u0131\u015ftan dolay\u0131 te\u015fekk\u00fcr eden Vali Su, vatanda\u015flara seslenerek, \u201cEvinde kal Mersin. Evde hayat var\u201d dedi.\u00a0<\/span><\/div>\n","protected":false},"excerpt":{"rendered":"<p>Mersin Valisi Ali \u0130hsan Su, korona vir\u00fcse kar\u015f\u0131 al\u0131nan t\u00fcm tedbirlerin Mersin\u2019de de kararl\u0131l\u0131kla uygulanmaya devam edildi\u011fini belirterek, \u201cVefa Sosyal Destek Gruplar\u0131m\u0131z, 7\/24 vatanda\u015f\u0131m\u0131z\u0131n hizmetinde\u201d dedi.\u00a0 \u00a0 Mersin Valili\u011fi, il &hellip; <a href=\"https:\/\/mersinekonomipolitikagazetesi.com\/?p=6314\" class=\"more-link\">Devam\u0131n\u0131 Oku&#8230;<\/a><\/p>\n","protected":false},"author":1,"featured_media":0,"comment_status":"open","ping_status":"open","sticky":false,"template":"","format":"standard","meta":[],"categories":[],"tags":[],"_links":{"self":[{"href":"https:\/\/mersinekonomipolitikagazetesi.com\/index.php?rest_route=\/wp\/v2\/posts\/6314"}],"collection":[{"href":"https:\/\/mersinekonomipolitikagazetesi.com\/index.php?rest_route=\/wp\/v2\/posts"}],"about":[{"href":"https:\/\/mersinekonomipolitikagazetesi.com\/index.php?rest_route=\/wp\/v2\/types\/post"}],"author":[{"embeddable":true,"href":"https:\/\/mersinekonomipolitikagazetesi.com\/index.php?rest_route=\/wp\/v2\/users\/1"}],"replies":[{"embeddable":true,"href":"https:\/\/mersinekonomipolitikagazetesi.com\/index.php?rest_route=%2Fwp%2Fv2%2Fcomments&post=6314"}],"version-history":[{"count":0,"href":"https:\/\/mersinekonomipolitikagazetesi.com\/index.php?rest_route=\/wp\/v2\/posts\/6314\/revisions"}],"wp:attachment":[{"href":"https:\/\/mersinekonomipolitikagazetesi.com\/index.php?rest_route=%2Fwp%2Fv2%2Fmedia&parent=6314"}],"wp:term":[{"taxonomy":"category","embeddable":true,"href":"https:\/\/mersinekonomipolitikagazetesi.com\/index.php?rest_route=%2Fwp%2Fv2%2Fcategories&post=6314"},{"taxonomy":"post_tag","embeddable":true,"href":"https:\/\/mersinekonomipolitikagazetesi.com\/index.php?rest_route=%2Fwp%2Fv2%2Ftags&post=6314"}],"curies":[{"name":"wp","href":"https:\/\/api.w.org\/{rel}","templated":true}]}}