{"id":6317,"date":"2020-11-04T18:26:46","date_gmt":"2020-11-04T15:26:46","guid":{"rendered":"http:\/\/mersinekonomipolitikagazetesi.com\/?p=6317"},"modified":"2020-11-04T18:26:46","modified_gmt":"2020-11-04T15:26:46","slug":"ziraat-muhendislerinin-dislanmasi-vahim","status":"publish","type":"post","link":"https:\/\/mersinekonomipolitikagazetesi.com\/?p=6317","title":{"rendered":"Z\u0130RAAT M\u00dcHEND\u0130SLER\u0130N\u0130N DI\u015eLANMASI VAH\u0130M!"},"content":{"rendered":"<div><span style=\"font-size: 12px;\">Tar\u0131m ve Orman Bakanl\u0131\u011f\u0131\u2019n\u0131n \u2018Covid-19 Komisyonu\u2019na Ziraat M\u00fchendisleri Odas\u0131 Mersin \u015eube Ba\u015fkan\u0131 Necmi Birim\u2019den tepki geldi. Birim, \u201cTar\u0131m ve Orman Bakanl\u0131\u011f\u0131 COVID-19 Komisyonu\u2019 i\u00e7erinde Ziraat M\u00fchendisli\u011fi mesle\u011fimizin ve meslekta\u015flar\u0131m\u0131z\u0131n d\u0131\u015flanmas\u0131n\u0131 \u015fiddetle k\u0131n\u0131yoruz.\u201d dedi.<\/span><\/div>\n<div>\u00a0<\/div>\n<div><span style=\"font-size: 12px;\">Tar\u0131m ve Orman Bakanl\u0131\u011f\u0131\u2019n\u0131n olu\u015fturdu\u011fu \u2018Covid-19 Komisyonu\u2019 i\u00e7erisinde Ziraat M\u00fchendislerinin olmamas\u0131na TMMOB Ziraat M\u00fchendisleri Odas\u0131 Mersin \u015eube Ba\u015fkan\u0131 Necmi Birim\u2019den tepki geldi.<\/span><\/div>\n<div>\u00a0<\/div>\n<div><span style=\"font-size: 12px;\">\u00dclke genelinde \u2018Tar\u0131msal \u00dcretim Seferberli\u011fi\u2019 ilan edilmesini talep ettiklerini belirten Birim, \u201cTar\u0131msal \u00dcretim Seferberli\u011finin sa\u011fl\u0131kl\u0131 i\u015fletilebilmesi, \u00e7ok boyutlu \u00e7\u00f6z\u00fcm \u00f6nerilerinin geli\u015ftirilmesi ve uygulanabilmesi i\u00e7in Tar\u0131m ve Orman Bakanl\u0131\u011f\u0131\u2019n\u0131n \u00f6nc\u00fcl\u00fc\u011f\u00fcnde Kamu, \u00dcniversite, Meslek Odalar\u0131, Meslek Kurulu\u015flar\u0131, ilgili \u00d6zel Sekt\u00f6r ve STK\u2019lar\u0131n temsil edildi\u011fi \u2018Koronavir\u00fcs Tar\u0131m Bilim Kurulu\u2019 kurulmas\u0131n\u0131 \u00f6nermi\u015ftik. 26 Mart 2020 tarihinde medyada, Tar\u0131m ve Orman Bakanl\u0131\u011f\u0131 b\u00fcnyesinde \u2018Tar\u0131m ve Orman Bakanl\u0131\u011f\u0131 COVID-19 Komisyonu\u2019 kuruldu\u011fu haberleri yer ald\u0131. Korona vir\u00fcs salg\u0131n\u0131na dair geli\u015fmeleri yak\u0131ndan takip ederek tar\u0131m ve g\u0131da alan\u0131nda at\u0131lmas\u0131 gereken ad\u0131mlara y\u00f6nelik \u00f6neriler ortaya koymas\u0131 ve tavsiye niteli\u011finde kararlar almas\u0131 beklenen 9 ki\u015filik Komisyonda; b\u00fcrokrat olarak G\u0131da ve Kontrol Genel M\u00fcd\u00fcr Vekili ve Genel M\u00fcd\u00fcr Yard\u0131mc\u0131s\u0131 ile 3 adet Veteriner Fak\u00fcltesi \u00d6\u011fretim \u00dcyesi, 3 adet G\u0131da M\u00fchendisli\u011fi \u00d6\u011fretim \u00dcyesi, 1 adet T\u0131p Fak\u00fcltesi \u00d6\u011fretim \u00dcyesi yer ald\u0131\u011f\u0131 belirtildi. Covid-19 Salg\u0131n\u0131 ile ilgili sa\u011fl\u0131k \u00f6nlemleri konusunda Sa\u011fl\u0131k Bakanl\u0131\u011f\u0131 e\u015fg\u00fcd\u00fcm\u00fcnde &#8216;Koronavir\u00fcs Bilim Kurulu&#8217; \u00e7al\u0131\u015fmalar\u0131n\u0131 halen y\u00fcr\u00fctmektedir. TMMOB Ziraat M\u00fchendisleri Odas\u0131 olarak, \u00fclkeyi y\u00f6netenlerin \u00f6zellikle bu d\u00f6nemde d\u0131\u015flay\u0131c\u0131 de\u011fil, tar\u0131m ve g\u0131da sekt\u00f6r\u00fcn\u00fcn t\u00fcm bile\u015fenlerini s\u00fcrece katarak bilimsel \u00f6nlemlerle krizi y\u00f6netmeleri gerekti\u011fini belirtmi\u015ftik. Uyar\u0131m\u0131z\u0131 yineliyoruz.\u201d diye konu\u015ftu.<\/span><\/div>\n<div>\u00a0<\/div>\n<div><span style=\"font-size: 12px;\">\u201cMeslekta\u015flar\u0131m\u0131z\u0131n d\u0131\u015flanmas\u0131 vahimdir\u201d<\/span><\/div>\n<div>\u00a0<\/div>\n<div><span style=\"font-size: 12px;\">Kurulan komisyona y\u00f6nelik olarak Birim, \u201cSalg\u0131n nedeniyle tar\u0131m sekt\u00f6r\u00fc a\u00e7\u0131s\u0131ndan al\u0131nmas\u0131 gereken \u00f6nlemlerin g\u00f6r\u00fc\u015f\u00fclece\u011fi ve bir \u00e7e\u015fit Bilim Kurulu niteli\u011finde kurulan Komisyonda, 1 adet bile Ziraat M\u00fchendisi, Ziraat M\u00fchendisi \u00d6\u011fretim \u00dcyesinin olmamas\u0131, sorunlar\u0131n \u00e7\u00f6z\u00fcm\u00fc i\u00e7in g\u00f6r\u00fc\u015flerimize \u00f6nem verilmemesi, mesle\u011fimizin ve meslekta\u015flar\u0131m\u0131z\u0131n d\u0131\u015flanmas\u0131, en basit ifade ile vahimdir. Tar\u0131m ve Orman Bakanl\u0131\u011f\u0131 b\u00fcnyesindeki\u00a0 meslek \u015fovenizmine dayal\u0131, dar meslek\u00e7i e\u011filimleri g\u00fc\u00e7lendiren bu anlay\u0131\u015f\u0131, mesle\u011fimiz, meslekta\u015flar\u0131m\u0131z ve tar\u0131m sekt\u00f6r\u00fcm\u00fcz ad\u0131na kabul edilemez buluyoruz. \u00dclkeyi y\u00f6netenlerin tar\u0131m sekt\u00f6r\u00fcne yakla\u015f\u0131mlar\u0131n\u0131 a\u00e7\u0131k\u00e7a g\u00f6steren bu tercihten, bu yanl\u0131\u015ftan bir an \u00f6nce geri d\u00f6n\u00fclmesini talep ediyoruz. Ziraat M\u00fchendisli\u011fi mesle\u011finin insanl\u0131k tarihindeki \u00f6nemi, Ziraat M\u00fchendisli\u011fi e\u011fitiminin \u00fclkemizdeki k\u00f6kl\u00fc tarihi, Ziraat M\u00fchendisleri olarak d\u00fcnya ve \u00fclke tar\u0131m\u0131m\u0131za katk\u0131lar\u0131m\u0131z ortadad\u0131r.\u201d dedi.<\/span><\/div>\n<div>\u00a0<\/div>\n<div><span style=\"font-size: 12px;\">\u201cKoronavir\u00fcs\u2019\u00fcn y\u0131k\u0131c\u0131 etkilerini en aza indirme zaman\u0131d\u0131r\u201d<\/span><\/div>\n<div>\u00a0<\/div>\n<div><span style=\"font-size: 12px;\">T\u00fcrk M\u00fchendis ve Mimar Odalar\u0131 Birli\u011fi Ziraat M\u00fchendisleri Odas\u0131 Mersin \u015eube Ba\u015fkan\u0131 Necmi Birim, Tar\u0131m Bakanl\u0131\u011f\u0131 yapan ki\u015filerin b\u00fcy\u00fck \u00e7o\u011funlu\u011funun mesle\u011fin i\u00e7inden gelmemesinin tar\u0131m sekt\u00f6r\u00fcndeki sorunlar\u0131n ba\u015f\u0131nda geldi\u011fine de vurgu yapt\u0131.\u00a0<\/span><\/div>\n<div>\u00a0<\/div>\n<div><span style=\"font-size: 12px;\">Birim, \u201cTMMOB ZMO olarak ge\u00e7mi\u015ften bug\u00fcne \u00f6nerimiz, Bakanl\u0131\u011f\u0131n mesle\u011fin i\u00e7inden gelen meslekta\u015flar\u0131m\u0131z, meslekle do\u011frudan ilgili meslek insanlar\u0131 taraf\u0131ndan y\u00f6netilmesidir. Tar\u0131msal kamu y\u00f6netiminin y\u0131llard\u0131r \u00e7\u00f6zemedi\u011fi tar\u0131m sekt\u00f6r\u00fcm\u00fcze ili\u015fkin yap\u0131sal sorunlar\u0131n \u00fcretimimizi, \u00fcreticilerimizi, t\u00fcketicilerimizi, t\u00fcm toplumumuzu olumsuz etkiledi\u011fi s\u00fcre\u00e7te, bug\u00fcnlerde \u00fclkemizi de yo\u011fun olarak etkileyen korona vir\u00fcs salg\u0131n\u0131n\u0131n sekt\u00f6re y\u0131k\u0131c\u0131 etkilerini hep birlikte en aza indirme zaman\u0131d\u0131r.\u201d ifadelerini kulland\u0131.<\/span><\/div>\n","protected":false},"excerpt":{"rendered":"<p>Tar\u0131m ve Orman Bakanl\u0131\u011f\u0131\u2019n\u0131n \u2018Covid-19 Komisyonu\u2019na Ziraat M\u00fchendisleri Odas\u0131 Mersin \u015eube Ba\u015fkan\u0131 Necmi Birim\u2019den tepki geldi. Birim, \u201cTar\u0131m ve Orman Bakanl\u0131\u011f\u0131 COVID-19 Komisyonu\u2019 i\u00e7erinde Ziraat M\u00fchendisli\u011fi mesle\u011fimizin ve meslekta\u015flar\u0131m\u0131z\u0131n d\u0131\u015flanmas\u0131n\u0131 &hellip; <a href=\"https:\/\/mersinekonomipolitikagazetesi.com\/?p=6317\" class=\"more-link\">Devam\u0131n\u0131 Oku&#8230;<\/a><\/p>\n","protected":false},"author":1,"featured_media":0,"comment_status":"open","ping_status":"open","sticky":false,"template":"","format":"standard","meta":[],"categories":[],"tags":[],"_links":{"self":[{"href":"https:\/\/mersinekonomipolitikagazetesi.com\/index.php?rest_route=\/wp\/v2\/posts\/6317"}],"collection":[{"href":"https:\/\/mersinekonomipolitikagazetesi.com\/index.php?rest_route=\/wp\/v2\/posts"}],"about":[{"href":"https:\/\/mersinekonomipolitikagazetesi.com\/index.php?rest_route=\/wp\/v2\/types\/post"}],"author":[{"embeddable":true,"href":"https:\/\/mersinekonomipolitikagazetesi.com\/index.php?rest_route=\/wp\/v2\/users\/1"}],"replies":[{"embeddable":true,"href":"https:\/\/mersinekonomipolitikagazetesi.com\/index.php?rest_route=%2Fwp%2Fv2%2Fcomments&post=6317"}],"version-history":[{"count":0,"href":"https:\/\/mersinekonomipolitikagazetesi.com\/index.php?rest_route=\/wp\/v2\/posts\/6317\/revisions"}],"wp:attachment":[{"href":"https:\/\/mersinekonomipolitikagazetesi.com\/index.php?rest_route=%2Fwp%2Fv2%2Fmedia&parent=6317"}],"wp:term":[{"taxonomy":"category","embeddable":true,"href":"https:\/\/mersinekonomipolitikagazetesi.com\/index.php?rest_route=%2Fwp%2Fv2%2Fcategories&post=6317"},{"taxonomy":"post_tag","embeddable":true,"href":"https:\/\/mersinekonomipolitikagazetesi.com\/index.php?rest_route=%2Fwp%2Fv2%2Ftags&post=6317"}],"curies":[{"name":"wp","href":"https:\/\/api.w.org\/{rel}","templated":true}]}}