{"id":6318,"date":"2020-11-04T18:26:46","date_gmt":"2020-11-04T15:26:46","guid":{"rendered":"http:\/\/mersinekonomipolitikagazetesi.com\/?p=6318"},"modified":"2020-11-04T18:26:46","modified_gmt":"2020-11-04T15:26:46","slug":"kagit-degil-virus-riski-tasiyorlar-%ef%bb%bfcopten-atik-toplama-yasaklanmali","status":"publish","type":"post","link":"https:\/\/mersinekonomipolitikagazetesi.com\/?p=6318","title":{"rendered":"KA\u011eIT DE\u011e\u0130L V\u0130R\u00dcS R\u0130SK\u0130 TA\u015eIYORLAR  &#8220;\ufeff\u00c7\u00d6PTEN ATIK TOPLAMA YASAKLANMALI!&#8221;"},"content":{"rendered":"<div><span style=\"font-size: 12px;\">Korona vir\u00fcs tehdidi alt\u0131nda olan at\u0131k toplay\u0131c\u0131lar\u0131, kendi sa\u011fl\u0131klar\u0131 ve vir\u00fcs\u00fcn yay\u0131lmas\u0131 a\u00e7\u0131s\u0131ndan b\u00fcy\u00fck tehdit olu\u015fturuyor..!<\/span><\/div>\n<div>\u00a0<\/div>\n<div><span style=\"font-size: 12px;\">T\u00fcm d\u00fcnyay\u0131 ve T\u00fcrkiye&#8217;yi etkisi alt\u0131na alan Covid-19, h\u0131zla yay\u0131lmaya devam ederken \u00fclke genelinde oldu\u011fu gibi Mersin&#8217;de de vatanda\u015flar\u0131n b\u00fcy\u00fck bir b\u00f6l\u00fcm\u00fc \u201cevde kal\u201c \u00e7a\u011f\u0131rlar\u0131na uyuyor. Ancak, tehlikeli risk gurubunu olu\u015fturan at\u0131k toplay\u0131c\u0131lar\u0131 ise korona vir\u00fcs dolay\u0131s\u0131yla zaten d\u00fc\u015fen g\u00fcnl\u00fck kazan\u00e7lar\u0131n\u0131 \u00e7\u0131karabilmek i\u00e7in ka\u011f\u0131t toplamaya devam ediyor. Kent genelinde \u00e7\u00f6p konteynerlerinden at\u0131k toplayan bu ki\u015filerin hem kendilerini ve birlikte ya\u015fad\u0131klar\u0131 ki\u015filerin sa\u011fl\u0131klar\u0131n\u0131, hem de t\u00fcm vatanda\u015flar\u0131n sa\u011fl\u0131\u011f\u0131n\u0131 tehlike att\u0131\u011f\u0131n\u0131 vurgulayan Mersinliler, \u00e7\u00f6p toplay\u0131c\u0131lara derhal yasak getirilmesi gerekti\u011fini s\u00f6yledi.<\/span><\/div>\n<div><span style=\"font-size: 12px;\">Mersinliler, \u201cKoronavir\u00fcs\u2019\u00fcn h\u0131zla yay\u0131ld\u0131\u011f\u0131 bu g\u00fcnlerde bu i\u015fi yapan at\u0131k toplay\u0131c\u0131lar\u0131na acilen \u2018dur\u2019 denilmeli. Yetkililer bir an \u00f6nce devreye girip \u00e7\u00f6p toplayan bu ki\u015filere \u00f6zellikle bu s\u00fcre\u00e7te hi\u00e7bir \u015fekilde m\u00fcsaade etmemeli ve ma\u011fdur olmamalar\u0131 i\u00e7in de gerekli yard\u0131mlar\u0131 yapmal\u0131d\u0131r.\u201d diye konu\u015ftu.<\/span><\/div>\n<div>\u00a0<\/div>\n<div><span style=\"font-size: 12px;\">Vir\u00fcs \u00c7\u00f6p Konteynerinde Uzun S\u00fcre Canl\u0131 Kalabiliyor<\/span><\/div>\n<div>\u00a0<\/div>\n<div><span style=\"font-size: 12px;\">Mersin&#8217;de geri d\u00f6n\u00fc\u015f\u00fcm i\u00e7in el arabalar\u0131yla g\u00fcn boyu sokaklarda dola\u015f\u0131p, hayatlar\u0131n\u0131 idame etmeye \u00e7al\u0131\u015fan i\u015f\u00e7iler, Korona vir\u00fcsle m\u00fccadelede b\u00fcy\u00fck risk olu\u015fturuyor. Baz\u0131 kentlerde belediyeler, tedbirler kapsam\u0131nda at\u0131k ka\u011f\u0131t toplay\u0131c\u0131l\u0131\u011f\u0131n\u0131n yasakland\u0131\u011f\u0131n\u0131 duyururken, benzer karar\u0131n Mersin\u2019de de al\u0131nmas\u0131 bekleniyor.\u00a0<\/span><\/div>\n<div><span style=\"font-size: 12px;\">Ma\u011fazalar\u0131n ve sosyal mek\u00e2nlar\u0131n kapanmas\u0131 at\u0131k toplay\u0131c\u0131lar\u0131n\u0131n da gelirini ve sa\u011fl\u0131\u011f\u0131n\u0131 da olumsuz etkiliyor. \u00c7\u00f6p konteynerindeki at\u0131klarda vir\u00fcs\u00fcn 72 saat canl\u0131 kald\u0131\u011f\u0131na ili\u015fkin a\u00e7\u0131klamalar\u0131n ard\u0131ndan, baz\u0131 kentlerde vir\u00fcsten korunma tedbirleri kapsam\u0131nda sokakta at\u0131k toplanmas\u0131 t\u00fcm\u00fcyle yasakland\u0131.<\/span><\/div>\n<div><span style=\"font-size: 12px;\">Al\u0131nan yasa\u011f\u0131n ard\u0131ndan \u00e7\u00f6p toplay\u0131c\u0131lar\u0131n ma\u011fdur olmamas\u0131 i\u00e7in Ankara B\u00fcy\u00fck\u015fehir Belediyesi, verdi\u011fi destekle ka\u011f\u0131t toplayan vatanda\u015flara y\u00f6nelik bar\u0131nma evinde konaklama imk\u00e2n\u0131 ve g\u0131da yard\u0131m\u0131 karar\u0131, ge\u00e7imini ka\u011f\u0131t toplayarak sa\u011flayan vatanda\u015flar\u0131 memnun etti. Benzer karar\u0131n Mersin\u2019de de Mersin B\u00fcy\u00fck\u015fehir Belediyesi taraf\u0131ndan al\u0131n\u0131p, s\u00f6z konusu vatanda\u015flar\u0131n ma\u011fdur edilmemesi i\u00e7in gereken \u00e7al\u0131\u015fmalar\u0131n yap\u0131lmas\u0131 istendi.<\/span><\/div>\n","protected":false},"excerpt":{"rendered":"<p>Korona vir\u00fcs tehdidi alt\u0131nda olan at\u0131k toplay\u0131c\u0131lar\u0131, kendi sa\u011fl\u0131klar\u0131 ve vir\u00fcs\u00fcn yay\u0131lmas\u0131 a\u00e7\u0131s\u0131ndan b\u00fcy\u00fck tehdit olu\u015fturuyor..! \u00a0 T\u00fcm d\u00fcnyay\u0131 ve T\u00fcrkiye&#8217;yi etkisi alt\u0131na alan Covid-19, h\u0131zla yay\u0131lmaya devam ederken \u00fclke &hellip; <a href=\"https:\/\/mersinekonomipolitikagazetesi.com\/?p=6318\" class=\"more-link\">Devam\u0131n\u0131 Oku&#8230;<\/a><\/p>\n","protected":false},"author":1,"featured_media":0,"comment_status":"open","ping_status":"open","sticky":false,"template":"","format":"standard","meta":[],"categories":[],"tags":[],"_links":{"self":[{"href":"https:\/\/mersinekonomipolitikagazetesi.com\/index.php?rest_route=\/wp\/v2\/posts\/6318"}],"collection":[{"href":"https:\/\/mersinekonomipolitikagazetesi.com\/index.php?rest_route=\/wp\/v2\/posts"}],"about":[{"href":"https:\/\/mersinekonomipolitikagazetesi.com\/index.php?rest_route=\/wp\/v2\/types\/post"}],"author":[{"embeddable":true,"href":"https:\/\/mersinekonomipolitikagazetesi.com\/index.php?rest_route=\/wp\/v2\/users\/1"}],"replies":[{"embeddable":true,"href":"https:\/\/mersinekonomipolitikagazetesi.com\/index.php?rest_route=%2Fwp%2Fv2%2Fcomments&post=6318"}],"version-history":[{"count":0,"href":"https:\/\/mersinekonomipolitikagazetesi.com\/index.php?rest_route=\/wp\/v2\/posts\/6318\/revisions"}],"wp:attachment":[{"href":"https:\/\/mersinekonomipolitikagazetesi.com\/index.php?rest_route=%2Fwp%2Fv2%2Fmedia&parent=6318"}],"wp:term":[{"taxonomy":"category","embeddable":true,"href":"https:\/\/mersinekonomipolitikagazetesi.com\/index.php?rest_route=%2Fwp%2Fv2%2Fcategories&post=6318"},{"taxonomy":"post_tag","embeddable":true,"href":"https:\/\/mersinekonomipolitikagazetesi.com\/index.php?rest_route=%2Fwp%2Fv2%2Ftags&post=6318"}],"curies":[{"name":"wp","href":"https:\/\/api.w.org\/{rel}","templated":true}]}}