{"id":6320,"date":"2020-11-04T18:26:46","date_gmt":"2020-11-04T15:26:46","guid":{"rendered":"http:\/\/mersinekonomipolitikagazetesi.com\/?p=6320"},"modified":"2020-11-04T18:26:46","modified_gmt":"2020-11-04T15:26:46","slug":"tarsuslu-tekstilci-koronavirus-icin-30-bin-adet-ucretsiz-maske-uretti","status":"publish","type":"post","link":"https:\/\/mersinekonomipolitikagazetesi.com\/?p=6320","title":{"rendered":"Tarsuslu tekstilci Koronavir\u00fcs i\u00e7in 30 bin adet \u00fccretsiz maske \u00fcretti"},"content":{"rendered":"<p>G\u00f6n\u00fcll\u00fc \u00e7al\u0131\u015fanlarla maske \u00fcretimi ger\u00e7ekle\u015ftiren tekstilci \u00c7atal; \u201c\u00dclkem i\u00e7in bende bir damla olmak istedim\u201d<\/p>\n<p><span style=\"line-height: 1.6em;\">\u00a0Mersin\u2019in Tarsus il\u00e7esinde koronavir\u00fcs tedbirle kapsam\u0131nda bir tekstilci, \u00fccretsiz maske \u00fcretimine ba\u015flad\u0131. Tekstil i\u015f\u00e7ilerinin g\u00f6n\u00fcll\u00fc olarak \u00e7al\u0131\u015ft\u0131\u011f\u0131 firmada \u00fcretilmesi hedeflenen 30 bin adet maskenin ilk etab\u0131 olan 10 bin adeti Tarsus Belediyesi&#8217;ne teslim edildi.\u00a0<\/span><\/p>\n<p>\u00d6\u011fretmenler Mahallesi D-400 karayolu \u00fczerinde faaliyet g\u00f6steren \u0130mece Tekstil adl\u0131 firma, t\u00fcm d\u00fcnyay\u0131 saran korona vir\u00fcs salg\u0131na kar\u015f\u0131 ortaya \u00e7\u0131kan ihtiya\u00e7lar kapsam\u0131nda \u00fccretsiz maske \u00fcretimi yapmaya ba\u015flad\u0131. \u0130\u015fletme sahibi \u0130lhan \u00c7atal, tekstil firmas\u0131n\u0131 maske \u00fcretimine a\u00e7arken, i\u015f\u00e7iler de g\u00f6n\u00fcll\u00fc olarak \u00e7al\u0131\u015f\u0131p hi\u00e7bir \u00fccret talebinde bulunmad\u0131.\u00a0<br \/>\n\u00c7atal, korona vir\u00fcs\u00fcne devletin yapt\u0131\u011f\u0131 m\u00fccadeleye destek olmak i\u00e7in Tarsus Belediyesine \u00fccretsiz maske \u00fcretimi yapt\u0131klar\u0131n\u0131 ifade ederek,&#8221;\u0130lk olarak 10 bin adet maskeyi teslim ettik. \u00dclkem i\u00e7in ben de bir damla olmak istedim. T\u00fcm d\u00fcnyay\u0131 kas\u0131p kavuran bu iletten kurtulmak i\u00e7in hep beraber m\u00fccadele edilmesi gerekmektedir. Biz de firma olarak \u00fczerimize d\u00fc\u015feni yap\u0131yoruz. 30 bin adet maske \u00fcretimi i\u00e7in \u00e7al\u0131\u015fmalar\u0131m\u0131za ba\u015flad\u0131k. Tekstil at\u00f6lyemizi maske \u00fcretimine sunduk. B\u00fct\u00fcn \u00e7al\u0131\u015fanlar\u0131m\u0131z hi\u00e7bir talep bulunmadan tamamen g\u00f6n\u00fcll\u00fcl\u00fck esas alarak \u00e7al\u0131\u015f\u0131yorlar, Allah raz\u0131 olsun. Yapt\u0131\u011f\u0131m\u0131z 10 bin adet maskeyi belediyemize teslim ettik. Belediye Ba\u015fkan\u0131m\u0131z Dr. Haluk Bozdo\u011fan bizlere te\u015fekk\u00fcr ziyaretinde bulundu. Bizde kendisine te\u015fekk\u00fcr ediyoruz. Maskelerimizi tamamen \u00fccretsiz \u00fcretiyoruz\u201d dedi.\u00a0<br \/>\n\u00c7atal, koronavir\u00fcs tedbirler kapsam\u0131nda al\u0131nan tedbirlere mutlaka uyulmas\u0131 gerekti\u011fini, herkesin mecbur olmad\u0131k\u00e7a soka\u011fa \u00e7\u0131kmamas\u0131n\u0131 istedi.\u00a0<\/p>\n","protected":false},"excerpt":{"rendered":"<p>G\u00f6n\u00fcll\u00fc \u00e7al\u0131\u015fanlarla maske \u00fcretimi ger\u00e7ekle\u015ftiren tekstilci \u00c7atal; \u201c\u00dclkem i\u00e7in bende bir damla olmak istedim\u201d \u00a0Mersin\u2019in Tarsus il\u00e7esinde koronavir\u00fcs tedbirle kapsam\u0131nda bir tekstilci, \u00fccretsiz maske \u00fcretimine ba\u015flad\u0131. Tekstil i\u015f\u00e7ilerinin g\u00f6n\u00fcll\u00fc olarak &hellip; <a href=\"https:\/\/mersinekonomipolitikagazetesi.com\/?p=6320\" class=\"more-link\">Devam\u0131n\u0131 Oku&#8230;<\/a><\/p>\n","protected":false},"author":1,"featured_media":0,"comment_status":"open","ping_status":"open","sticky":false,"template":"","format":"standard","meta":[],"categories":[],"tags":[],"_links":{"self":[{"href":"https:\/\/mersinekonomipolitikagazetesi.com\/index.php?rest_route=\/wp\/v2\/posts\/6320"}],"collection":[{"href":"https:\/\/mersinekonomipolitikagazetesi.com\/index.php?rest_route=\/wp\/v2\/posts"}],"about":[{"href":"https:\/\/mersinekonomipolitikagazetesi.com\/index.php?rest_route=\/wp\/v2\/types\/post"}],"author":[{"embeddable":true,"href":"https:\/\/mersinekonomipolitikagazetesi.com\/index.php?rest_route=\/wp\/v2\/users\/1"}],"replies":[{"embeddable":true,"href":"https:\/\/mersinekonomipolitikagazetesi.com\/index.php?rest_route=%2Fwp%2Fv2%2Fcomments&post=6320"}],"version-history":[{"count":0,"href":"https:\/\/mersinekonomipolitikagazetesi.com\/index.php?rest_route=\/wp\/v2\/posts\/6320\/revisions"}],"wp:attachment":[{"href":"https:\/\/mersinekonomipolitikagazetesi.com\/index.php?rest_route=%2Fwp%2Fv2%2Fmedia&parent=6320"}],"wp:term":[{"taxonomy":"category","embeddable":true,"href":"https:\/\/mersinekonomipolitikagazetesi.com\/index.php?rest_route=%2Fwp%2Fv2%2Fcategories&post=6320"},{"taxonomy":"post_tag","embeddable":true,"href":"https:\/\/mersinekonomipolitikagazetesi.com\/index.php?rest_route=%2Fwp%2Fv2%2Ftags&post=6320"}],"curies":[{"name":"wp","href":"https:\/\/api.w.org\/{rel}","templated":true}]}}