{"id":6323,"date":"2020-11-04T18:26:46","date_gmt":"2020-11-04T15:26:46","guid":{"rendered":"http:\/\/mersinekonomipolitikagazetesi.com\/?p=6323"},"modified":"2020-11-04T18:26:46","modified_gmt":"2020-11-04T15:26:46","slug":"akdeniz-belediye-binasinda-korona-virus-tedbirleri","status":"publish","type":"post","link":"https:\/\/mersinekonomipolitikagazetesi.com\/?p=6323","title":{"rendered":"Akdeniz Belediye binas\u0131nda korona vir\u00fcs tedbirleri"},"content":{"rendered":"<p><span style=\"line-height: 1.6em;\">\u00a0Akdeniz Belediyesi, il\u00e7e genelinde bulunan kamu kurum ve kurulu\u015flar\u0131 ile \u00f6zel sekt\u00f6re ait bina, ofis ve depolar\u0131 korona vir\u00fcs salg\u0131n\u0131na kar\u015f\u0131 ila\u00e7larken, belediye binas\u0131nda da hijyen sa\u011flay\u0131p gerekli tedbirleri al\u0131yor.\u00a0<\/span><\/p>\n<p>Belediyeden yap\u0131lan a\u00e7\u0131klamaya g\u00f6re, \u00e7e\u015fitli i\u015f ve i\u015flemleri i\u00e7in belediye binas\u0131na gelen vatanda\u015flar\u0131n, \u00f6ncelikle kap\u0131 giri\u015finde g\u00f6revli zab\u0131ta personeli taraf\u0131ndan \u00f6nce ate\u015f \u00f6l\u00e7er cihaz\u0131 ile v\u00fccut \u0131s\u0131s\u0131 tespit ediliyor. Ate\u015fi normal seviyede olan vatanda\u015flar\u0131n, ayaklar\u0131na galo\u015f giymesi sa\u011flan\u0131yor, sonras\u0131nda ise elleri dezenfektan ve kolonya yard\u0131m\u0131yla sterilize ediliyor. Bu arada ate\u015f \u00f6l\u00e7er cihaz\u0131 ile yap\u0131lan kontrolde v\u00fccut \u0131s\u0131s\u0131 normalin \u00fcst\u00fcnde \u00e7\u0131kanlar da en yak\u0131n zamanda sa\u011fl\u0131k kurulu\u015funa ba\u015fvurmas\u0131 y\u00f6n\u00fcnde uyar\u0131l\u0131yor.\u00a0<br \/>\n\u201cBilim Kurulunun tavsiyelerine mutlaka uyal\u0131m&#8221;\u00a0<br \/>\nVatanda\u015flara, acil veya zorunlu olmad\u0131k\u00e7a evlerinden \u00e7\u0131kmamalar\u0131 \u00e7a\u011fr\u0131s\u0131n\u0131 yineleyen Akdeniz Belediye Ba\u015fkan\u0131 Mustafa G\u00fcltak, bir\u00e7ok i\u015f ve i\u015flemin, internet ortam\u0131nda belediye web sayfas\u0131 \u00fczerinden yap\u0131labildi\u011fini hat\u0131rlatt\u0131. G\u00fcltak, \u201cAkdeniz Vefa Sosyal Destek Grubu\u2019nda yer alan zab\u0131talar\u0131m\u0131z, \u00f6zellikle 65 ya\u015f \u00fcst\u00fc vatanda\u015flar\u0131m\u0131z evden ayr\u0131lmas\u0131n diye, temel ihtiya\u00e7lar\u0131n\u0131 al\u0131p evlerine ula\u015ft\u0131r\u0131yor, ev d\u0131\u015f\u0131nda yap\u0131lmas\u0131 gereken zorunlu i\u015flemlerini de yine onlar ad\u0131na yap\u0131yor\u201d dedi.\u00a0<br \/>\nT\u00fcm d\u00fcnyan\u0131n zor g\u00fcnlerden ge\u00e7ti\u011fine i\u015faret eden G\u00fcltak, \u201cBilim Kurulunun, devlet ve h\u00fck\u00fcmet yetkililerimizin a\u00e7\u0131klamalar\u0131na kesinlikle uyal\u0131m. L\u00fctfen, hem kendi sa\u011fl\u0131\u011f\u0131n\u0131z\u0131 hem de sevdiklerinizin ve toplumun sa\u011fl\u0131\u011f\u0131n\u0131 d\u00fc\u015f\u00fcnerek hareket edelim. Zorunlu olmad\u0131k\u00e7a soka\u011fa \u00e7\u0131kmayal\u0131m, kalabal\u0131k ortamlardan katiyen uzak durup sosyal mesafemizi koruyal\u0131m. Bu zor g\u00fcnleri millet olarak hep beraber a\u015faca\u011f\u0131z. Tabi bu krizi en az kay\u0131pla atlatabilmek i\u00e7in de tedbirlere mutlaka uyal\u0131m\u201d ifadelerini kulland\u0131.\u00a0<\/p>\n","protected":false},"excerpt":{"rendered":"<p>\u00a0Akdeniz Belediyesi, il\u00e7e genelinde bulunan kamu kurum ve kurulu\u015flar\u0131 ile \u00f6zel sekt\u00f6re ait bina, ofis ve depolar\u0131 korona vir\u00fcs salg\u0131n\u0131na kar\u015f\u0131 ila\u00e7larken, belediye binas\u0131nda da hijyen sa\u011flay\u0131p gerekli tedbirleri al\u0131yor.\u00a0 &hellip; <a href=\"https:\/\/mersinekonomipolitikagazetesi.com\/?p=6323\" class=\"more-link\">Devam\u0131n\u0131 Oku&#8230;<\/a><\/p>\n","protected":false},"author":1,"featured_media":0,"comment_status":"open","ping_status":"open","sticky":false,"template":"","format":"standard","meta":[],"categories":[],"tags":[],"_links":{"self":[{"href":"https:\/\/mersinekonomipolitikagazetesi.com\/index.php?rest_route=\/wp\/v2\/posts\/6323"}],"collection":[{"href":"https:\/\/mersinekonomipolitikagazetesi.com\/index.php?rest_route=\/wp\/v2\/posts"}],"about":[{"href":"https:\/\/mersinekonomipolitikagazetesi.com\/index.php?rest_route=\/wp\/v2\/types\/post"}],"author":[{"embeddable":true,"href":"https:\/\/mersinekonomipolitikagazetesi.com\/index.php?rest_route=\/wp\/v2\/users\/1"}],"replies":[{"embeddable":true,"href":"https:\/\/mersinekonomipolitikagazetesi.com\/index.php?rest_route=%2Fwp%2Fv2%2Fcomments&post=6323"}],"version-history":[{"count":0,"href":"https:\/\/mersinekonomipolitikagazetesi.com\/index.php?rest_route=\/wp\/v2\/posts\/6323\/revisions"}],"wp:attachment":[{"href":"https:\/\/mersinekonomipolitikagazetesi.com\/index.php?rest_route=%2Fwp%2Fv2%2Fmedia&parent=6323"}],"wp:term":[{"taxonomy":"category","embeddable":true,"href":"https:\/\/mersinekonomipolitikagazetesi.com\/index.php?rest_route=%2Fwp%2Fv2%2Fcategories&post=6323"},{"taxonomy":"post_tag","embeddable":true,"href":"https:\/\/mersinekonomipolitikagazetesi.com\/index.php?rest_route=%2Fwp%2Fv2%2Ftags&post=6323"}],"curies":[{"name":"wp","href":"https:\/\/api.w.org\/{rel}","templated":true}]}}