{"id":6331,"date":"2020-11-04T18:26:51","date_gmt":"2020-11-04T15:26:51","guid":{"rendered":"http:\/\/mersinekonomipolitikagazetesi.com\/?p=6331"},"modified":"2020-11-04T18:26:51","modified_gmt":"2020-11-04T15:26:51","slug":"karantinada-dogum","status":"publish","type":"post","link":"https:\/\/mersinekonomipolitikagazetesi.com\/?p=6331","title":{"rendered":"KARANT\u0130NADA DO\u011eUM"},"content":{"rendered":"<p>Cumhurba\u015fkan\u0131 Erdo\u011fan\u2019dan Mersin K\u0131z Yurdu\u2019nda karantinadayken do\u011fum yapan kad\u0131na tebrik telefonu.<\/p>\n<p><span style=\"line-height: 1.6em;\">Cumhurba\u015fkan\u0131 Recep Tayyip Erdo\u011fan, KKTC\u2019den gelip Mersin K\u0131z Yurdu\u2019nda karantina alt\u0131nda bulunurken do\u011fumunun yakla\u015fmas\u0131 \u00fczerine sevk edildi\u011fi Mersin \u015eehir Hastanesinde bir k\u0131z \u00e7ocu\u011fu d\u00fcnyaya getiren Sevda G\u00fcl\u2019\u00fc telefonla arayarak tebrik etti.\u00a0<\/span><\/p>\n<p>Cumhurba\u015fkan\u0131 Recep Tayyip Erdo\u011fan, 24 Mart\u2019ta Kuzey K\u0131br\u0131s T\u00fcrk Cumhuriyeti\u2019nden (KKTC) gelip Mersin K\u0131z Yurdu\u2019nda karantina alt\u0131nda bulunurken \u00f6nceki g\u00fcn do\u011fumunun yakla\u015fmas\u0131 \u00fczerine sevk edildi\u011fi Mersin \u015eehir Hastanesinde sa\u011fl\u0131kl\u0131 bir k\u0131z \u00e7ocu\u011fu d\u00fcnyaya getiren Sevda G\u00fcl ile bir telefon g\u00f6r\u00fc\u015fmesi ger\u00e7ekle\u015ftirdi. Cumhurba\u015fkan\u0131 Erdo\u011fan g\u00f6r\u00fc\u015fmede, Sevda G\u00fcl ve e\u015fi Aykut G\u00fcl\u2019\u00fc tebrik ederek, \u00e7iftin Azra ad\u0131n\u0131 verdikleri bebekleri ve annenin sa\u011fl\u0131k durumu hakk\u0131nda bilgiler ald\u0131. Cumhurba\u015fkan\u0131 Erdo\u011fan, Azra bebe\u011fe ve \u00e7iftin 4 ya\u015f\u0131ndaki di\u011fer evlad\u0131 Ayaz\u2019a hay\u0131rl\u0131 ve sa\u011fl\u0131kl\u0131 bir \u00f6m\u00fcr temennisinde bulundu.\u00a0<\/p>\n","protected":false},"excerpt":{"rendered":"<p>Cumhurba\u015fkan\u0131 Erdo\u011fan\u2019dan Mersin K\u0131z Yurdu\u2019nda karantinadayken do\u011fum yapan kad\u0131na tebrik telefonu. Cumhurba\u015fkan\u0131 Recep Tayyip Erdo\u011fan, KKTC\u2019den gelip Mersin K\u0131z Yurdu\u2019nda karantina alt\u0131nda bulunurken do\u011fumunun yakla\u015fmas\u0131 \u00fczerine sevk edildi\u011fi Mersin \u015eehir &hellip; <a href=\"https:\/\/mersinekonomipolitikagazetesi.com\/?p=6331\" class=\"more-link\">Devam\u0131n\u0131 Oku&#8230;<\/a><\/p>\n","protected":false},"author":1,"featured_media":0,"comment_status":"open","ping_status":"open","sticky":false,"template":"","format":"standard","meta":[],"categories":[],"tags":[],"_links":{"self":[{"href":"https:\/\/mersinekonomipolitikagazetesi.com\/index.php?rest_route=\/wp\/v2\/posts\/6331"}],"collection":[{"href":"https:\/\/mersinekonomipolitikagazetesi.com\/index.php?rest_route=\/wp\/v2\/posts"}],"about":[{"href":"https:\/\/mersinekonomipolitikagazetesi.com\/index.php?rest_route=\/wp\/v2\/types\/post"}],"author":[{"embeddable":true,"href":"https:\/\/mersinekonomipolitikagazetesi.com\/index.php?rest_route=\/wp\/v2\/users\/1"}],"replies":[{"embeddable":true,"href":"https:\/\/mersinekonomipolitikagazetesi.com\/index.php?rest_route=%2Fwp%2Fv2%2Fcomments&post=6331"}],"version-history":[{"count":0,"href":"https:\/\/mersinekonomipolitikagazetesi.com\/index.php?rest_route=\/wp\/v2\/posts\/6331\/revisions"}],"wp:attachment":[{"href":"https:\/\/mersinekonomipolitikagazetesi.com\/index.php?rest_route=%2Fwp%2Fv2%2Fmedia&parent=6331"}],"wp:term":[{"taxonomy":"category","embeddable":true,"href":"https:\/\/mersinekonomipolitikagazetesi.com\/index.php?rest_route=%2Fwp%2Fv2%2Fcategories&post=6331"},{"taxonomy":"post_tag","embeddable":true,"href":"https:\/\/mersinekonomipolitikagazetesi.com\/index.php?rest_route=%2Fwp%2Fv2%2Ftags&post=6331"}],"curies":[{"name":"wp","href":"https:\/\/api.w.org\/{rel}","templated":true}]}}