{"id":6332,"date":"2020-11-04T18:26:51","date_gmt":"2020-11-04T15:26:51","guid":{"rendered":"http:\/\/mersinekonomipolitikagazetesi.com\/?p=6332"},"modified":"2020-11-04T18:26:51","modified_gmt":"2020-11-04T15:26:51","slug":"ramazan-bayrami-ikramiyeleri-7-11-nisan-tarihleri-arasinda-verilecek","status":"publish","type":"post","link":"https:\/\/mersinekonomipolitikagazetesi.com\/?p=6332","title":{"rendered":"Ramazan Bayram\u0131 ikramiyeleri 7-11 Nisan tarihleri aras\u0131nda verilecek"},"content":{"rendered":"<p>Aile, \u00c7al\u0131\u015fma ve Sosyal Hizmetler Bakan\u0131 Zehra Z\u00fcmr\u00fct Sel\u00e7uk, &#8220;Emeklilerimizin Ramazan Bayram\u0131 ikramiyelerini 7-11 Nisan tarihleri aras\u0131nda veriyoruz&#8221; dedi.<\/p>\n<p><span style=\"line-height: 1.6em;\">Aile, \u00c7al\u0131\u015fma ve Sosyal Hizmetler Bakan\u0131 Zehra Z\u00fcmr\u00fct Sel\u00e7uk, yakla\u015f\u0131k 12 milyon emeklinin Ramazan Bayram\u0131 ikramiyelerinin 7-11 Nisan tarihleri aras\u0131nda \u00f6denece\u011fini a\u00e7\u0131klad\u0131.\u00a0<\/span><\/p>\n<p>Yeni korona vir\u00fcs tedbirleri kapsam\u0131nda bayram ikramiyesi \u00f6demelerini \u00f6ne \u00e7ektiklerini hat\u0131rlatan Bakan Sel\u00e7uk, \u201cBuna g\u00f6re ikramiyeler 4a (SSK) kapsam\u0131nda olanlara tahsis numaras\u0131n\u0131n son rakam\u0131na g\u00f6re;\u00a0<br \/>\n17, 18, 19 olanlar i\u00e7in 7 Nisan, 20, 21, 22 olanlar i\u00e7in 8 Nisan, 23, 24 olanlar i\u00e7in 9 Nisan, 25, 26 olanlar i\u00e7in 10 Nisan\u2019da, 4b (Ba\u011f-kur) ve (Emekli Sand\u0131\u011f\u0131) kapsam\u0131nda olanlara ise 11 Nisan\u2019da \u00f6denecek\u201d dedi.\u00a0<\/p>\n<p>\u201cYakla\u015f\u0131k 12 milyon emekli ve hak sahibinin bayram ikramiyelerini \u00f6d\u00fcyoruz\u201d\u00a0<br \/>\nBakan Sel\u00e7uk, \u201cBu kapsamda, yakla\u015f\u0131k 12 milyon emekli ve hak sahibinin bayram ikramiyelerini \u00f6d\u00fcyoruz\u201d dedi.\u00a0<br \/>\nKorona vir\u00fcs\u00fcn en fazla ya\u015fl\u0131lar\u0131 etkiledi\u011fini hat\u0131rlatan Bakan Sel\u00e7uk, \u201cCumhurba\u015fkan\u0131m\u0131z Say\u0131n Recep Tayyip Erdo\u011fan\u2019\u0131n a\u00e7\u0131klad\u0131\u011f\u0131 tedbirler kapsam\u0131nda, kamu bankalar\u0131 76 ya\u015f \u00fcst\u00fc ya\u015fl\u0131lar\u0131m\u0131z\u0131n ayl\u0131klar\u0131n\u0131 evinde \u00f6d\u00fcyor. Ayr\u0131ca emekli ayl\u0131\u011f\u0131n\u0131 PTT\u2019den alan 65 ya\u015f \u00fcst\u00fc vatanda\u015flar\u0131m\u0131z\u0131n da istekleri halinde, ikramiyeleri SGK ve PTT aras\u0131ndaki protokol gere\u011fi evlerine teslim ediliyor\u201d ifadelerini kulland\u0131.\u00a0<\/p>\n<p>\u201cEvde kal\u0131n, hizmeti kap\u0131n\u0131za getirelim\u201d\u00a0<br \/>\nEvden \u00e7\u0131kmamalar\u0131 i\u00e7in hizmeti ya\u015fl\u0131lar\u0131n kap\u0131s\u0131na g\u00f6t\u00fcrd\u00fcklerini belirten Sel\u00e7uk, \u201cBiz sizler i\u00e7in gece g\u00fcnd\u00fcz \u00e7al\u0131\u015f\u0131yoruz. Mesafelerimiz sizleri koruyabilmek i\u00e7in. Evde kal\u0131n, hizmeti kap\u0131n\u0131za getirelim. \u2018Hayat eve s\u0131\u011far\u2019 diyerek hep birlikte salg\u0131n\u0131n \u00fcstesinden gelece\u011fimize inan\u0131yorum\u201d dedi.\u00a0<\/p>\n","protected":false},"excerpt":{"rendered":"<p>Aile, \u00c7al\u0131\u015fma ve Sosyal Hizmetler Bakan\u0131 Zehra Z\u00fcmr\u00fct Sel\u00e7uk, &#8220;Emeklilerimizin Ramazan Bayram\u0131 ikramiyelerini 7-11 Nisan tarihleri aras\u0131nda veriyoruz&#8221; dedi. Aile, \u00c7al\u0131\u015fma ve Sosyal Hizmetler Bakan\u0131 Zehra Z\u00fcmr\u00fct Sel\u00e7uk, yakla\u015f\u0131k 12 &hellip; <a href=\"https:\/\/mersinekonomipolitikagazetesi.com\/?p=6332\" class=\"more-link\">Devam\u0131n\u0131 Oku&#8230;<\/a><\/p>\n","protected":false},"author":1,"featured_media":0,"comment_status":"open","ping_status":"open","sticky":false,"template":"","format":"standard","meta":[],"categories":[],"tags":[],"_links":{"self":[{"href":"https:\/\/mersinekonomipolitikagazetesi.com\/index.php?rest_route=\/wp\/v2\/posts\/6332"}],"collection":[{"href":"https:\/\/mersinekonomipolitikagazetesi.com\/index.php?rest_route=\/wp\/v2\/posts"}],"about":[{"href":"https:\/\/mersinekonomipolitikagazetesi.com\/index.php?rest_route=\/wp\/v2\/types\/post"}],"author":[{"embeddable":true,"href":"https:\/\/mersinekonomipolitikagazetesi.com\/index.php?rest_route=\/wp\/v2\/users\/1"}],"replies":[{"embeddable":true,"href":"https:\/\/mersinekonomipolitikagazetesi.com\/index.php?rest_route=%2Fwp%2Fv2%2Fcomments&post=6332"}],"version-history":[{"count":0,"href":"https:\/\/mersinekonomipolitikagazetesi.com\/index.php?rest_route=\/wp\/v2\/posts\/6332\/revisions"}],"wp:attachment":[{"href":"https:\/\/mersinekonomipolitikagazetesi.com\/index.php?rest_route=%2Fwp%2Fv2%2Fmedia&parent=6332"}],"wp:term":[{"taxonomy":"category","embeddable":true,"href":"https:\/\/mersinekonomipolitikagazetesi.com\/index.php?rest_route=%2Fwp%2Fv2%2Fcategories&post=6332"},{"taxonomy":"post_tag","embeddable":true,"href":"https:\/\/mersinekonomipolitikagazetesi.com\/index.php?rest_route=%2Fwp%2Fv2%2Ftags&post=6332"}],"curies":[{"name":"wp","href":"https:\/\/api.w.org\/{rel}","templated":true}]}}