{"id":6338,"date":"2020-11-04T18:26:51","date_gmt":"2020-11-04T15:26:51","guid":{"rendered":"http:\/\/mersinekonomipolitikagazetesi.com\/?p=6338"},"modified":"2020-11-04T18:26:51","modified_gmt":"2020-11-04T15:26:51","slug":"akdeniz-belediyesi-zabitasi-pazar-yerlerinde-3-metre-kuralini-denetledi","status":"publish","type":"post","link":"https:\/\/mersinekonomipolitikagazetesi.com\/?p=6338","title":{"rendered":"Akdeniz Belediyesi zab\u0131tas\u0131 pazar yerlerinde 3 metre kural\u0131n\u0131 denetledi"},"content":{"rendered":"<p><span style=\"line-height: 1.6em;\">Akdeniz Belediyesi Zab\u0131ta M\u00fcd\u00fcrl\u00fc\u011f\u00fc ekipleri, \u0130\u00e7i\u015fleri Bakanl\u0131\u011f\u0131n\u0131n korona vir\u00fcs salg\u0131n\u0131 ile m\u00fccadele kapsam\u0131nda yay\u0131nlad\u0131\u011f\u0131 genelge gere\u011fi, semt pazarlar\u0131nda 3 metre kural\u0131na y\u00f6nelik denetimlerde bulundu.\u00a0<\/span><\/p>\n<p>Al\u0131\u015fveri\u015f pazarlar\u0131nda olu\u015facak yo\u011funlu\u011fu \u00f6nlemek amac\u0131yla, her bir pazar tezg\u00e2h\u0131 aras\u0131nda en az 3 metre mesafe olacak \u015fekilde d\u00fczenlenmesini denetleyen Akdeniz zab\u0131ta ekipleri, ayr\u0131ca pazarc\u0131 esnaf\u0131n\u0131n eldiven ve maske kullan\u0131mlar\u0131n\u0131 da denetliyor, eldiven ve maske kullanmayan esnaflara uyar\u0131lar yap\u0131yor.\u00a0<br \/>\nKorona vir\u00fcs salg\u0131n\u0131n \u00f6nlenmesi ve ki\u015fisel hijyen tedbirlerinin al\u0131nmas\u0131 konusunda, pazara gelen vatanda\u015flar\u0131 da bilgilendiren Akdeniz Zab\u0131ta M\u00fcd\u00fcr\u00fc Ufuk Sivasl\u0131o\u011flu, pazara gelirken eldiven ve maske kullanmalar\u0131n\u0131, sosyal mesafelerini mutlaka korumalar\u0131 y\u00f6n\u00fcnde ikazlarda bulundu. Semt pazarlar\u0131nda al\u0131nan tedbirler ve yap\u0131lan denetimler, vatanda\u015flar ve pazar esnaf\u0131 taraf\u0131ndan tam not ald\u0131.\u00a0<br \/>\nAyr\u0131ca zab\u0131ta ekipleri, al\u0131\u015fveri\u015f pazar\u0131 d\u0131\u015f\u0131nda kurulan seyyar sat\u0131\u015f tezg\u00e2hlar\u0131n\u0131 da kald\u0131rd\u0131.\u00a0<\/p>\n","protected":false},"excerpt":{"rendered":"<p>Akdeniz Belediyesi Zab\u0131ta M\u00fcd\u00fcrl\u00fc\u011f\u00fc ekipleri, \u0130\u00e7i\u015fleri Bakanl\u0131\u011f\u0131n\u0131n korona vir\u00fcs salg\u0131n\u0131 ile m\u00fccadele kapsam\u0131nda yay\u0131nlad\u0131\u011f\u0131 genelge gere\u011fi, semt pazarlar\u0131nda 3 metre kural\u0131na y\u00f6nelik denetimlerde bulundu.\u00a0 Al\u0131\u015fveri\u015f pazarlar\u0131nda olu\u015facak yo\u011funlu\u011fu \u00f6nlemek amac\u0131yla, &hellip; <a href=\"https:\/\/mersinekonomipolitikagazetesi.com\/?p=6338\" class=\"more-link\">Devam\u0131n\u0131 Oku&#8230;<\/a><\/p>\n","protected":false},"author":1,"featured_media":0,"comment_status":"open","ping_status":"open","sticky":false,"template":"","format":"standard","meta":[],"categories":[],"tags":[],"_links":{"self":[{"href":"https:\/\/mersinekonomipolitikagazetesi.com\/index.php?rest_route=\/wp\/v2\/posts\/6338"}],"collection":[{"href":"https:\/\/mersinekonomipolitikagazetesi.com\/index.php?rest_route=\/wp\/v2\/posts"}],"about":[{"href":"https:\/\/mersinekonomipolitikagazetesi.com\/index.php?rest_route=\/wp\/v2\/types\/post"}],"author":[{"embeddable":true,"href":"https:\/\/mersinekonomipolitikagazetesi.com\/index.php?rest_route=\/wp\/v2\/users\/1"}],"replies":[{"embeddable":true,"href":"https:\/\/mersinekonomipolitikagazetesi.com\/index.php?rest_route=%2Fwp%2Fv2%2Fcomments&post=6338"}],"version-history":[{"count":0,"href":"https:\/\/mersinekonomipolitikagazetesi.com\/index.php?rest_route=\/wp\/v2\/posts\/6338\/revisions"}],"wp:attachment":[{"href":"https:\/\/mersinekonomipolitikagazetesi.com\/index.php?rest_route=%2Fwp%2Fv2%2Fmedia&parent=6338"}],"wp:term":[{"taxonomy":"category","embeddable":true,"href":"https:\/\/mersinekonomipolitikagazetesi.com\/index.php?rest_route=%2Fwp%2Fv2%2Fcategories&post=6338"},{"taxonomy":"post_tag","embeddable":true,"href":"https:\/\/mersinekonomipolitikagazetesi.com\/index.php?rest_route=%2Fwp%2Fv2%2Ftags&post=6338"}],"curies":[{"name":"wp","href":"https:\/\/api.w.org\/{rel}","templated":true}]}}