{"id":6339,"date":"2020-11-04T18:26:51","date_gmt":"2020-11-04T15:26:51","guid":{"rendered":"http:\/\/mersinekonomipolitikagazetesi.com\/?p=6339"},"modified":"2020-11-04T18:26:51","modified_gmt":"2020-11-04T15:26:51","slug":"mersin-il-umumi-hifzissihha-kurulundan-korona-virus-kararlari","status":"publish","type":"post","link":"https:\/\/mersinekonomipolitikagazetesi.com\/?p=6339","title":{"rendered":"Mersin \u0130l Umumi H\u0131fz\u0131ss\u0131hha Kurulu&#8217;ndan korona vir\u00fcs kararlar\u0131"},"content":{"rendered":"<p><span style=\"line-height: 1.6em;\">\u00a0Mersin \u0130l Umumi H\u0131fz\u0131ss\u0131hha Kurulu&#8217;nun, Vali Yard\u0131mc\u0131s\u0131 \u0130brahim K\u00fc\u00e7\u00fck ba\u015fkanl\u0131\u011f\u0131nda toplanarak korona vir\u00fcs tedbirleri kapsam\u0131nda bir dizi kararlar ald\u0131\u011f\u0131 bildirildi.\u00a0<\/span><\/p>\n<p>Mersin Valili\u011fi&#8217;nin resmi internet sitesinde yer alan bilgilere g\u00f6re, devletin, t\u00fcm kurumlar\u0131 ile bu salg\u0131n\u0131n yay\u0131lmas\u0131 ve vatanda\u015flar\u0131n hayatlar\u0131n\u0131 tehdit etmesini engellemek i\u00e7in umuma a\u00e7\u0131k yerlerin faaliyetlerinin durdurulmas\u0131, t\u00fcm kamu kurum ve kurulu\u015flar\u0131 ile dernek ve vak\u0131flar\u0131n toplant\u0131lar\u0131n\u0131n, hizmet i\u00e7i faaliyetlerinin ge\u00e7ici s\u00fcreli\u011fine ertelenmesi ba\u015fta olmak \u00fczere bir \u00e7ok tedbir ald\u0131\u011f\u0131 hat\u0131rlat\u0131ld\u0131.\u00a0<br \/>\nYa\u015fanan salg\u0131n\u0131n biran \u00f6nce engellenmesi, vatanda\u015flar\u0131n sa\u011fl\u0131k g\u00fcvenli\u011finin korunmas\u0131 amac\u0131yla baz\u0131 ilave tedbirlerin al\u0131nmas\u0131 gereklili\u011finin ortaya \u00e7\u0131kt\u0131\u011f\u0131 ifade edilen a\u00e7\u0131klamada, al\u0131nan tedbirler \u015f\u00f6yle s\u0131raland\u0131; &#8220;\u0130\u00e7i\u015fleri Bakanl\u0131\u011f\u0131n\u0131n genelgesi ile toplu ta\u015f\u0131ma ara\u00e7lar\u0131na s\u0131n\u0131rland\u0131rma getirilerek yolcu kapasitesinin y\u00fczde 50&#8217;si kadar yolcu ta\u015f\u0131yabilme kural\u0131 getirilmi\u015f, personel servislerinin bu s\u0131n\u0131rlamadan istisna oldu\u011fu belirtilmi\u015fti. Ancak g\u00f6r\u00fclen l\u00fczum \u00fczerine, personel ve i\u015f\u00e7i servislerinin de ruhsatlar\u0131nda yazan yolcu kapasitelerinin y\u00fczde 50&#8217;si oran\u0131nda yolcu ta\u015f\u0131malar\u0131na, istisna uygulamas\u0131n\u0131n sonland\u0131r\u0131lmas\u0131na karar verilmi\u015ftir.&#8221;\u00a0<br \/>\nKurulun, pazar yerleriyle ilgili ald\u0131\u011f\u0131 kararlar ise \u015f\u00f6yle; &#8220;Vatanda\u015flar\u0131n sebze, meyve, tah\u0131l, bakliyat, temizlik malzemesi gibi temel g\u0131da maddelerinin kar\u015f\u0131land\u0131\u011f\u0131 pazarlarda, giyim, oyuncak gibi zaruri olmayan ihtiya\u00e7 maddelerinin sat\u0131\u015f\u0131na izin verilmeyecektir. Ayr\u0131ca kamuoyunda &#8216;sosyete pazar\u0131&#8217; olarak adland\u0131r\u0131lan yerler ba\u015fta olmak \u00fczere sergi ve tezgahlarda, giyim, oyuncak, s\u00fcs e\u015fyas\u0131, \u00e7anta gibi zaruri olmayan ihtiya\u00e7 maddelerinin sat\u0131\u015f\u0131n\u0131n yap\u0131ld\u0131\u011f\u0131 t\u00fcm pazarlar\u0131n faaliyetleri 27 Mart saat 17.00 itibariyle ge\u00e7ici olarak durdurulmu\u015ftur. Temel g\u0131da, temizlik maddelerinin sat\u0131\u015f\u0131n\u0131n yap\u0131ld\u0131\u011f\u0131 pazarlarda, valilik ve kaymakaml\u0131klarca belediyeler ile i\u015fbirli\u011fi i\u00e7inde, yo\u011funlu\u011fun olu\u015fturaca\u011f\u0131 temaslar nedeniyle vir\u00fcs\u00fcn bula\u015fmas\u0131n\u0131 engellemek amac\u0131yla vatanda\u015flar\u0131n temel g\u0131da\/temizlik maddelerine eri\u015fimini engellemeden, pazar yerleri ve g\u00fcnlerine ili\u015fkin olarak alternatifler \u00fcretilerek tedbirler planlanabilecektir. \u0130limiz ve il\u00e7elerde ya\u015fayan vatanda\u015flar\u0131n temel g\u0131da\/temizlik maddelerinin kar\u015f\u0131lanmas\u0131 i\u00e7in mevcut pazarlardaki yo\u011funluk g\u00f6z \u00f6n\u00fcnde tutularak ihtiyaca g\u00f6re pazar sat\u0131\u015f yerleri belirlenebilecektir. Pazarlara ili\u015fkin al\u0131nacak tedbirler kapsam\u0131nda vatanda\u015flar\u0131n temel g\u0131da\/temizlik maddelerine eri\u015fiminde belediyeler taraf\u0131ndan do\u011frudan hizmetin sunumu ba\u015fta olmak \u00fczere tedbirler al\u0131nabilecektir. Mevcut pazar yerlerinde ve yo\u011funlu\u011fu da\u011f\u0131tmak i\u00e7in belirlenen yeni pazar yerlerinde her bir sat\u0131 yeri (tezgah) aras\u0131nda en az 3 metre mesafe olacak \u015fekilde yerler d\u00fczenlenecektir. Bu ama\u00e7la mevcut pazar yerlerinin geli\u015ftirilmesi, yeni sat\u0131\u015f yerlerinin belirlenmesi, gerek g\u00f6r\u00fcld\u00fc\u011f\u00fcnde ge\u00e7ici s\u00fcreli\u011fine zaruri olmayan ihtiya\u00e7 maddelerinin sat\u0131\u015f\u0131n\u0131n yap\u0131ld\u0131\u011f\u0131 pazar yerlerinin bu ama\u00e7la tahsis edilmesi tedbirlerinin biri veya hepsi birlikte kullan\u0131lacakt\u0131r. Pazar yerlerinde ambalajs\u0131z sat\u0131lan ya\u015f sebze ve meyvelerin t\u00fcketicilerce temas edilmeden, do\u011frudan pazarc\u0131 esnaf\u0131 taraf\u0131ndan hijyen ko\u015fullar\u0131na dikkat edilerek po\u015fetlenmesi \u015feklinde sat\u0131\u015f\u0131n\u0131n yap\u0131lmas\u0131 sa\u011flanacakt\u0131r. Bu husus zab\u0131ta ekiplerince kontrol edilecektir. Pazarc\u0131 esnaf\u0131 ki\u015fisel hijyen kurallar\u0131na uymas\u0131 konusunda uyar\u0131larak koruyucu \u00f6nlemleri almas\u0131 sa\u011flanacak, bu husus belediye zab\u0131ta ekipleri ve ilgili esnaf odalar\u0131 taraf\u0131ndan denetlenecektir. Belediyelerce pazar yerlerinde \u00e7\u00f6p toplama, hijyen ve dezenfeksiyon hususunda gerekli tedbirleri alacakt\u0131r. Pazar sat\u0131\u015f yerleri en ge\u00e7 saat 19.00&#8217;a kadar faaliyet y\u00fcr\u00fctebilecek, buna y\u00f6nelik tebligatlar pazar esnaf\u0131na yap\u0131lacakt\u0131r. Pazar sat\u0131\u015f yerlerinde belediyeler, pazar esnaf\u0131 ve vatanda\u015flar i\u00e7in el dezenfektan\u0131 konusunda destek olacaklard\u0131r.&#8221;\u00a0<\/p>\n","protected":false},"excerpt":{"rendered":"<p>\u00a0Mersin \u0130l Umumi H\u0131fz\u0131ss\u0131hha Kurulu&#8217;nun, Vali Yard\u0131mc\u0131s\u0131 \u0130brahim K\u00fc\u00e7\u00fck ba\u015fkanl\u0131\u011f\u0131nda toplanarak korona vir\u00fcs tedbirleri kapsam\u0131nda bir dizi kararlar ald\u0131\u011f\u0131 bildirildi.\u00a0 Mersin Valili\u011fi&#8217;nin resmi internet sitesinde yer alan bilgilere g\u00f6re, devletin, &hellip; <a href=\"https:\/\/mersinekonomipolitikagazetesi.com\/?p=6339\" class=\"more-link\">Devam\u0131n\u0131 Oku&#8230;<\/a><\/p>\n","protected":false},"author":1,"featured_media":0,"comment_status":"open","ping_status":"open","sticky":false,"template":"","format":"standard","meta":[],"categories":[],"tags":[],"_links":{"self":[{"href":"https:\/\/mersinekonomipolitikagazetesi.com\/index.php?rest_route=\/wp\/v2\/posts\/6339"}],"collection":[{"href":"https:\/\/mersinekonomipolitikagazetesi.com\/index.php?rest_route=\/wp\/v2\/posts"}],"about":[{"href":"https:\/\/mersinekonomipolitikagazetesi.com\/index.php?rest_route=\/wp\/v2\/types\/post"}],"author":[{"embeddable":true,"href":"https:\/\/mersinekonomipolitikagazetesi.com\/index.php?rest_route=\/wp\/v2\/users\/1"}],"replies":[{"embeddable":true,"href":"https:\/\/mersinekonomipolitikagazetesi.com\/index.php?rest_route=%2Fwp%2Fv2%2Fcomments&post=6339"}],"version-history":[{"count":0,"href":"https:\/\/mersinekonomipolitikagazetesi.com\/index.php?rest_route=\/wp\/v2\/posts\/6339\/revisions"}],"wp:attachment":[{"href":"https:\/\/mersinekonomipolitikagazetesi.com\/index.php?rest_route=%2Fwp%2Fv2%2Fmedia&parent=6339"}],"wp:term":[{"taxonomy":"category","embeddable":true,"href":"https:\/\/mersinekonomipolitikagazetesi.com\/index.php?rest_route=%2Fwp%2Fv2%2Fcategories&post=6339"},{"taxonomy":"post_tag","embeddable":true,"href":"https:\/\/mersinekonomipolitikagazetesi.com\/index.php?rest_route=%2Fwp%2Fv2%2Ftags&post=6339"}],"curies":[{"name":"wp","href":"https:\/\/api.w.org\/{rel}","templated":true}]}}