{"id":6340,"date":"2020-11-04T18:26:51","date_gmt":"2020-11-04T15:26:51","guid":{"rendered":"http:\/\/mersinekonomipolitikagazetesi.com\/?p=6340"},"modified":"2020-11-04T18:26:51","modified_gmt":"2020-11-04T15:26:51","slug":"basin-mensuplarina-kovid-19-rehberi-roportajda-maske-ve-eldiven-sart","status":"publish","type":"post","link":"https:\/\/mersinekonomipolitikagazetesi.com\/?p=6340","title":{"rendered":"BASIN MENSUPLARINA KOV\u0130D-19 REHBER\u0130  R\u00d6PORTAJDA MASKE VE ELD\u0130VEN \u015eART"},"content":{"rendered":"<p><span style=\"line-height: 1.6em;\">\u00a0<\/span><\/p>\n<p>\u0130leti\u015fim Ba\u015fkanl\u0131\u011f\u0131 d\u00fcnyay\u0131 ve T\u00fcrkiye\u2019yi etkisi alt\u0131na alan Kovid-19\u2019a kar\u015f\u0131, \u201cMedya Mensuplar\u0131n\u0131n G\u00f6revleri S\u0131ras\u0131nda Kovid-19\u2019a Kar\u015f\u0131 Dikkat Etmesi Gereken Hususlar\u201d ba\u015fl\u0131kl\u0131 rehber yay\u0131nlad\u0131.<br \/>\n\u00a0<br \/>\nT\u00fcrkiye ve d\u00fcnyada etkisini artt\u0131ran Kovid-19\u2019a kar\u015f\u0131 sahada ve g\u00f6revi ba\u015f\u0131nda bulunan bas\u0131n \u00e7al\u0131\u015fanlar\u0131na y\u00f6nelik \u0130leti\u015fim Ba\u015fkanl\u0131\u011f\u0131 \u201cMedya Mensuplar\u0131n\u0131n G\u00f6revleri S\u0131ras\u0131nda Kovid-19\u2019a Kar\u015f\u0131 Dikkat Etmesi Gereken Hususlar\u201d ba\u015fl\u0131kl\u0131 rehber yay\u0131nlad\u0131.<\/p>\n<p>Buna g\u00f6re \u0130leti\u015fim Ba\u015fkanl\u0131\u011f\u0131 bas\u0131n mensuplar\u0131n\u0131n g\u00f6reve gidecekleri ara\u00e7lar\u0131n i\u00e7 temizli\u011fine dikkat edilmesi gerekti\u011fine ve \u00a0ara\u00e7lar\u0131n g\u00f6rev \u00f6ncesi ve sonras\u0131nda m\u00fcmk\u00fcn olan en kapsaml\u0131 \u015fekilde dezenfekte edilmesi gerekti\u011fini vurgulad\u0131. Ba\u015fkanl\u0131k, \u201cAra\u00e7 i\u00e7erisinde klima a\u00e7\u0131lmamal\u0131, arac\u0131n havaland\u0131r\u0131lmas\u0131 camlar a\u00e7\u0131larak yap\u0131lmal\u0131. Ara\u00e7ta en fazla 3 ki\u015fi seyahat etmeli, arac\u0131n b\u00fcy\u00fckl\u00fc\u011f\u00fcne g\u00f6re seyahat edecek ki\u015fi say\u0131s\u0131 belirlenmeli.\u201d ifadeleri kullan\u0131ld\u0131.<\/p>\n<p>\u201cMikrofon ve ses kay\u0131t cihazlar\u0131 s\u0131k s\u0131k temizlenmeli.\u201d<\/p>\n<p>Bas\u0131n \u00e7al\u0131\u015fanlar\u0131na ait binalarda da dezenfekte \u00e7al\u0131\u015fmas\u0131n\u0131n y\u00fcr\u00fct\u00fclmesi gerekti\u011fini vurgulayan \u0130leti\u015fim Ba\u015fkanl\u0131\u011f\u0131, \u201cBas\u0131n binalar\u0131ndaki asans\u00f6rlerin temizli\u011fi ve dezenfektesi s\u0131k s\u0131k tekrarlanmal\u0131. \u00a0Asans\u00f6rler m\u00fcmk\u00fcnse kullan\u0131lmamal\u0131. Bakterilerin \u00e7ok s\u0131k g\u00f6r\u00fcld\u00fc\u011f\u00fc cep telefonu, tablet ve laptop gibi elektronik cihazlar\u0131n temizli\u011fi s\u0131k s\u0131k ve antibakteriyel jel ya da bezlerle yap\u0131lmal\u0131. Mikrofon ve ses kay\u0131t cihazlar\u0131 s\u0131k s\u0131k temizlenmeli. Mikrofonlar\u0131n s\u00fcngerleri sabunlu suyla y\u0131kanmal\u0131, metal y\u00fczeyleri dezenfekte edilmeli. Bu cihazlar\u0131n r\u00f6portaj yap\u0131lacak ki\u015fiyle temas\u0131 \u00f6nlenmeli. Kullan\u0131lan ekipmanlar\u0131n farkl\u0131 yerlerle temas\u0131 \u00a0 engellenmeli. Bas\u0131n o\ufb01slerindeki bilgisayar ve montaj masas\u0131 gibi ortak kullan\u0131m\u0131 gerektiren cihazlar eldivenlerle kullan\u0131lmal\u0131. Klavye ve fareler dezenfekte edilmeli.\u201d denildi.<\/p>\n<p>\u00a0\u201cMaskesiz ve eldivensiz \u00a0r\u00f6portaj yap\u0131lmamal\u0131\u201d<\/p>\n<p>\u00a0Bas\u0131n mensuplar\u0131n\u0131n yap\u0131lacak g\u00f6r\u00fc\u015fmeleri \u00f6zellikle salg\u0131n hastal\u0131k uzmanlar\u0131 hastalarla temas edebildiklerinden, bu uzmanlarla y\u00fcz y\u00fcze de\u011fil telefon ya da video konferans yoluyla g\u00f6r\u00fc\u015f al\u0131nmal\u0131 ifadelerini kullanan \u0130leti\u015fim Ba\u015fkanl\u0131\u011f\u0131, \u201cY\u00fcz y\u00fcze yap\u0131lmas\u0131 gereken r\u00f6portajlarda, muhabir, fotomuhabiri veya kameraman eldiven, maske, bone, y\u00fcz siperli\u011fi kullanmal\u0131. Her r\u00f6portaj ve g\u00f6r\u00fc\u015fmede eldiven ve maske de\u011fi\u015ftirilmeli. M\u00fcmk\u00fcn olduk\u00e7a b\u00fcrolardan \u00e7al\u0131\u015fma modeli yerine evden \u00e7al\u0131\u015fma \u00a0modeli uygulanmal\u0131. B\u00fcrolarda \u00e7al\u0131\u015fmaya devam edilecekse, g\u00f6reve giderken kullan\u0131lan maske, eldiven, bone gibi koruyucu ekipmanlar binaya girmeden \u00e7\u00f6pe at\u0131lmal\u0131, bina giri\u015flerinde dezenfektan ile temizlenilmeli. Sokak r\u00f6portajlar\u0131nda ki\u015fisel hijyene \u00f6nem verilmeli, maskesiz ve eldivensiz r\u00f6portaj yap\u0131lmamal\u0131. Sokak r\u00f6portaj\u0131 ve anonslar\u0131 geni\u015f alanlarda yap\u0131lmal\u0131. R\u00f6portaj yap\u0131lan ki\u015fi ile muhabir ve kameraman aras\u0131nda gerekli mesafe olmas\u0131 sa\u011flanmal\u0131. Mikrofon ve ses kay\u0131t cihaz\u0131 uzatma \u00e7ubu\u011fu ya da stand ile kullan\u0131lmal\u0131.\u201d diye a\u00e7\u0131kland\u0131.<\/p>\n<p>\u201cYak\u0131n \u00e7al\u0131\u015fma durumlar\u0131ndan bu d\u00f6nemde uzak durmal\u0131.\u201d<\/p>\n<p>Saha g\u00f6revlerinde gerekmedik\u00e7e el temas\u0131nda bulunulmamas\u0131n\u0131 \u00e7evreye dokan\u0131lmamas\u0131 gerekti\u011fini vurgulayan \u0130leti\u015fim Ba\u015fkanl\u0131\u011f\u0131, \u201cHastane ve karantina b\u00f6lgelerinden m\u00fcmk\u00fcn olduk\u00e7a yay\u0131n yap\u0131lmamal\u0131. \u015eayet yap\u0131lacaksa hastalara, karantina alt\u0131ndakilere ve \u00a0g\u00f6revlilere yakla\u015fmamaya \u00f6zen g\u00f6sterilmeli. R\u00f6portajlar, m\u00fclakatlar birka\u00e7 dakika ile s\u0131n\u0131rl\u0131 tutulmal\u0131. Muhataba sorulacak sorular \u00f6nceden haz\u0131rlanarak, g\u00f6r\u00fc\u015fmenin h\u0131zl\u0131 sonu\u00e7land\u0131r\u0131lmas\u0131 sa\u011flanmal\u0131. G\u00f6r\u00fc\u015fme bitiminde araca ya da b\u00fcroya ge\u00e7meden eldiven, maske, bone ve y\u00fcz siperli\u011fi \u00e7\u00f6pe at\u0131lmal\u0131, el ve y\u00fcz temizli\u011fi sa\u011flanmal\u0131. Kendisinde koronavir\u00fcs belirtilerini hisseden bas\u0131n mensubu ilk olarak kendisini \u00e7evresinden izole etmeli ve zaman kaybetmeden sa\u011fl\u0131k birimlerine haber vermeli. Kameraman ve foto muhabirleri, normal zamanlardaki g\u00f6r\u00fcnt\u00fc alma u\u011fra\u015flar\u0131nda sergiledikleri yak\u0131n \u00e7al\u0131\u015fma durumlar\u0131ndan bu d\u00f6nemde uzak durmal\u0131.\u201d ifadelerine yer verildi.<\/p>\n<p>\u201c\u00c7al\u0131\u015fma masalar\u0131 aras\u0131ndaki mesafe en az 1 metre olarak ayarlanmal\u0131\u201d<\/p>\n<p>Kovid-19 salg\u0131n\u0131n\u0131n bu d\u00f6nemlerinde bas\u0131n toplant\u0131lar\u0131nda bas\u0131n mensuplar\u0131 ve di\u011fer kat\u0131l\u0131mc\u0131lar\u0131n mesafe kurallar\u0131na uygun oturmas\u0131 gerekti\u011fini ve ki\u015filer aras\u0131nda en az bir sandalye bo\u015f b\u0131rak\u0131lmas\u0131na \u00f6zen g\u00f6sterilmesi \u00e7a\u011fr\u0131s\u0131nda bulunan \u0130leti\u015fim Ba\u015fkanl\u0131\u011f\u0131, \u201cD\u00f6n\u00fc\u015f\u00fcml\u00fc olarak g\u00f6rev yapan kameramanlar\u0131n kulland\u0131\u011f\u0131 cihazlar\u0131 sadece kendilerinin kullanmas\u0131na \u00f6zen g\u00f6sterilmeli. Kamera ve foto\u011fraf makinalar\u0131n\u0131n farkl\u0131 ki\u015filerce kullan\u0131lma zorunlulu\u011fu varsa bu cihazlar iyice dezenfekte edilerek g\u00f6reve gidilmeli. Bas\u0131n b\u00fcrolar\u0131ndaki \u00e7al\u0131\u015fma masalar\u0131 aras\u0131ndaki mesafe en az 1 metre olarak ayarlanmal\u0131. B\u00fcrolar\u0131n dezenfekte edilmesi ve havaland\u0131r\u0131lmas\u0131 s\u0131k s\u0131k tekrarlanmal\u0131. Yemek ve i\u00e7ecek konusunda dikkatli ve \u00f6zenli davranmal\u0131. Tek kullan\u0131ml\u0131k bardak, tabak, ka\u015f\u0131k-\u00e7atal-b\u0131\u00e7ak tercih edilmeli. St\u00fcdyo ortam\u0131nda \u00e7al\u0131\u015fan sunucu ve di\u011fer g\u00f6revliler birbiriyle yak\u0131n temas kurmamal\u0131, konuklu yay\u0131nlarda ki\u015filer aras\u0131nda 1 metre mesafe kural\u0131na \u00f6zen g\u00f6sterilmeli.\u201d denildi.<\/p>\n<p>\u00a0\u201cEvden \u00e7al\u0131\u015fmas\u0131na imkan tan\u0131nmal\u0131\u201d<\/p>\n<p>Bas\u0131n mensuplar\u0131n\u0131n, g\u00f6rev bitiminde evine ge\u00e7erken de dezenfekte kurallar\u0131na uygun hareket etmesi gerekti\u011fine de\u011finen \u0130leti\u015fim Ba\u015fkanl\u0131\u011f\u0131, \u201cEller sabunla s\u0131k s\u0131k y\u0131kanmal\u0131. \u0130\u015fte giyilen k\u0131yafetler y\u00fcksek derecede y\u0131kanmal\u0131. Yurt d\u0131\u015f\u0131ndan yeni d\u00f6nm\u00fc\u015f bas\u0131n mensuplar\u0131 14 g\u00fcnl\u00fck karantina kural\u0131n\u0131 kesintisiz ve dikkatli \u015fekilde uygulamal\u0131. Kronik hastal\u0131\u011f\u0131 olan bas\u0131n mensuplar\u0131na evden \u00e7al\u0131\u015fmas\u0131na imkan tan\u0131nmal\u0131. Bu ki\u015filerin kulland\u0131klar\u0131 ila\u00e7lar tespit edilerek, yak\u0131n bir \u00e7al\u0131\u015fma arkada\u015f\u0131 bu ila\u00e7lar hakk\u0131nda bilgilendirilmeli. Bas\u0131n mensuplar\u0131 bu s\u00fcre\u00e7te beslenmelerine ve s\u0131v\u0131 t\u00fcketimine dikkat etmeli. Evden \u00e7al\u0131\u015fma modeli benimseyen bas\u0131n mensuplar\u0131 uyku d\u00fczenlerine dikkat etmeli. Egzersizin ba\u011f\u0131\u015f\u0131kl\u0131k sistemini g\u00fc\u00e7lendirdi\u011fini g\u00f6z ard\u0131 etmeden, evden yapabilecekleri egzersizleri yapmaya \u00f6zen g\u00f6stermeli.\u201d ifadeleri kullan\u0131ld\u0131.<\/p>\n","protected":false},"excerpt":{"rendered":"<p>\u00a0 \u0130leti\u015fim Ba\u015fkanl\u0131\u011f\u0131 d\u00fcnyay\u0131 ve T\u00fcrkiye\u2019yi etkisi alt\u0131na alan Kovid-19\u2019a kar\u015f\u0131, \u201cMedya Mensuplar\u0131n\u0131n G\u00f6revleri S\u0131ras\u0131nda Kovid-19\u2019a Kar\u015f\u0131 Dikkat Etmesi Gereken Hususlar\u201d ba\u015fl\u0131kl\u0131 rehber yay\u0131nlad\u0131. \u00a0 T\u00fcrkiye ve d\u00fcnyada etkisini artt\u0131ran &hellip; <a href=\"https:\/\/mersinekonomipolitikagazetesi.com\/?p=6340\" class=\"more-link\">Devam\u0131n\u0131 Oku&#8230;<\/a><\/p>\n","protected":false},"author":1,"featured_media":0,"comment_status":"open","ping_status":"open","sticky":false,"template":"","format":"standard","meta":[],"categories":[],"tags":[],"_links":{"self":[{"href":"https:\/\/mersinekonomipolitikagazetesi.com\/index.php?rest_route=\/wp\/v2\/posts\/6340"}],"collection":[{"href":"https:\/\/mersinekonomipolitikagazetesi.com\/index.php?rest_route=\/wp\/v2\/posts"}],"about":[{"href":"https:\/\/mersinekonomipolitikagazetesi.com\/index.php?rest_route=\/wp\/v2\/types\/post"}],"author":[{"embeddable":true,"href":"https:\/\/mersinekonomipolitikagazetesi.com\/index.php?rest_route=\/wp\/v2\/users\/1"}],"replies":[{"embeddable":true,"href":"https:\/\/mersinekonomipolitikagazetesi.com\/index.php?rest_route=%2Fwp%2Fv2%2Fcomments&post=6340"}],"version-history":[{"count":0,"href":"https:\/\/mersinekonomipolitikagazetesi.com\/index.php?rest_route=\/wp\/v2\/posts\/6340\/revisions"}],"wp:attachment":[{"href":"https:\/\/mersinekonomipolitikagazetesi.com\/index.php?rest_route=%2Fwp%2Fv2%2Fmedia&parent=6340"}],"wp:term":[{"taxonomy":"category","embeddable":true,"href":"https:\/\/mersinekonomipolitikagazetesi.com\/index.php?rest_route=%2Fwp%2Fv2%2Fcategories&post=6340"},{"taxonomy":"post_tag","embeddable":true,"href":"https:\/\/mersinekonomipolitikagazetesi.com\/index.php?rest_route=%2Fwp%2Fv2%2Ftags&post=6340"}],"curies":[{"name":"wp","href":"https:\/\/api.w.org\/{rel}","templated":true}]}}