{"id":6343,"date":"2020-11-04T18:26:51","date_gmt":"2020-11-04T15:26:51","guid":{"rendered":"http:\/\/mersinekonomipolitikagazetesi.com\/?p=6343"},"modified":"2020-11-04T18:26:51","modified_gmt":"2020-11-04T15:26:51","slug":"dogu-akdenizde-saganak-yagis-bekleniyor","status":"publish","type":"post","link":"https:\/\/mersinekonomipolitikagazetesi.com\/?p=6343","title":{"rendered":"Do\u011fu Akdeniz\u2019de sa\u011fanak ya\u011f\u0131\u015f bekleniyor"},"content":{"rendered":"<p><span style=\"line-height: 1.6em;\">Yurdun genelinin par\u00e7al\u0131 ve \u00e7ok bulutlu, Akdeniz, Bat\u0131 Karadeniz&#8217;in bat\u0131s\u0131, Do\u011fu Karadeniz, \u0130\u00e7 Anadolu\u2019nun g\u00fcneydo\u011fusu, Do\u011fu Anadolu&#8217;nun kuzey ve do\u011fusu, G\u00fcneydo\u011fu Anadolu\u2019nun do\u011fusu ile Sakarya, Bilecik, Ayd\u0131n, Mu\u011fla, Denizli, Kastamonu, Sivas ve Elaz\u0131\u011f \u00e7evrelerinin ya\u011f\u0131\u015fl\u0131 ge\u00e7ece\u011fi tahmin ediliyor. Ya\u011f\u0131\u015flar\u0131n genellikle ya\u011fmur ve sa\u011fanak, Do\u011fu Akdeniz\u2019de g\u00f6k g\u00fcr\u00fclt\u00fcl\u00fc sa\u011fanak, Sivas, Erzurum, Kars, A\u011fr\u0131, Mu\u015f, Bitlis ve Hakk\u00e2ri \u00e7evrelerinde karla kar\u0131\u015f\u0131k ya\u011fmur ve yer yer kar \u015feklinde olmas\u0131 bekleniyor.\u00a0<\/span><\/p>\n<p>Meteoroloji Genel M\u00fcd\u00fcrl\u00fc\u011f\u00fcnden al\u0131nan tahminlere g\u00f6re, hava s\u0131cakl\u0131\u011f\u0131 bat\u0131 kesimlerde 2 ila 5 derece artacak, di\u011fer yerlerde \u00f6nemli bir de\u011fi\u015fiklik olmayacak. R\u00fczgar, genellikle kuzeyli, Marmara, Akdeniz k\u0131y\u0131lar\u0131 ve G\u00fcneydo\u011fu Anadolu&#8217;da g\u00fcneyli y\u00f6nlerden hafif, ara s\u0131ra orta kuvvette esecek. Baz\u0131 illerde beklenen hava durumuyla g\u00fcn\u00fcn en y\u00fcksek s\u0131cakl\u0131klar\u0131 ise \u015f\u00f6yle:\u00a0<br \/>\nAnkara: \u00c7ok bulutlu, zamanla par\u00e7al\u0131 bulutlu 12\u00a0<br \/>\n\u0130stanbul: Par\u00e7al\u0131 ve az bulutlu 15\u00a0<br \/>\n\u0130zmir: Par\u00e7al\u0131 ve az bulutlu 20\u00a0<br \/>\nAdana: \u00c7ok bulutlu, sabah saatlerinde sa\u011fanak ve yer yer g\u00f6k g\u00fcr\u00fclt\u00fcl\u00fc sa\u011fanak ya\u011f\u0131\u015fl\u0131 20\u00a0<br \/>\nAntalya: Par\u00e7al\u0131 ve \u00e7ok bulutlu, ak\u015fam saatlerinde sa\u011fanak ya\u011f\u0131\u015fl\u0131 19\u00a0<br \/>\nSamsun: Par\u00e7al\u0131 ve \u00e7ok bulutlu 13\u00a0<br \/>\nTrabzon: \u00c7ok bulutlu, sa\u011fanak ya\u011f\u0131\u015fl\u0131 11\u00a0<br \/>\nErzurum: \u00c7ok bulutlu, karla kar\u0131\u015f\u0131k ya\u011fmur ve yer yer kar ya\u011f\u0131\u015fl\u0131 4\u00a0<br \/>\nDiyarbak\u0131r: \u00c7ok bulutlu, sabah ve \u00f6\u011fle saatlerinde ya\u011fmurlu 15\u00a0<\/p>\n","protected":false},"excerpt":{"rendered":"<p>Yurdun genelinin par\u00e7al\u0131 ve \u00e7ok bulutlu, Akdeniz, Bat\u0131 Karadeniz&#8217;in bat\u0131s\u0131, Do\u011fu Karadeniz, \u0130\u00e7 Anadolu\u2019nun g\u00fcneydo\u011fusu, Do\u011fu Anadolu&#8217;nun kuzey ve do\u011fusu, G\u00fcneydo\u011fu Anadolu\u2019nun do\u011fusu ile Sakarya, Bilecik, Ayd\u0131n, Mu\u011fla, Denizli, Kastamonu, &hellip; <a href=\"https:\/\/mersinekonomipolitikagazetesi.com\/?p=6343\" class=\"more-link\">Devam\u0131n\u0131 Oku&#8230;<\/a><\/p>\n","protected":false},"author":1,"featured_media":0,"comment_status":"open","ping_status":"open","sticky":false,"template":"","format":"standard","meta":[],"categories":[],"tags":[],"_links":{"self":[{"href":"https:\/\/mersinekonomipolitikagazetesi.com\/index.php?rest_route=\/wp\/v2\/posts\/6343"}],"collection":[{"href":"https:\/\/mersinekonomipolitikagazetesi.com\/index.php?rest_route=\/wp\/v2\/posts"}],"about":[{"href":"https:\/\/mersinekonomipolitikagazetesi.com\/index.php?rest_route=\/wp\/v2\/types\/post"}],"author":[{"embeddable":true,"href":"https:\/\/mersinekonomipolitikagazetesi.com\/index.php?rest_route=\/wp\/v2\/users\/1"}],"replies":[{"embeddable":true,"href":"https:\/\/mersinekonomipolitikagazetesi.com\/index.php?rest_route=%2Fwp%2Fv2%2Fcomments&post=6343"}],"version-history":[{"count":0,"href":"https:\/\/mersinekonomipolitikagazetesi.com\/index.php?rest_route=\/wp\/v2\/posts\/6343\/revisions"}],"wp:attachment":[{"href":"https:\/\/mersinekonomipolitikagazetesi.com\/index.php?rest_route=%2Fwp%2Fv2%2Fmedia&parent=6343"}],"wp:term":[{"taxonomy":"category","embeddable":true,"href":"https:\/\/mersinekonomipolitikagazetesi.com\/index.php?rest_route=%2Fwp%2Fv2%2Fcategories&post=6343"},{"taxonomy":"post_tag","embeddable":true,"href":"https:\/\/mersinekonomipolitikagazetesi.com\/index.php?rest_route=%2Fwp%2Fv2%2Ftags&post=6343"}],"curies":[{"name":"wp","href":"https:\/\/api.w.org\/{rel}","templated":true}]}}