{"id":6351,"date":"2020-11-04T18:26:52","date_gmt":"2020-11-04T15:26:52","guid":{"rendered":"http:\/\/mersinekonomipolitikagazetesi.com\/?p=6351"},"modified":"2020-11-04T18:26:52","modified_gmt":"2020-11-04T15:26:52","slug":"erdemli-belediyesinden-evde-kal-uyarisi","status":"publish","type":"post","link":"https:\/\/mersinekonomipolitikagazetesi.com\/?p=6351","title":{"rendered":"Erdemli Belediyesinden &#8216;evde kal&#8217; uyar\u0131s\u0131"},"content":{"rendered":"<p><span style=\"line-height: 1.6em;\">Erdemli Belediyesi zab\u0131ta ekipleri, d\u00fcnyay\u0131 etkisi alt\u0131na alan korona vir\u00fcs salg\u0131n\u0131 nedeniyle Sa\u011fl\u0131k Bakanl\u0131\u011f\u0131n\u0131n vatanda\u015flara mecbur kal\u0131nmad\u0131k\u00e7a d\u0131\u015far\u0131ya \u00e7\u0131kmamalar\u0131 i\u00e7in &#8216;evde kal&#8217; \u00e7a\u011fr\u0131s\u0131n\u0131 hat\u0131rlatarak, \u0130\u00e7i\u015fleri Bakanl\u0131\u011f\u0131n\u0131n son genelgesiyle k\u0131s\u0131tlanmas\u0131na ra\u011fmen sahilde gezen, parklarda oturan ve bal\u0131k tutan vatanda\u015flar\u0131 anonslarla uyard\u0131.\u00a0<\/span><\/p>\n<p>\u0130l\u00e7e genelindeki cadde, sokak, sahil ve park alanlar\u0131nda dola\u015fan, bal\u0131k tutan ve d\u0131\u015far\u0131ya \u00e7\u0131k\u0131lmamas\u0131 y\u00f6n\u00fcnde yap\u0131lan uyar\u0131lara ra\u011fmen toplumsal alanlarda keyfi olarak bulunan vatanda\u015flara Erdemli Belediyesi Zab\u0131ta M\u00fcd\u00fcrl\u00fc\u011f\u00fcne ba\u011fl\u0131 ekipler uyar\u0131larda bulundu. D\u00fcnyay\u0131 etkisi alt\u0131na alan korona vir\u00fcs salg\u0131n\u0131 sonras\u0131 al\u0131nan tedbirler kapsam\u0131nda il\u00e7edeki dezenfekte \u00e7al\u0131\u015fmalar\u0131n\u0131 periyodik olarak s\u00fcrd\u00fcren Erdemli Belediyesi, mecbur kalmad\u0131k\u00e7a d\u0131\u015far\u0131ya \u00e7\u0131k\u0131lmamas\u0131 y\u00f6n\u00fcnde &#8216;evde kal&#8217; uyar\u0131lar\u0131na devam etti. Zab\u0131ta ekipleri, \u201c\u0130\u00e7i\u015fleri Bakanl\u0131\u011f\u0131m\u0131z\u0131n genelgesine g\u00f6re hafta sonu sahillerde, parklarda y\u00fcr\u00fcy\u00fc\u015f yapmak, oturmak, bal\u0131k avlamak, piknik yapmak ve bu t\u00fcr aktiviteler yasaklanm\u0131\u015ft\u0131r. Sa\u011fl\u0131\u011f\u0131m\u0131z i\u00e7in \u2018evde kal\u2019 diyoruz. L\u00fctfen hem kendi sa\u011fl\u0131\u011f\u0131n\u0131z hem de sevdikleriniz i\u00e7in evlerinize d\u00f6n\u00fcn, kendinize ve \u00e7evrenizdekilere zarar vermeyin\u201d anonsu yapt\u0131.\u00a0<br \/>\nSahilde spor ama\u00e7l\u0131 y\u00fcr\u00fcy\u00fc\u015f yapan ve parklarda vakit ge\u00e7iren vatanda\u015flar\u0131n da yanlar\u0131na kadar giderek bizzat uyar\u0131larda bulunan zab\u0131ta ekipleri, vatanda\u015flar\u0131n evlerinde kalmalar\u0131n\u0131n \u00f6nemi hakk\u0131nda da bilgilendirmede bulundu.\u00a0<\/p>\n","protected":false},"excerpt":{"rendered":"<p>Erdemli Belediyesi zab\u0131ta ekipleri, d\u00fcnyay\u0131 etkisi alt\u0131na alan korona vir\u00fcs salg\u0131n\u0131 nedeniyle Sa\u011fl\u0131k Bakanl\u0131\u011f\u0131n\u0131n vatanda\u015flara mecbur kal\u0131nmad\u0131k\u00e7a d\u0131\u015far\u0131ya \u00e7\u0131kmamalar\u0131 i\u00e7in &#8216;evde kal&#8217; \u00e7a\u011fr\u0131s\u0131n\u0131 hat\u0131rlatarak, \u0130\u00e7i\u015fleri Bakanl\u0131\u011f\u0131n\u0131n son genelgesiyle k\u0131s\u0131tlanmas\u0131na ra\u011fmen &hellip; <a href=\"https:\/\/mersinekonomipolitikagazetesi.com\/?p=6351\" class=\"more-link\">Devam\u0131n\u0131 Oku&#8230;<\/a><\/p>\n","protected":false},"author":1,"featured_media":0,"comment_status":"open","ping_status":"open","sticky":false,"template":"","format":"standard","meta":[],"categories":[],"tags":[],"_links":{"self":[{"href":"https:\/\/mersinekonomipolitikagazetesi.com\/index.php?rest_route=\/wp\/v2\/posts\/6351"}],"collection":[{"href":"https:\/\/mersinekonomipolitikagazetesi.com\/index.php?rest_route=\/wp\/v2\/posts"}],"about":[{"href":"https:\/\/mersinekonomipolitikagazetesi.com\/index.php?rest_route=\/wp\/v2\/types\/post"}],"author":[{"embeddable":true,"href":"https:\/\/mersinekonomipolitikagazetesi.com\/index.php?rest_route=\/wp\/v2\/users\/1"}],"replies":[{"embeddable":true,"href":"https:\/\/mersinekonomipolitikagazetesi.com\/index.php?rest_route=%2Fwp%2Fv2%2Fcomments&post=6351"}],"version-history":[{"count":0,"href":"https:\/\/mersinekonomipolitikagazetesi.com\/index.php?rest_route=\/wp\/v2\/posts\/6351\/revisions"}],"wp:attachment":[{"href":"https:\/\/mersinekonomipolitikagazetesi.com\/index.php?rest_route=%2Fwp%2Fv2%2Fmedia&parent=6351"}],"wp:term":[{"taxonomy":"category","embeddable":true,"href":"https:\/\/mersinekonomipolitikagazetesi.com\/index.php?rest_route=%2Fwp%2Fv2%2Fcategories&post=6351"},{"taxonomy":"post_tag","embeddable":true,"href":"https:\/\/mersinekonomipolitikagazetesi.com\/index.php?rest_route=%2Fwp%2Fv2%2Ftags&post=6351"}],"curies":[{"name":"wp","href":"https:\/\/api.w.org\/{rel}","templated":true}]}}