{"id":6352,"date":"2020-11-04T18:26:52","date_gmt":"2020-11-04T15:26:52","guid":{"rendered":"http:\/\/mersinekonomipolitikagazetesi.com\/?p=6352"},"modified":"2020-11-04T18:26:52","modified_gmt":"2020-11-04T15:26:52","slug":"mersin-emniyetinden-evde-kalan-vatandaslara-videolu-tesekkur","status":"publish","type":"post","link":"https:\/\/mersinekonomipolitikagazetesi.com\/?p=6352","title":{"rendered":"Mersin Emniyeti&#8217;nden evde kalan vatanda\u015flara videolu te\u015fekk\u00fcr"},"content":{"rendered":"<p><span style=\"line-height: 1.6em;\">Mersin Emniyet M\u00fcd\u00fcrl\u00fc\u011f\u00fc, korona vir\u00fcs tedbirleri kapsam\u0131nda &#8216;evde kal&#8217; \u00e7a\u011fr\u0131lar\u0131na uyup hafta sonu d\u0131\u015far\u0131ya \u00e7\u0131kmayan vatanda\u015flara drone ile \u00e7ekilmi\u015f bo\u015f sokaklar\u0131n g\u00f6r\u00fcnt\u00fclerini sosyal medya hesab\u0131ndan payla\u015farak te\u015fekk\u00fcr etti.\u00a0<\/span><\/p>\n<p>Mersinliler, t\u00fcm d\u00fcnyay\u0131 etkisi alt\u0131na al\u0131na korona vir\u00fcs salg\u0131n\u0131na kar\u015f\u0131 &#8216;evde kal&#8217; \u00e7a\u011fr\u0131lar\u0131na uyarak hafta sonunda d\u0131\u015far\u0131 \u00e7\u0131kmad\u0131. Mersin Emniyet M\u00fcd\u00fcrl\u00fc\u011f\u00fc de \u015fehrin bir\u00e7ok noktas\u0131ndan drone ile g\u00f6r\u00fcnt\u00fc \u00e7ekerek, bo\u015f sokak ve caddeleri kaydetti. G\u00f6r\u00fcnt\u00fcleri sosyal medya hesab\u0131ndan payla\u015fan Mersin Emniyet M\u00fcd\u00fcrl\u00fc\u011f\u00fc, &#8216;evde kal&#8217; \u00e7a\u011fr\u0131lar\u0131na uyan Mersinlilere te\u015fekk\u00fcr etti.\u00a0<\/p>\n","protected":false},"excerpt":{"rendered":"<p>Mersin Emniyet M\u00fcd\u00fcrl\u00fc\u011f\u00fc, korona vir\u00fcs tedbirleri kapsam\u0131nda &#8216;evde kal&#8217; \u00e7a\u011fr\u0131lar\u0131na uyup hafta sonu d\u0131\u015far\u0131ya \u00e7\u0131kmayan vatanda\u015flara drone ile \u00e7ekilmi\u015f bo\u015f sokaklar\u0131n g\u00f6r\u00fcnt\u00fclerini sosyal medya hesab\u0131ndan payla\u015farak te\u015fekk\u00fcr etti.\u00a0 Mersinliler, t\u00fcm &hellip; <a href=\"https:\/\/mersinekonomipolitikagazetesi.com\/?p=6352\" class=\"more-link\">Devam\u0131n\u0131 Oku&#8230;<\/a><\/p>\n","protected":false},"author":1,"featured_media":0,"comment_status":"open","ping_status":"open","sticky":false,"template":"","format":"standard","meta":[],"categories":[],"tags":[],"_links":{"self":[{"href":"https:\/\/mersinekonomipolitikagazetesi.com\/index.php?rest_route=\/wp\/v2\/posts\/6352"}],"collection":[{"href":"https:\/\/mersinekonomipolitikagazetesi.com\/index.php?rest_route=\/wp\/v2\/posts"}],"about":[{"href":"https:\/\/mersinekonomipolitikagazetesi.com\/index.php?rest_route=\/wp\/v2\/types\/post"}],"author":[{"embeddable":true,"href":"https:\/\/mersinekonomipolitikagazetesi.com\/index.php?rest_route=\/wp\/v2\/users\/1"}],"replies":[{"embeddable":true,"href":"https:\/\/mersinekonomipolitikagazetesi.com\/index.php?rest_route=%2Fwp%2Fv2%2Fcomments&post=6352"}],"version-history":[{"count":0,"href":"https:\/\/mersinekonomipolitikagazetesi.com\/index.php?rest_route=\/wp\/v2\/posts\/6352\/revisions"}],"wp:attachment":[{"href":"https:\/\/mersinekonomipolitikagazetesi.com\/index.php?rest_route=%2Fwp%2Fv2%2Fmedia&parent=6352"}],"wp:term":[{"taxonomy":"category","embeddable":true,"href":"https:\/\/mersinekonomipolitikagazetesi.com\/index.php?rest_route=%2Fwp%2Fv2%2Fcategories&post=6352"},{"taxonomy":"post_tag","embeddable":true,"href":"https:\/\/mersinekonomipolitikagazetesi.com\/index.php?rest_route=%2Fwp%2Fv2%2Ftags&post=6352"}],"curies":[{"name":"wp","href":"https:\/\/api.w.org\/{rel}","templated":true}]}}