{"id":6354,"date":"2020-11-04T18:26:52","date_gmt":"2020-11-04T15:26:52","guid":{"rendered":"http:\/\/mersinekonomipolitikagazetesi.com\/?p=6354"},"modified":"2020-11-04T18:26:52","modified_gmt":"2020-11-04T15:26:52","slug":"erdemlide-pazar-yerleri-dezenfekte-edildi","status":"publish","type":"post","link":"https:\/\/mersinekonomipolitikagazetesi.com\/?p=6354","title":{"rendered":"Erdemli\u2019de pazar yerleri dezenfekte edildi"},"content":{"rendered":"<p>Erdemli Belediyesi, koronavir\u00fcs salg\u0131n\u0131na kar\u015f\u0131 il\u00e7edeki pazar yerlerini dezenfekte etti. Belediye Ba\u015fkan\u0131 M\u00fckerrem Tollu, vatanda\u015flar\u0131n pazar al\u0131\u015fveri\u015flerini daha sa\u011fl\u0131kl\u0131, hijyenik ve g\u00fcvenli ortamda yapmalar\u0131 i\u00e7in pazar yerlerini periyodik olarak dezenfekte ettiklerini s\u00f6yledi.\u00a0<br \/>\n\u00a0 Erdemli Belediyesinden yap\u0131lan a\u00e7\u0131klamaya g\u00f6re, koronavir\u00fcsle (COVID-19) m\u00fccadele \u00e7al\u0131\u015fmalar\u0131 kapsam\u0131nda kapal\u0131 pazar yerlerinin dezenfekte i\u015flemleri ger\u00e7ekle\u015ftirildi. Erdemli Belediyesi Temizlik \u0130\u015fleri M\u00fcd\u00fcrl\u00fc\u011f\u00fc ekipleri, hijyenik sol\u00fcsyonla pazar yerlerinin temizli\u011fini yaparken, il\u00e7e genelinde cadde, sokaklar, parklar, otob\u00fcs duraklar\u0131, vatanda\u015flar\u0131n direkt etkile\u015fim i\u00e7erisine girdikleri her noktada periyodik olarak dezenfekte i\u015flemini s\u00fcrd\u00fcr\u00fcyor.\u00a0<br \/>\n\u00a0<br \/>\n\u00a0 \u201cBu vir\u00fcs belas\u0131n\u0131 el birli\u011fi ile a\u015faca\u011f\u0131z\u201d\u00a0<br \/>\n\u00a0 Ba\u015fkan Tollu, yapt\u0131\u011f\u0131 a\u00e7\u0131klamada, vatanda\u015flar\u0131n sa\u011fl\u0131\u011f\u0131n\u0131n korunmas\u0131na y\u00f6nelik tedbirleri \u00fcst seviyede tuttuklar\u0131n\u0131 belirterek, &#8220;Hem\u015fehrilerimizin pazar al\u0131\u015fveri\u015flerini daha sa\u011fl\u0131kl\u0131, hijyenik ve g\u00fcvenli ortamda yapmalar\u0131 i\u00e7in pazar yerlerinde periyodik olarak dezenfekte \u00e7al\u0131\u015fmalar\u0131m\u0131z\u0131 ger\u00e7ekle\u015ftiriyoruz. Bu s\u00fcreci \u00e7ok dikkatli ve hijyen kurallar\u0131na uygun halde ge\u00e7irelim istiyoruz. Bu vesileyle de gece g\u00fcnd\u00fcz toplumun sa\u011fl\u0131\u011f\u0131 i\u00e7in mesai harcayan personellerime te\u015fekk\u00fcrlerimi iletiyorum. Amac\u0131m\u0131z, Erdemlimizde topyekun \u00f6nlem alarak tamamen hijyenik ko\u015fullarda bir Erdemli sa\u011flamakt\u0131r. Salg\u0131n\u0131n k\u00fcresel, m\u00fccadelenin ulusal oldu\u011funu unutmayal\u0131m. Bu sorunu da yine el birli\u011fi i\u00e7inde hep birlikte a\u015faca\u011f\u0131z\u2019\u2019 dedi.\u00a0<br \/>\n\u00a0 \u00d6te yandan, belediye taraf\u0131ndan vatanda\u015flar\u0131n yo\u011fun olarak kulland\u0131\u011f\u0131 alanlara el dezenfektan kutular\u0131 yerle\u015ftirilirken, cadde ve sokaklarda gezen belediye ve zab\u0131ta ekipleri de anonslarla vatanda\u015flara hijyen ve k\u0131s\u0131tlamalar konusunda uyar\u0131lar\u0131n\u0131 s\u00fcrd\u00fcr\u00fcp, &#8220;evde kal&#8221; \u00e7a\u011fr\u0131s\u0131 yap\u0131yor.\u00a0<\/p>\n","protected":false},"excerpt":{"rendered":"<p>Erdemli Belediyesi, koronavir\u00fcs salg\u0131n\u0131na kar\u015f\u0131 il\u00e7edeki pazar yerlerini dezenfekte etti. Belediye Ba\u015fkan\u0131 M\u00fckerrem Tollu, vatanda\u015flar\u0131n pazar al\u0131\u015fveri\u015flerini daha sa\u011fl\u0131kl\u0131, hijyenik ve g\u00fcvenli ortamda yapmalar\u0131 i\u00e7in pazar yerlerini periyodik olarak dezenfekte &hellip; <a href=\"https:\/\/mersinekonomipolitikagazetesi.com\/?p=6354\" class=\"more-link\">Devam\u0131n\u0131 Oku&#8230;<\/a><\/p>\n","protected":false},"author":1,"featured_media":0,"comment_status":"open","ping_status":"open","sticky":false,"template":"","format":"standard","meta":[],"categories":[],"tags":[],"_links":{"self":[{"href":"https:\/\/mersinekonomipolitikagazetesi.com\/index.php?rest_route=\/wp\/v2\/posts\/6354"}],"collection":[{"href":"https:\/\/mersinekonomipolitikagazetesi.com\/index.php?rest_route=\/wp\/v2\/posts"}],"about":[{"href":"https:\/\/mersinekonomipolitikagazetesi.com\/index.php?rest_route=\/wp\/v2\/types\/post"}],"author":[{"embeddable":true,"href":"https:\/\/mersinekonomipolitikagazetesi.com\/index.php?rest_route=\/wp\/v2\/users\/1"}],"replies":[{"embeddable":true,"href":"https:\/\/mersinekonomipolitikagazetesi.com\/index.php?rest_route=%2Fwp%2Fv2%2Fcomments&post=6354"}],"version-history":[{"count":0,"href":"https:\/\/mersinekonomipolitikagazetesi.com\/index.php?rest_route=\/wp\/v2\/posts\/6354\/revisions"}],"wp:attachment":[{"href":"https:\/\/mersinekonomipolitikagazetesi.com\/index.php?rest_route=%2Fwp%2Fv2%2Fmedia&parent=6354"}],"wp:term":[{"taxonomy":"category","embeddable":true,"href":"https:\/\/mersinekonomipolitikagazetesi.com\/index.php?rest_route=%2Fwp%2Fv2%2Fcategories&post=6354"},{"taxonomy":"post_tag","embeddable":true,"href":"https:\/\/mersinekonomipolitikagazetesi.com\/index.php?rest_route=%2Fwp%2Fv2%2Ftags&post=6354"}],"curies":[{"name":"wp","href":"https:\/\/api.w.org\/{rel}","templated":true}]}}