{"id":6355,"date":"2020-11-04T18:26:52","date_gmt":"2020-11-04T15:26:52","guid":{"rendered":"http:\/\/mersinekonomipolitikagazetesi.com\/?p=6355"},"modified":"2020-11-04T18:26:52","modified_gmt":"2020-11-04T15:26:52","slug":"gulnarli-kadinlar-maske-uretiyor","status":"publish","type":"post","link":"https:\/\/mersinekonomipolitikagazetesi.com\/?p=6355","title":{"rendered":"G\u00fclnarl\u0131 kad\u0131nlar maske \u00fcretiyor"},"content":{"rendered":"<p>Mersin&#8217;in G\u00fclnar il\u00e7esinde Halk E\u011fitim Merkezindeki kad\u0131nlar, korona vir\u00fcsle m\u00fccadele kapsam\u0131nda t\u0131bbi maske \u00fcretimine ba\u015flad\u0131.\u00a0 \u00a0<br \/>\n\u00a0 Kaymakam Mustafa Ayvat ve Belediye Ba\u015fkan\u0131 Alpaslan \u00dcn\u00fcvar, belediyece finanse edilen ve kaymakaml\u0131k himayelerinde G\u00fclnar K\u00fclt\u00fcr Merkezinde y\u00fcr\u00fct\u00fclen \u00e7al\u0131\u015fmalar kapsam\u0131nda, maske \u00fcretimi yapan kad\u0131nlar\u0131 ziyaret etti. 11 ki\u015filik kad\u0131n usta \u00f6\u011fretici taraf\u0131ndan y\u00fcr\u00fct\u00fclen \u00e7al\u0131\u015fmalara ili\u015fkin bilgi veren G\u00fclnar Belediye Ba\u015fkan\u0131 Alpaslan \u00dcn\u00fcvar, &#8220;Devletimize destek olmak amac\u0131yla ilk etapta 50 bin adet \u00fcretilecek olan maskeleri, \u00fccretsiz olarak korona vir\u00fcsle m\u00fccadele eden kamu \u00e7al\u0131\u015fanlar\u0131m\u0131za da\u011f\u0131taca\u011f\u0131z. Bu say\u0131 ihtiya\u00e7 durumuma g\u00f6re artt\u0131r\u0131lacakt\u0131r. Bu i\u015fe g\u00f6n\u00fcll\u00fc olarak elini ta\u015f\u0131n alt\u0131na koyan fedakar kad\u0131nlar\u0131m\u0131za \u015f\u00fckranlar\u0131m\u0131 sunuyorum\u201d dedi.\u00a0<br \/>\n\u00a0 \u00dcretilen t\u0131bbi maskelerin, il\u00e7edeki Devlet Hastanesi, Toplum Sa\u011fl\u0131\u011f\u0131 ve Aile Sa\u011fl\u0131\u011f\u0131 Merkezleri ba\u015fta olmak \u00fczere kamu \u00e7al\u0131\u015fanlar\u0131na \u00fccretsiz da\u011f\u0131t\u0131laca\u011f\u0131 bildirildi.\u00a0<\/p>\n","protected":false},"excerpt":{"rendered":"<p>Mersin&#8217;in G\u00fclnar il\u00e7esinde Halk E\u011fitim Merkezindeki kad\u0131nlar, korona vir\u00fcsle m\u00fccadele kapsam\u0131nda t\u0131bbi maske \u00fcretimine ba\u015flad\u0131.\u00a0 \u00a0 \u00a0 Kaymakam Mustafa Ayvat ve Belediye Ba\u015fkan\u0131 Alpaslan \u00dcn\u00fcvar, belediyece finanse edilen ve kaymakaml\u0131k &hellip; <a href=\"https:\/\/mersinekonomipolitikagazetesi.com\/?p=6355\" class=\"more-link\">Devam\u0131n\u0131 Oku&#8230;<\/a><\/p>\n","protected":false},"author":1,"featured_media":0,"comment_status":"open","ping_status":"open","sticky":false,"template":"","format":"standard","meta":[],"categories":[],"tags":[],"_links":{"self":[{"href":"https:\/\/mersinekonomipolitikagazetesi.com\/index.php?rest_route=\/wp\/v2\/posts\/6355"}],"collection":[{"href":"https:\/\/mersinekonomipolitikagazetesi.com\/index.php?rest_route=\/wp\/v2\/posts"}],"about":[{"href":"https:\/\/mersinekonomipolitikagazetesi.com\/index.php?rest_route=\/wp\/v2\/types\/post"}],"author":[{"embeddable":true,"href":"https:\/\/mersinekonomipolitikagazetesi.com\/index.php?rest_route=\/wp\/v2\/users\/1"}],"replies":[{"embeddable":true,"href":"https:\/\/mersinekonomipolitikagazetesi.com\/index.php?rest_route=%2Fwp%2Fv2%2Fcomments&post=6355"}],"version-history":[{"count":0,"href":"https:\/\/mersinekonomipolitikagazetesi.com\/index.php?rest_route=\/wp\/v2\/posts\/6355\/revisions"}],"wp:attachment":[{"href":"https:\/\/mersinekonomipolitikagazetesi.com\/index.php?rest_route=%2Fwp%2Fv2%2Fmedia&parent=6355"}],"wp:term":[{"taxonomy":"category","embeddable":true,"href":"https:\/\/mersinekonomipolitikagazetesi.com\/index.php?rest_route=%2Fwp%2Fv2%2Fcategories&post=6355"},{"taxonomy":"post_tag","embeddable":true,"href":"https:\/\/mersinekonomipolitikagazetesi.com\/index.php?rest_route=%2Fwp%2Fv2%2Ftags&post=6355"}],"curies":[{"name":"wp","href":"https:\/\/api.w.org\/{rel}","templated":true}]}}